{"id":74764,"date":"2026-04-26T23:10:13","date_gmt":"2026-04-26T21:10:13","guid":{"rendered":"https:\/\/www.entrepriseetdecouverte.fr\/espace-pro\/?p=74764"},"modified":"2026-04-26T23:50:54","modified_gmt":"2026-04-26T21:50:54","slug":"entreprise-et-decouverte-lance-les-rencontres-metiers","status":"publish","type":"post","link":"https:\/\/www.entrepriseetdecouverte.fr\/espace-pro\/2026\/04\/26\/entreprise-et-decouverte-lance-les-rencontres-metiers\/","title":{"rendered":"Entreprise et D\u00e9couverte lance les Rencontres M\u00e9tiers"},"content":{"rendered":"\n<div class=\"wp-block-image is-style-rounded\"><figure class=\"aligncenter size-medium\"><img loading=\"lazy\" width=\"600\" height=\"400\" data-src=\"https:\/\/www.entrepriseetdecouverte.fr\/espace-pro\/wp-content\/uploads\/sites\/2\/2026\/04\/edf-600x400.jpg\" alt=\"\" class=\"wp-image-74774\" data-srcset=\"https:\/\/www.entrepriseetdecouverte.fr\/espace-pro\/wp-content\/uploads\/sites\/2\/2026\/04\/edf-600x400.jpg 600w, https:\/\/www.entrepriseetdecouverte.fr\/espace-pro\/wp-content\/uploads\/sites\/2\/2026\/04\/edf-900x599.jpg 900w, https:\/\/www.entrepriseetdecouverte.fr\/espace-pro\/wp-content\/uploads\/sites\/2\/2026\/04\/edf-200x133.jpg 200w, https:\/\/www.entrepriseetdecouverte.fr\/espace-pro\/wp-content\/uploads\/sites\/2\/2026\/04\/edf-90x60.jpg 90w, https:\/\/www.entrepriseetdecouverte.fr\/espace-pro\/wp-content\/uploads\/sites\/2\/2026\/04\/edf.jpg 1024w\" sizes=\"(max-width: 600px) 100vw, 600px\" \/><\/figure><\/div>\n\n\n\n<h3>Un levier encore sous-exploit\u00e9 pour r\u00e9pondre aux enjeux d\u2019attractivit\u00e9<\/h3>\n\n\n\n<p class=\"is-style-normal\">Un diagnostic national men\u00e9 en 2023 par Entreprise et D\u00e9couverte, en lien avec la Direction G\u00e9n\u00e9rale des Entreprises (DGE), met en \u00e9vidence un paradoxe :<br><strong>seulement 30 % des entreprises accueillent aujourd\u2019hui des jeunes et des demandeurs d\u2019emploi<\/strong>, alors m\u00eame que <strong>70 % souhaitent s\u2019engager dans cette d\u00e9marche<\/strong>, \u00e0 condition d\u2019\u00eatre accompagn\u00e9es.<\/p>\n\n\n\n<p class=\"is-style-normal\">Dans un contexte de tensions de recrutement et de mutations des m\u00e9tiers, la visite d\u2019entreprise appara\u00eet comme un outil concret pour : faire d\u00e9couvrir les r\u00e9alit\u00e9s professionnelles, susciter des vocations et faciliter les parcours d\u2019orientation et de reconversion.<\/p>\n\n\n\n<figure class=\"wp-block-gallery alignwide columns-3 is-cropped\"><ul class=\"blocks-gallery-grid\"><li class=\"blocks-gallery-item\"><figure><img loading=\"lazy\" width=\"1200\" height=\"900\" data-src=\"https:\/\/www.entrepriseetdecouverte.fr\/espace-pro\/wp-content\/uploads\/sites\/2\/2026\/03\/20240528_103724-1200x900.jpg\" alt=\"\" data-id=\"74184\" data-full-url=\"https:\/\/www.entrepriseetdecouverte.fr\/espace-pro\/wp-content\/uploads\/sites\/2\/2026\/03\/20240528_103724.jpg\" data-link=\"https:\/\/www.entrepriseetdecouverte.fr\/espace-pro\/2026\/03\/26\/references-provence-alpes-cote-azur\/20240528_103724\/\" class=\"wp-image-74184\" data-srcset=\"https:\/\/www.entrepriseetdecouverte.fr\/espace-pro\/wp-content\/uploads\/sites\/2\/2026\/03\/20240528_103724-1200x900.jpg 1200w, https:\/\/www.entrepriseetdecouverte.fr\/espace-pro\/wp-content\/uploads\/sites\/2\/2026\/03\/20240528_103724-600x450.jpg 600w, https:\/\/www.entrepriseetdecouverte.fr\/espace-pro\/wp-content\/uploads\/sites\/2\/2026\/03\/20240528_103724-900x675.jpg 900w, https:\/\/www.entrepriseetdecouverte.fr\/espace-pro\/wp-content\/uploads\/sites\/2\/2026\/03\/20240528_103724-1536x1152.jpg 1536w, https:\/\/www.entrepriseetdecouverte.fr\/espace-pro\/wp-content\/uploads\/sites\/2\/2026\/03\/20240528_103724-200x150.jpg 200w, https:\/\/www.entrepriseetdecouverte.fr\/espace-pro\/wp-content\/uploads\/sites\/2\/2026\/03\/20240528_103724-80x60.jpg 80w, https:\/\/www.entrepriseetdecouverte.fr\/espace-pro\/wp-content\/uploads\/sites\/2\/2026\/03\/20240528_103724.jpg 2048w\" sizes=\"(max-width: 1200px) 100vw, 1200px\" \/><\/figure><\/li><li class=\"blocks-gallery-item\"><figure><img loading=\"lazy\" width=\"1000\" height=\"667\" data-src=\"https:\/\/www.entrepriseetdecouverte.fr\/espace-pro\/wp-content\/uploads\/sites\/2\/2025\/01\/arc_2025.3.jpg\" alt=\"\" data-id=\"70092\" data-full-url=\"https:\/\/www.entrepriseetdecouverte.fr\/espace-pro\/wp-content\/uploads\/sites\/2\/2025\/01\/arc_2025.3.jpg\" data-link=\"https:\/\/www.entrepriseetdecouverte.fr\/espace-pro\/2025\/01\/15\/in-situ-%f0%9f%8e%a5-5eme-edition-chez-le-geant-verrier-arc\/arc_2025-3\/\" class=\"wp-image-70092\" data-srcset=\"https:\/\/www.entrepriseetdecouverte.fr\/espace-pro\/wp-content\/uploads\/sites\/2\/2025\/01\/arc_2025.3.jpg 1000w, https:\/\/www.entrepriseetdecouverte.fr\/espace-pro\/wp-content\/uploads\/sites\/2\/2025\/01\/arc_2025.3-600x400.jpg 600w, https:\/\/www.entrepriseetdecouverte.fr\/espace-pro\/wp-content\/uploads\/sites\/2\/2025\/01\/arc_2025.3-900x600.jpg 900w, https:\/\/www.entrepriseetdecouverte.fr\/espace-pro\/wp-content\/uploads\/sites\/2\/2025\/01\/arc_2025.3-200x133.jpg 200w, https:\/\/www.entrepriseetdecouverte.fr\/espace-pro\/wp-content\/uploads\/sites\/2\/2025\/01\/arc_2025.3-90x60.jpg 90w\" sizes=\"(max-width: 1000px) 100vw, 1000px\" \/><\/figure><\/li><li class=\"blocks-gallery-item\"><figure><img loading=\"lazy\" width=\"995\" height=\"538\" data-src=\"https:\/\/www.entrepriseetdecouverte.fr\/espace-pro\/wp-content\/uploads\/sites\/2\/2026\/03\/capture-decran-2024-02-23-145351-1.jpg\" alt=\"\" data-id=\"73878\" data-full-url=\"https:\/\/www.entrepriseetdecouverte.fr\/espace-pro\/wp-content\/uploads\/sites\/2\/2026\/03\/capture-decran-2024-02-23-145351-1.jpg\" data-link=\"https:\/\/www.entrepriseetdecouverte.fr\/espace-pro\/2026\/03\/02\/made-in-valenciennes-le-succes-dun-evenement-de-la-visite-dentreprise-local\/capture-decran-2024-02-23-145351-1\/\" class=\"wp-image-73878\" data-srcset=\"https:\/\/www.entrepriseetdecouverte.fr\/espace-pro\/wp-content\/uploads\/sites\/2\/2026\/03\/capture-decran-2024-02-23-145351-1.jpg 995w, https:\/\/www.entrepriseetdecouverte.fr\/espace-pro\/wp-content\/uploads\/sites\/2\/2026\/03\/capture-decran-2024-02-23-145351-1-600x324.jpg 600w, https:\/\/www.entrepriseetdecouverte.fr\/espace-pro\/wp-content\/uploads\/sites\/2\/2026\/03\/capture-decran-2024-02-23-145351-1-900x487.jpg 900w, https:\/\/www.entrepriseetdecouverte.fr\/espace-pro\/wp-content\/uploads\/sites\/2\/2026\/03\/capture-decran-2024-02-23-145351-1-200x108.jpg 200w, https:\/\/www.entrepriseetdecouverte.fr\/espace-pro\/wp-content\/uploads\/sites\/2\/2026\/03\/capture-decran-2024-02-23-145351-1-111x60.jpg 111w\" sizes=\"(max-width: 995px) 100vw, 995px\" \/><\/figure><\/li><\/ul><\/figure>\n\n\n\n<p class=\"is-style-normal\" style=\"font-size:10px\"><em>\u00a9Arcelor Mittal \/ ARC \/ Port Center de Dunkerque<\/em><\/p>\n\n\n\n<h3>Les Rencontres M\u00e9tiers : un dispositif \u00e9prouv\u00e9 au service des publics<\/h3>\n\n\n\n<p class=\"is-style-normal\">Pour r\u00e9pondre \u00e0 ces enjeux, Entreprise et D\u00e9couverte structure et d\u00e9ploie \u00e0 l\u2019\u00e9chelle nationale son dispositif <strong>Les Rencontres M\u00e9tiers<\/strong>, d\u00e9velopp\u00e9 et exp\u00e9riment\u00e9 depuis plus de 10 ans.<\/p>\n\n\n\n<p class=\"is-style-normal\">Ce dispositif s\u2019adresse prioritairement \u00e0 deux publics : les jeunes, dans leur parcours d\u2019orientation ; les demandeurs d\u2019emploi, dans une logique de reconversion ou de retour \u00e0 l\u2019emploi.<\/p>\n\n\n\n<p class=\"is-style-normal\">Avec les Rencontres M\u00e9tiers, Entreprise et D\u00e9couverte porte <strong>une ambition claire :<\/strong> <strong>cr\u00e9er une communaut\u00e9 d\u2019entreprises engag\u00e9es<\/strong>, proposant des visites m\u00e9tiers qualifi\u00e9es, accessibles partout en France. Cette d\u00e9marche s\u2019incarne dans le d\u00e9veloppement en cours de la marque <strong>Entreprise et D\u00e9couverte M\u00e9tiers\u00ae<\/strong>, gage de qualit\u00e9 et de structuration de l\u2019offre.<\/p>\n\n\n\n<h3>Une dynamique collective avec des partenaires nationaux<\/h3>\n\n\n\n<div class=\"wp-block-media-text alignwide is-stacked-on-mobile is-image-fill\"><figure class=\"wp-block-media-text__media\" style=\"background-image:url(https:\/\/www.entrepriseetdecouverte.fr\/espace-pro\/wp-content\/uploads\/sites\/2\/2026\/04\/whatsapp-image-2026-03-24-at-11.26.34-3-900x1200.jpeg);background-position:50% 50%\"><img loading=\"lazy\" width=\"900\" height=\"1200\" data-src=\"https:\/\/www.entrepriseetdecouverte.fr\/espace-pro\/wp-content\/uploads\/sites\/2\/2026\/04\/whatsapp-image-2026-03-24-at-11.26.34-3-900x1200.jpeg\" alt=\"\" class=\"wp-image-74808 size-full\" data-srcset=\"https:\/\/www.entrepriseetdecouverte.fr\/espace-pro\/wp-content\/uploads\/sites\/2\/2026\/04\/whatsapp-image-2026-03-24-at-11.26.34-3-900x1200.jpeg 900w, https:\/\/www.entrepriseetdecouverte.fr\/espace-pro\/wp-content\/uploads\/sites\/2\/2026\/04\/whatsapp-image-2026-03-24-at-11.26.34-3-450x600.jpeg 450w, https:\/\/www.entrepriseetdecouverte.fr\/espace-pro\/wp-content\/uploads\/sites\/2\/2026\/04\/whatsapp-image-2026-03-24-at-11.26.34-3-675x900.jpeg 675w, https:\/\/www.entrepriseetdecouverte.fr\/espace-pro\/wp-content\/uploads\/sites\/2\/2026\/04\/whatsapp-image-2026-03-24-at-11.26.34-3-1152x1536.jpeg 1152w, https:\/\/www.entrepriseetdecouverte.fr\/espace-pro\/wp-content\/uploads\/sites\/2\/2026\/04\/whatsapp-image-2026-03-24-at-11.26.34-3-200x267.jpeg 200w, https:\/\/www.entrepriseetdecouverte.fr\/espace-pro\/wp-content\/uploads\/sites\/2\/2026\/04\/whatsapp-image-2026-03-24-at-11.26.34-3-45x60.jpeg 45w, https:\/\/www.entrepriseetdecouverte.fr\/espace-pro\/wp-content\/uploads\/sites\/2\/2026\/04\/whatsapp-image-2026-03-24-at-11.26.34-3.jpeg 1530w\" sizes=\"(max-width: 900px) 100vw, 900px\" \/><\/figure><div class=\"wp-block-media-text__content\">\n<p class=\"is-style-normal has-normal-font-size\"><\/p>\n\n\n\n<p class=\"is-style-normal\">Pour accompagner le d\u00e9ploiement de la marque, Entreprise et D\u00e9couverte s\u2019appuie sur un <strong>comit\u00e9 d\u2019experts nationaux<\/strong>, mobilis\u00e9 pour structurer la d\u00e9marche et garantir son impact.<\/p>\n\n\n\n<p class=\"is-style-normal\">Les partenaires se sont r\u00e9unis au mois de mars, pour une premi\u00e8re r\u00e9union de travail autour du <strong>cahier des charges<\/strong> de la marque Entreprise et D\u00e9couverte M\u00e9tiers\u00ae. <\/p>\n\n\n\n<p class=\"is-style-normal\">Les premi\u00e8res op\u00e9rations pilotes dans les entreprises seront lanc\u00e9es \u00e0 partir de <strong>septembre 2026<\/strong>, dans 2 r\u00e9gions : <\/p>\n\n\n\n<ul><li>Auvergne-Rh\u00f4ne-Alpes<\/li><li>Hauts-de-France<\/li><\/ul>\n\n\n\n<p class=\"is-style-normal\"><\/p>\n<\/div><\/div>\n\n\n\n<h3>Les partenaires des Rencontres M\u00e9tiers<\/h3>\n\n\n\n<div class=\"wp-block-image is-style-default\"><figure class=\"aligncenter size-medium\"><img loading=\"lazy\" width=\"600\" height=\"252\" data-src=\"https:\/\/www.entrepriseetdecouverte.fr\/espace-pro\/wp-content\/uploads\/sites\/2\/2026\/04\/copil-metiers-600x252.png\" alt=\"\" class=\"wp-image-74787\" data-srcset=\"https:\/\/www.entrepriseetdecouverte.fr\/espace-pro\/wp-content\/uploads\/sites\/2\/2026\/04\/copil-metiers-600x252.png 600w, https:\/\/www.entrepriseetdecouverte.fr\/espace-pro\/wp-content\/uploads\/sites\/2\/2026\/04\/copil-metiers-900x378.png 900w, https:\/\/www.entrepriseetdecouverte.fr\/espace-pro\/wp-content\/uploads\/sites\/2\/2026\/04\/copil-metiers-200x84.png 200w, https:\/\/www.entrepriseetdecouverte.fr\/espace-pro\/wp-content\/uploads\/sites\/2\/2026\/04\/copil-metiers-143x60.png 143w, https:\/\/www.entrepriseetdecouverte.fr\/espace-pro\/wp-content\/uploads\/sites\/2\/2026\/04\/copil-metiers.png 910w\" sizes=\"(max-width: 600px) 100vw, 600px\" \/><\/figure><\/div>\n\n\n\n<h3>Vos interlocuteurs sur les Rencontres M\u00e9tiers <\/h3>\n\n\n\n<div class=\"wp-block-columns\">\n<div class=\"wp-block-column\">\n<figure class=\"wp-block-image size-full is-style-default\"><img loading=\"lazy\" width=\"999\" height=\"668\" data-src=\"https:\/\/www.entrepriseetdecouverte.fr\/espace-pro\/wp-content\/uploads\/sites\/2\/2025\/04\/cecile-pierre-2024-edited.jpg\" alt=\"\" class=\"wp-image-70994\" data-srcset=\"https:\/\/www.entrepriseetdecouverte.fr\/espace-pro\/wp-content\/uploads\/sites\/2\/2025\/04\/cecile-pierre-2024-edited.jpg 999w, https:\/\/www.entrepriseetdecouverte.fr\/espace-pro\/wp-content\/uploads\/sites\/2\/2025\/04\/cecile-pierre-2024-edited-600x401.jpg 600w, https:\/\/www.entrepriseetdecouverte.fr\/espace-pro\/wp-content\/uploads\/sites\/2\/2025\/04\/cecile-pierre-2024-edited-900x602.jpg 900w, https:\/\/www.entrepriseetdecouverte.fr\/espace-pro\/wp-content\/uploads\/sites\/2\/2025\/04\/cecile-pierre-2024-edited-200x134.jpg 200w, https:\/\/www.entrepriseetdecouverte.fr\/espace-pro\/wp-content\/uploads\/sites\/2\/2025\/04\/cecile-pierre-2024-edited-90x60.jpg 90w\" sizes=\"(max-width: 999px) 100vw, 999px\" \/><\/figure>\n\n\n\n<p class=\"is-style-normal\"><strong>C\u00e9cile PIERRE<\/strong>, D\u00e9l\u00e9gu\u00e9e G\u00e9n\u00e9rale d&rsquo;Entreprise et D\u00e9couverte<\/p>\n<\/div>\n\n\n\n<div class=\"wp-block-column\">\n<figure class=\"wp-block-image size-full is-style-default\"><img loading=\"lazy\" width=\"995\" height=\"664\" data-src=\"https:\/\/www.entrepriseetdecouverte.fr\/espace-pro\/wp-content\/uploads\/sites\/2\/2025\/04\/valerie-lefranc-2024-edited-1.jpg\" alt=\"\" class=\"wp-image-71000\" data-srcset=\"https:\/\/www.entrepriseetdecouverte.fr\/espace-pro\/wp-content\/uploads\/sites\/2\/2025\/04\/valerie-lefranc-2024-edited-1.jpg 995w, https:\/\/www.entrepriseetdecouverte.fr\/espace-pro\/wp-content\/uploads\/sites\/2\/2025\/04\/valerie-lefranc-2024-edited-1-600x400.jpg 600w, https:\/\/www.entrepriseetdecouverte.fr\/espace-pro\/wp-content\/uploads\/sites\/2\/2025\/04\/valerie-lefranc-2024-edited-1-900x601.jpg 900w, https:\/\/www.entrepriseetdecouverte.fr\/espace-pro\/wp-content\/uploads\/sites\/2\/2025\/04\/valerie-lefranc-2024-edited-1-200x133.jpg 200w, https:\/\/www.entrepriseetdecouverte.fr\/espace-pro\/wp-content\/uploads\/sites\/2\/2025\/04\/valerie-lefranc-2024-edited-1-90x60.jpg 90w\" sizes=\"(max-width: 995px) 100vw, 995px\" \/><\/figure>\n\n\n\n<p class=\"is-style-normal\"><strong>Val\u00e9rie LEFRANC,<\/strong>  D\u00e9l\u00e9gu\u00e9e r\u00e9gionale Hauts-de-France et r\u00e9f\u00e9rente Rencontres M\u00e9tiers  <\/p>\n<\/div>\n<\/div>\n","protected":false},"excerpt":{"rendered":"<p>La visite d\u2019entreprise s\u2019impose aujourd\u2019hui comme un levier cl\u00e9 pour accompagner l\u2019orientation des jeunes, valoriser les m\u00e9tiers et renforcer l\u2019attractivit\u00e9 des fili\u00e8res. Forte de son expertise, Entreprise et D\u00e9couverte lance un nouveau dispositif structurant : les Rencontres M\u00e9tiers.<\/p>\n","protected":false},"author":1160,"featured_media":63572,"comment_status":"open","ping_status":"open","sticky":false,"template":"","format":"standard","meta":{"_relevanssi_hide_post":"","_relevanssi_pin_for_all":"","_relevanssi_pin_keywords":"","_relevanssi_unpin_keywords":"","_relevanssi_related_keywords":"","_relevanssi_related_include_ids":"","_relevanssi_related_exclude_ids":"","_relevanssi_related_no_append":"","_relevanssi_related_not_related":"","_relevanssi_related_posts":"68773,72449,69723,63782,73840,72007","_relevanssi_noindex_reason":""},"categories":[34],"tags":[],"yoast_head":"<!-- This site is optimized with the Yoast SEO plugin v17.4 - https:\/\/yoast.com\/wordpress\/plugins\/seo\/ -->\n<meta name=\"description\" content=\"La visite d\u2019entreprise s\u2019impose aujourd\u2019hui comme un levier cl\u00e9 pour accompagner l\u2019orientation des jeunes, valoriser les m\u00e9tiers et renforcer l\u2019attractivit\u00e9 des fili\u00e8res. Forte de son expertise, Entreprise et D\u00e9couverte lance un nouveau dispositif structurant : les Rencontres M\u00e9tiers.\" \/>\n<meta name=\"robots\" content=\"index, follow, max-snippet:-1, max-image-preview:large, max-video-preview:-1\" \/>\n<link rel=\"canonical\" href=\"https:\/\/www.entrepriseetdecouverte.fr\/espace-pro\/2026\/04\/26\/entreprise-et-decouverte-lance-les-rencontres-metiers\/\" \/>\n<meta property=\"og:locale\" content=\"fr_FR\" \/>\n<meta property=\"og:type\" content=\"article\" \/>\n<meta property=\"og:title\" content=\"Les Rencontres M\u00e9tiers I Entreprise et D\u00e9couverte\" \/>\n<meta property=\"og:description\" content=\"La visite d\u2019entreprise s\u2019impose aujourd\u2019hui comme un levier cl\u00e9 pour accompagner l\u2019orientation des jeunes, valoriser les m\u00e9tiers et renforcer l\u2019attractivit\u00e9 des fili\u00e8res. Forte de son expertise, Entreprise et D\u00e9couverte lance un nouveau dispositif structurant : les Rencontres M\u00e9tiers.\" \/>\n<meta property=\"og:url\" content=\"https:\/\/www.entrepriseetdecouverte.fr\/espace-pro\/2026\/04\/26\/entreprise-et-decouverte-lance-les-rencontres-metiers\/\" \/>\n<meta property=\"og:site_name\" content=\"Espace Pro\" \/>\n<meta property=\"article:published_time\" content=\"2026-04-26T21:10:13+00:00\" \/>\n<meta property=\"article:modified_time\" content=\"2026-04-26T21:50:54+00:00\" \/>\n<meta property=\"og:image\" content=\"https:\/\/www.entrepriseetdecouverte.fr\/espace-pro\/wp-content\/uploads\/sites\/2\/2023\/02\/49802257817_76f4219d16_b-1.jpg\" \/>\n\t<meta property=\"og:image:width\" content=\"1024\" \/>\n\t<meta property=\"og:image:height\" content=\"682\" \/>\n<meta name=\"twitter:card\" content=\"summary_large_image\" \/>\n<meta name=\"twitter:label1\" content=\"\u00c9crit par\" \/>\n\t<meta name=\"twitter:data1\" content=\"Marie\" \/>\n\t<meta name=\"twitter:label2\" content=\"Dur\u00e9e de lecture estim\u00e9e\" \/>\n\t<meta name=\"twitter:data2\" content=\"4 minutes\" \/>\n<script type=\"application\/ld+json\" class=\"yoast-schema-graph\">{\"@context\":\"https:\/\/schema.org\",\"@graph\":[{\"@type\":\"WebSite\",\"@id\":\"https:\/\/www.entrepriseetdecouverte.fr\/espace-pro\/#website\",\"url\":\"https:\/\/www.entrepriseetdecouverte.fr\/espace-pro\/\",\"name\":\"Espace Pro\",\"description\":\"Un site utilisant Entreprise et D\\u00e9couverte Sites\",\"potentialAction\":[{\"@type\":\"SearchAction\",\"target\":{\"@type\":\"EntryPoint\",\"urlTemplate\":\"https:\/\/www.entrepriseetdecouverte.fr\/espace-pro\/?s={search_term_string}\"},\"query-input\":\"required name=search_term_string\"}],\"inLanguage\":\"fr-FR\"},{\"@type\":\"ImageObject\",\"@id\":\"https:\/\/www.entrepriseetdecouverte.fr\/espace-pro\/2026\/04\/26\/entreprise-et-decouverte-lance-les-rencontres-metiers\/#primaryimage\",\"inLanguage\":\"fr-FR\",\"url\":\"https:\/\/www.entrepriseetdecouverte.fr\/espace-pro\/wp-content\/uploads\/sites\/2\/2023\/02\/49802257817_76f4219d16_b-1.jpg\",\"contentUrl\":\"https:\/\/www.entrepriseetdecouverte.fr\/espace-pro\/wp-content\/uploads\/sites\/2\/2023\/02\/49802257817_76f4219d16_b-1.jpg\",\"width\":1024,\"height\":682},{\"@type\":\"WebPage\",\"@id\":\"https:\/\/www.entrepriseetdecouverte.fr\/espace-pro\/2026\/04\/26\/entreprise-et-decouverte-lance-les-rencontres-metiers\/#webpage\",\"url\":\"https:\/\/www.entrepriseetdecouverte.fr\/espace-pro\/2026\/04\/26\/entreprise-et-decouverte-lance-les-rencontres-metiers\/\",\"name\":\"Les Rencontres M\\u00e9tiers I Entreprise et D\\u00e9couverte\",\"isPartOf\":{\"@id\":\"https:\/\/www.entrepriseetdecouverte.fr\/espace-pro\/#website\"},\"primaryImageOfPage\":{\"@id\":\"https:\/\/www.entrepriseetdecouverte.fr\/espace-pro\/2026\/04\/26\/entreprise-et-decouverte-lance-les-rencontres-metiers\/#primaryimage\"},\"datePublished\":\"2026-04-26T21:10:13+00:00\",\"dateModified\":\"2026-04-26T21:50:54+00:00\",\"author\":{\"@id\":\"https:\/\/www.entrepriseetdecouverte.fr\/espace-pro\/#\/schema\/person\/3d44b5b8d54214a33448e027b455cd0f\"},\"description\":\"La visite d\\u2019entreprise s\\u2019impose aujourd\\u2019hui comme un levier cl\\u00e9 pour accompagner l\\u2019orientation des jeunes, valoriser les m\\u00e9tiers et renforcer l\\u2019attractivit\\u00e9 des fili\\u00e8res. Forte de son expertise, Entreprise et D\\u00e9couverte lance un nouveau dispositif structurant : les Rencontres M\\u00e9tiers.\",\"breadcrumb\":{\"@id\":\"https:\/\/www.entrepriseetdecouverte.fr\/espace-pro\/2026\/04\/26\/entreprise-et-decouverte-lance-les-rencontres-metiers\/#breadcrumb\"},\"inLanguage\":\"fr-FR\",\"potentialAction\":[{\"@type\":\"ReadAction\",\"target\":[\"https:\/\/www.entrepriseetdecouverte.fr\/espace-pro\/2026\/04\/26\/entreprise-et-decouverte-lance-les-rencontres-metiers\/\"]}]},{\"@type\":\"BreadcrumbList\",\"@id\":\"https:\/\/www.entrepriseetdecouverte.fr\/espace-pro\/2026\/04\/26\/entreprise-et-decouverte-lance-les-rencontres-metiers\/#breadcrumb\",\"itemListElement\":[{\"@type\":\"ListItem\",\"position\":1,\"name\":\"Accueil\",\"item\":\"https:\/\/www.entrepriseetdecouverte.fr\/espace-pro\/\"},{\"@type\":\"ListItem\",\"position\":2,\"name\":\"Entreprise et D\\u00e9couverte lance les Rencontres M\\u00e9tiers\"}]},{\"@type\":\"Person\",\"@id\":\"https:\/\/www.entrepriseetdecouverte.fr\/espace-pro\/#\/schema\/person\/3d44b5b8d54214a33448e027b455cd0f\",\"name\":\"Marie\",\"image\":{\"@type\":\"ImageObject\",\"@id\":\"https:\/\/www.entrepriseetdecouverte.fr\/espace-pro\/#personlogo\",\"inLanguage\":\"fr-FR\",\"url\":\"https:\/\/secure.gravatar.com\/avatar\/2e9d67b0921e033d3b5a8d9435cb686e?s=96&d=mm&r=g\",\"contentUrl\":\"https:\/\/secure.gravatar.com\/avatar\/2e9d67b0921e033d3b5a8d9435cb686e?s=96&d=mm&r=g\",\"caption\":\"Marie\"},\"url\":\"https:\/\/www.entrepriseetdecouverte.fr\/espace-pro\/author\/marie\/\"}]}<\/script>\n<!-- \/ Yoast SEO plugin. -->","yoast_head_json":{"description":"La visite d\u2019entreprise s\u2019impose aujourd\u2019hui comme un levier cl\u00e9 pour accompagner l\u2019orientation des jeunes, valoriser les m\u00e9tiers et renforcer l\u2019attractivit\u00e9 des fili\u00e8res. Forte de son expertise, Entreprise et D\u00e9couverte lance un nouveau dispositif structurant : les Rencontres M\u00e9tiers.","robots":{"index":"index","follow":"follow","max-snippet":"max-snippet:-1","max-image-preview":"max-image-preview:large","max-video-preview":"max-video-preview:-1"},"canonical":"https:\/\/www.entrepriseetdecouverte.fr\/espace-pro\/2026\/04\/26\/entreprise-et-decouverte-lance-les-rencontres-metiers\/","og_locale":"fr_FR","og_type":"article","og_title":"Les Rencontres M\u00e9tiers I Entreprise et D\u00e9couverte","og_description":"La visite d\u2019entreprise s\u2019impose aujourd\u2019hui comme un levier cl\u00e9 pour accompagner l\u2019orientation des jeunes, valoriser les m\u00e9tiers et renforcer l\u2019attractivit\u00e9 des fili\u00e8res. Forte de son expertise, Entreprise et D\u00e9couverte lance un nouveau dispositif structurant : les Rencontres M\u00e9tiers.","og_url":"https:\/\/www.entrepriseetdecouverte.fr\/espace-pro\/2026\/04\/26\/entreprise-et-decouverte-lance-les-rencontres-metiers\/","og_site_name":"Espace Pro","article_published_time":"2026-04-26T21:10:13+00:00","article_modified_time":"2026-04-26T21:50:54+00:00","og_image":[{"width":1024,"height":682,"url":"https:\/\/www.entrepriseetdecouverte.fr\/espace-pro\/wp-content\/uploads\/sites\/2\/2023\/02\/49802257817_76f4219d16_b-1.jpg","type":"image\/jpeg"}],"twitter_card":"summary_large_image","twitter_misc":{"\u00c9crit par":"Marie","Dur\u00e9e de lecture estim\u00e9e":"4 minutes"},"schema":{"@context":"https:\/\/schema.org","@graph":[{"@type":"WebSite","@id":"https:\/\/www.entrepriseetdecouverte.fr\/espace-pro\/#website","url":"https:\/\/www.entrepriseetdecouverte.fr\/espace-pro\/","name":"Espace Pro","description":"Un site utilisant Entreprise et D\u00e9couverte Sites","potentialAction":[{"@type":"SearchAction","target":{"@type":"EntryPoint","urlTemplate":"https:\/\/www.entrepriseetdecouverte.fr\/espace-pro\/?s={search_term_string}"},"query-input":"required name=search_term_string"}],"inLanguage":"fr-FR"},{"@type":"ImageObject","@id":"https:\/\/www.entrepriseetdecouverte.fr\/espace-pro\/2026\/04\/26\/entreprise-et-decouverte-lance-les-rencontres-metiers\/#primaryimage","inLanguage":"fr-FR","url":"https:\/\/www.entrepriseetdecouverte.fr\/espace-pro\/wp-content\/uploads\/sites\/2\/2023\/02\/49802257817_76f4219d16_b-1.jpg","contentUrl":"https:\/\/www.entrepriseetdecouverte.fr\/espace-pro\/wp-content\/uploads\/sites\/2\/2023\/02\/49802257817_76f4219d16_b-1.jpg","width":1024,"height":682},{"@type":"WebPage","@id":"https:\/\/www.entrepriseetdecouverte.fr\/espace-pro\/2026\/04\/26\/entreprise-et-decouverte-lance-les-rencontres-metiers\/#webpage","url":"https:\/\/www.entrepriseetdecouverte.fr\/espace-pro\/2026\/04\/26\/entreprise-et-decouverte-lance-les-rencontres-metiers\/","name":"Les Rencontres M\u00e9tiers I Entreprise et D\u00e9couverte","isPartOf":{"@id":"https:\/\/www.entrepriseetdecouverte.fr\/espace-pro\/#website"},"primaryImageOfPage":{"@id":"https:\/\/www.entrepriseetdecouverte.fr\/espace-pro\/2026\/04\/26\/entreprise-et-decouverte-lance-les-rencontres-metiers\/#primaryimage"},"datePublished":"2026-04-26T21:10:13+00:00","dateModified":"2026-04-26T21:50:54+00:00","author":{"@id":"https:\/\/www.entrepriseetdecouverte.fr\/espace-pro\/#\/schema\/person\/3d44b5b8d54214a33448e027b455cd0f"},"description":"La visite d\u2019entreprise s\u2019impose aujourd\u2019hui comme un levier cl\u00e9 pour accompagner l\u2019orientation des jeunes, valoriser les m\u00e9tiers et renforcer l\u2019attractivit\u00e9 des fili\u00e8res. Forte de son expertise, Entreprise et D\u00e9couverte lance un nouveau dispositif structurant : les Rencontres M\u00e9tiers.","breadcrumb":{"@id":"https:\/\/www.entrepriseetdecouverte.fr\/espace-pro\/2026\/04\/26\/entreprise-et-decouverte-lance-les-rencontres-metiers\/#breadcrumb"},"inLanguage":"fr-FR","potentialAction":[{"@type":"ReadAction","target":["https:\/\/www.entrepriseetdecouverte.fr\/espace-pro\/2026\/04\/26\/entreprise-et-decouverte-lance-les-rencontres-metiers\/"]}]},{"@type":"BreadcrumbList","@id":"https:\/\/www.entrepriseetdecouverte.fr\/espace-pro\/2026\/04\/26\/entreprise-et-decouverte-lance-les-rencontres-metiers\/#breadcrumb","itemListElement":[{"@type":"ListItem","position":1,"name":"Accueil","item":"https:\/\/www.entrepriseetdecouverte.fr\/espace-pro\/"},{"@type":"ListItem","position":2,"name":"Entreprise et D\u00e9couverte lance les Rencontres M\u00e9tiers"}]},{"@type":"Person","@id":"https:\/\/www.entrepriseetdecouverte.fr\/espace-pro\/#\/schema\/person\/3d44b5b8d54214a33448e027b455cd0f","name":"Marie","image":{"@type":"ImageObject","@id":"https:\/\/www.entrepriseetdecouverte.fr\/espace-pro\/#personlogo","inLanguage":"fr-FR","url":"https:\/\/secure.gravatar.com\/avatar\/2e9d67b0921e033d3b5a8d9435cb686e?s=96&d=mm&r=g","contentUrl":"https:\/\/secure.gravatar.com\/avatar\/2e9d67b0921e033d3b5a8d9435cb686e?s=96&d=mm&r=g","caption":"Marie"},"url":"https:\/\/www.entrepriseetdecouverte.fr\/espace-pro\/author\/marie\/"}]}},"_links":{"self":[{"href":"https:\/\/www.entrepriseetdecouverte.fr\/espace-pro\/wp-json\/wp\/v2\/posts\/74764"}],"collection":[{"href":"https:\/\/www.entrepriseetdecouverte.fr\/espace-pro\/wp-json\/wp\/v2\/posts"}],"about":[{"href":"https:\/\/www.entrepriseetdecouverte.fr\/espace-pro\/wp-json\/wp\/v2\/types\/post"}],"author":[{"embeddable":true,"href":"https:\/\/www.entrepriseetdecouverte.fr\/espace-pro\/wp-json\/wp\/v2\/users\/1160"}],"replies":[{"embeddable":true,"href":"https:\/\/www.entrepriseetdecouverte.fr\/espace-pro\/wp-json\/wp\/v2\/comments?post=74764"}],"version-history":[{"count":67,"href":"https:\/\/www.entrepriseetdecouverte.fr\/espace-pro\/wp-json\/wp\/v2\/posts\/74764\/revisions"}],"predecessor-version":[{"id":74837,"href":"https:\/\/www.entrepriseetdecouverte.fr\/espace-pro\/wp-json\/wp\/v2\/posts\/74764\/revisions\/74837"}],"wp:featuredmedia":[{"embeddable":true,"href":"https:\/\/www.entrepriseetdecouverte.fr\/espace-pro\/wp-json\/wp\/v2\/media\/63572"}],"wp:attachment":[{"href":"https:\/\/www.entrepriseetdecouverte.fr\/espace-pro\/wp-json\/wp\/v2\/media?parent=74764"}],"wp:term":[{"taxonomy":"category","embeddable":true,"href":"https:\/\/www.entrepriseetdecouverte.fr\/espace-pro\/wp-json\/wp\/v2\/categories?post=74764"},{"taxonomy":"post_tag","embeddable":true,"href":"https:\/\/www.entrepriseetdecouverte.fr\/espace-pro\/wp-json\/wp\/v2\/tags?post=74764"}],"curies":[{"name":"wp","href":"https:\/\/api.w.org\/{rel}","templated":true}]}}