{"id":74700,"date":"2026-04-14T22:17:00","date_gmt":"2026-04-14T20:17:00","guid":{"rendered":"https:\/\/www.entrepriseetdecouverte.fr\/espace-pro\/?p=74700"},"modified":"2026-04-26T22:17:52","modified_gmt":"2026-04-26T20:17:52","slug":"la-france-des-savoir-faire-un-partenariat-michelin-x-entreprise-et-decouverte","status":"publish","type":"post","link":"https:\/\/www.entrepriseetdecouverte.fr\/espace-pro\/2026\/04\/14\/la-france-des-savoir-faire-un-partenariat-michelin-x-entreprise-et-decouverte\/","title":{"rendered":"\u00ab\u00a0La France des savoir-faire\u00a0\u00bb, un partenariat Michelin x Entreprise et D\u00e9couverte"},"content":{"rendered":"\n<div class=\"wp-block-image is-style-default\"><figure class=\"aligncenter size-full\"><img loading=\"lazy\" width=\"400\" height=\"400\" data-src=\"https:\/\/www.entrepriseetdecouverte.fr\/espace-pro\/wp-content\/uploads\/sites\/2\/2026\/04\/logo-michelin-2.png\" alt=\"\" class=\"wp-image-74739\" data-srcset=\"https:\/\/www.entrepriseetdecouverte.fr\/espace-pro\/wp-content\/uploads\/sites\/2\/2026\/04\/logo-michelin-2.png 400w, https:\/\/www.entrepriseetdecouverte.fr\/espace-pro\/wp-content\/uploads\/sites\/2\/2026\/04\/logo-michelin-2-300x300.png 300w, https:\/\/www.entrepriseetdecouverte.fr\/espace-pro\/wp-content\/uploads\/sites\/2\/2026\/04\/logo-michelin-2-24x24.png 24w, https:\/\/www.entrepriseetdecouverte.fr\/espace-pro\/wp-content\/uploads\/sites\/2\/2026\/04\/logo-michelin-2-48x48.png 48w, https:\/\/www.entrepriseetdecouverte.fr\/espace-pro\/wp-content\/uploads\/sites\/2\/2026\/04\/logo-michelin-2-96x96.png 96w, https:\/\/www.entrepriseetdecouverte.fr\/espace-pro\/wp-content\/uploads\/sites\/2\/2026\/04\/logo-michelin-2-150x150.png 150w, https:\/\/www.entrepriseetdecouverte.fr\/espace-pro\/wp-content\/uploads\/sites\/2\/2026\/04\/logo-michelin-2-200x200.png 200w, https:\/\/www.entrepriseetdecouverte.fr\/espace-pro\/wp-content\/uploads\/sites\/2\/2026\/04\/logo-michelin-2-60x60.png 60w\" sizes=\"(max-width: 400px) 100vw, 400px\" \/><\/figure><\/div>\n\n\n\n<h3>Un nouveau partenariat national pour valoriser la visite d&rsquo;entreprise<\/h3>\n\n\n\n<p class=\"is-style-normal\">Entreprise et D\u00e9couverte s&rsquo;associe \u00e0 Michelin, \u00e9diteur n\u00b01 sur la cartographie, pour publier la 1\u00e8re carte consacr\u00e9e \u00e0 la visite d&rsquo;entreprise. Intitul\u00e9e <strong>\u00ab\u00a0La France des savoir-faire\u00a0\u00bb<\/strong>, cette carte permettra de valoriser aupr\u00e8s d&rsquo;un large public une s\u00e9lection de <strong>plus de 350 entreprises<\/strong> dans toute la France. <\/p>\n\n\n\n<p class=\"is-style-normal\">Cette carte s&rsquo;inscrit dans la collection des <strong>cartes th\u00e9matiques<\/strong> r\u00e9alis\u00e9es depuis plusieurs ann\u00e9es par Michelin (\u00ab\u00a0Les Plus Villages de France\u00a0\u00bb, \u00ab\u00a0V\u00e9lo en France\u00a0\u00bb &#8230;). \u00ab\u00a0La France des savoir-faire\u00a0\u00bb sera la 20\u00e8me carte th\u00e9matique \u00e9dit\u00e9e par Michelin. <\/p>\n\n\n\n<p class=\"is-style-normal\">La carte est r\u00e9alis\u00e9e avec le soutien des partenaires suivants : <strong>Mutuale, la mutuelle du Made in France<\/strong>, <strong>Fragonard, Terre de Sel et EDF<\/strong>. Sa sortie est pr\u00e9vue pour le <strong>vendredi 12 juin 2026<\/strong>.<\/p>\n\n\n\n<div class=\"wp-block-image is-style-default\"><figure class=\"aligncenter size-full\"><img loading=\"lazy\" width=\"590\" height=\"447\" data-src=\"https:\/\/www.entrepriseetdecouverte.fr\/espace-pro\/wp-content\/uploads\/sites\/2\/2026\/04\/maquette-carte-michelin.png\" alt=\"\" class=\"wp-image-74745\" data-srcset=\"https:\/\/www.entrepriseetdecouverte.fr\/espace-pro\/wp-content\/uploads\/sites\/2\/2026\/04\/maquette-carte-michelin.png 590w, https:\/\/www.entrepriseetdecouverte.fr\/espace-pro\/wp-content\/uploads\/sites\/2\/2026\/04\/maquette-carte-michelin-200x152.png 200w, https:\/\/www.entrepriseetdecouverte.fr\/espace-pro\/wp-content\/uploads\/sites\/2\/2026\/04\/maquette-carte-michelin-79x60.png 79w\" sizes=\"(max-width: 590px) 100vw, 590px\" \/><\/figure><\/div>\n\n\n\n<p class=\"is-style-normal has-small-font-size\"><em>Maquette \u00ab\u00a0La France des savoir-faire\u00a0\u00bb<\/em><\/p>\n\n\n\n<h3>Entreprises et territoires : soyez acteur de la diffusion de la carte !<\/h3>\n\n\n\n<p class=\"is-style-normal\">La carte \u00ab\u00a0La France des savoir-faire\u00a0\u00bb va b\u00e9n\u00e9ficier d&rsquo;une large diffusion assur\u00e9e par Michelin dans ses diff\u00e9rents points de vente. <\/p>\n\n\n\n<p class=\"is-style-normal\">Mais le succ\u00e8s de cette carte repose aussi sur <strong>la forte mobilisation des entreprises<\/strong> s\u00e9lectionn\u00e9es sur ce support, <strong>et des acteurs des territoires<\/strong>. Entreprise et D\u00e9couverte vous propose de b\u00e9n\u00e9ficier de <strong>tarifs tr\u00e8s<\/strong> <strong>avantageux<\/strong> en pr\u00e9-achat (\u00e0 partir de 50 exemplaires). <\/p>\n\n\n\n<p class=\"is-style-normal\"><strong>Vous souhaitez diffuser la carte dans vos points de vente ? <\/strong>Contactez-nous d\u00e8s \u00e0 pr\u00e9sent par mail ! <\/p>\n\n\n\n<h4>Vos interlocutrices sur ce projet <\/h4>\n\n\n\n<div class=\"wp-block-columns\">\n<div class=\"wp-block-column\" style=\"flex-basis:33.33%\">\n<figure class=\"wp-block-image size-thumbnail is-style-default\"><img loading=\"lazy\" width=\"300\" height=\"300\" data-src=\"https:\/\/www.entrepriseetdecouverte.fr\/espace-pro\/wp-content\/uploads\/sites\/2\/2026\/04\/marie-cario_1261eed-copie-mayeux-38-3-300x300.jpg\" alt=\"\" class=\"wp-image-74752\" data-srcset=\"https:\/\/www.entrepriseetdecouverte.fr\/espace-pro\/wp-content\/uploads\/sites\/2\/2026\/04\/marie-cario_1261eed-copie-mayeux-38-3-300x300.jpg 300w, https:\/\/www.entrepriseetdecouverte.fr\/espace-pro\/wp-content\/uploads\/sites\/2\/2026\/04\/marie-cario_1261eed-copie-mayeux-38-3-24x24.jpg 24w, https:\/\/www.entrepriseetdecouverte.fr\/espace-pro\/wp-content\/uploads\/sites\/2\/2026\/04\/marie-cario_1261eed-copie-mayeux-38-3-48x48.jpg 48w, https:\/\/www.entrepriseetdecouverte.fr\/espace-pro\/wp-content\/uploads\/sites\/2\/2026\/04\/marie-cario_1261eed-copie-mayeux-38-3-96x96.jpg 96w, https:\/\/www.entrepriseetdecouverte.fr\/espace-pro\/wp-content\/uploads\/sites\/2\/2026\/04\/marie-cario_1261eed-copie-mayeux-38-3-150x150.jpg 150w\" sizes=\"(max-width: 300px) 100vw, 300px\" \/><figcaption><br><\/figcaption><\/figure>\n<\/div>\n\n\n\n<div class=\"wp-block-column is-vertically-aligned-center\" style=\"flex-basis:66.66%\">\n<p class=\"is-style-normal\"><strong>Marie CARIO<\/strong><\/p>\n\n\n\n<p class=\"is-style-normal\">Responsable communication et animation du r\u00e9seau <\/p>\n\n\n\n<p class=\"is-style-normal\"><a href=\"mailto:marie.cario@entrepriseetdecouverte.fr\" target=\"_blank\" rel=\"noreferrer noopener\">marie.cario@entrepriseetdecouverte.fr<\/a> <\/p>\n<\/div>\n<\/div>\n\n\n\n<div class=\"wp-block-columns\">\n<div class=\"wp-block-column\" style=\"flex-basis:33.33%\">\n<figure class=\"wp-block-image size-large is-style-default\"><img loading=\"lazy\" width=\"960\" height=\"1200\" data-src=\"https:\/\/www.entrepriseetdecouverte.fr\/espace-pro\/wp-content\/uploads\/sites\/2\/2026\/04\/celia-belradjaa_1261eed-copie-mayeux-54-1-960x1200.jpg\" alt=\"\" class=\"wp-image-74751\" data-srcset=\"https:\/\/www.entrepriseetdecouverte.fr\/espace-pro\/wp-content\/uploads\/sites\/2\/2026\/04\/celia-belradjaa_1261eed-copie-mayeux-54-1-960x1200.jpg 960w, https:\/\/www.entrepriseetdecouverte.fr\/espace-pro\/wp-content\/uploads\/sites\/2\/2026\/04\/celia-belradjaa_1261eed-copie-mayeux-54-1-480x600.jpg 480w, https:\/\/www.entrepriseetdecouverte.fr\/espace-pro\/wp-content\/uploads\/sites\/2\/2026\/04\/celia-belradjaa_1261eed-copie-mayeux-54-1-720x900.jpg 720w, https:\/\/www.entrepriseetdecouverte.fr\/espace-pro\/wp-content\/uploads\/sites\/2\/2026\/04\/celia-belradjaa_1261eed-copie-mayeux-54-1-200x250.jpg 200w, https:\/\/www.entrepriseetdecouverte.fr\/espace-pro\/wp-content\/uploads\/sites\/2\/2026\/04\/celia-belradjaa_1261eed-copie-mayeux-54-1-48x60.jpg 48w, https:\/\/www.entrepriseetdecouverte.fr\/espace-pro\/wp-content\/uploads\/sites\/2\/2026\/04\/celia-belradjaa_1261eed-copie-mayeux-54-1.jpg 1000w\" sizes=\"(max-width: 960px) 100vw, 960px\" \/><\/figure>\n<\/div>\n\n\n\n<div class=\"wp-block-column is-vertically-aligned-center\" style=\"flex-basis:66.66%\">\n<p class=\"is-style-normal\"><strong>C\u00e9lia BELRADJAA<\/strong><\/p>\n\n\n\n<p class=\"is-style-normal\">Charg\u00e9e de communication et animation du r\u00e9seau <\/p>\n\n\n\n<p class=\"is-style-normal\"><a href=\"mailto:marie.cario@entrepriseetdecouverte.fr\" target=\"_blank\" rel=\"noreferrer noopener\">celia.belradjaa@entrepriseetdecouverte.fr<\/a> <\/p>\n<\/div>\n<\/div>\n","protected":false},"excerpt":{"rendered":"<p>Un nouveau partenariat national pour valoriser la visite d&rsquo;entreprise Entreprise et D\u00e9couverte s&rsquo;associe \u00e0 Michelin, \u00e9diteur n\u00b01 sur la cartographie, pour publier la 1\u00e8re carte consacr\u00e9e \u00e0 la visite d&rsquo;entreprise. Intitul\u00e9e \u00ab\u00a0La France des savoir-faire\u00a0\u00bb, cette carte permettra de valoriser aupr\u00e8s d&rsquo;un large public une s\u00e9lection de plus de 350 entreprises dans toute la France. [&hellip;]<\/p>\n","protected":false},"author":1160,"featured_media":74739,"comment_status":"open","ping_status":"open","sticky":false,"template":"","format":"standard","meta":{"_relevanssi_hide_post":"","_relevanssi_pin_for_all":"","_relevanssi_pin_keywords":"","_relevanssi_unpin_keywords":"","_relevanssi_related_keywords":"","_relevanssi_related_include_ids":"","_relevanssi_related_exclude_ids":"","_relevanssi_related_no_append":"","_relevanssi_related_not_related":"","_relevanssi_related_posts":"60354,63642,61963,68404,72007,63002","_relevanssi_noindex_reason":""},"categories":[34],"tags":[],"yoast_head":"<!-- This site is optimized with the Yoast SEO plugin v17.4 - https:\/\/yoast.com\/wordpress\/plugins\/seo\/ -->\n<meta name=\"description\" content=\"Entreprise et D\u00e9couverte s&#039;associe \u00e0 Michelin pour publier la 1\u00e8re carte consacr\u00e9e \u00e0 la visite d&#039;entreprise : &quot;La France des savoir-faire&quot;.\" \/>\n<meta name=\"robots\" content=\"index, follow, max-snippet:-1, max-image-preview:large, max-video-preview:-1\" \/>\n<link rel=\"canonical\" href=\"https:\/\/www.entrepriseetdecouverte.fr\/espace-pro\/2026\/04\/14\/la-france-des-savoir-faire-un-partenariat-michelin-x-entreprise-et-decouverte\/\" \/>\n<meta property=\"og:locale\" content=\"fr_FR\" \/>\n<meta property=\"og:type\" content=\"article\" \/>\n<meta property=\"og:title\" content=\"La France des savoir-faire, une carte sur la visite d&#039;entreprise\" \/>\n<meta property=\"og:description\" content=\"Entreprise et D\u00e9couverte s&#039;associe \u00e0 Michelin pour publier la 1\u00e8re carte consacr\u00e9e \u00e0 la visite d&#039;entreprise : &quot;La France des savoir-faire&quot;.\" \/>\n<meta property=\"og:url\" content=\"https:\/\/www.entrepriseetdecouverte.fr\/espace-pro\/2026\/04\/14\/la-france-des-savoir-faire-un-partenariat-michelin-x-entreprise-et-decouverte\/\" \/>\n<meta property=\"og:site_name\" content=\"Espace Pro\" \/>\n<meta property=\"article:published_time\" content=\"2026-04-14T20:17:00+00:00\" \/>\n<meta property=\"article:modified_time\" content=\"2026-04-26T20:17:52+00:00\" \/>\n<meta property=\"og:image\" content=\"https:\/\/www.entrepriseetdecouverte.fr\/espace-pro\/wp-content\/uploads\/sites\/2\/2026\/04\/logo-michelin-2.png\" \/>\n\t<meta property=\"og:image:width\" content=\"400\" \/>\n\t<meta property=\"og:image:height\" content=\"400\" \/>\n<meta name=\"twitter:card\" content=\"summary_large_image\" \/>\n<meta name=\"twitter:label1\" content=\"\u00c9crit par\" \/>\n\t<meta name=\"twitter:data1\" content=\"Marie\" \/>\n\t<meta name=\"twitter:label2\" content=\"Dur\u00e9e de lecture estim\u00e9e\" \/>\n\t<meta name=\"twitter:data2\" content=\"2 minutes\" \/>\n<script type=\"application\/ld+json\" class=\"yoast-schema-graph\">{\"@context\":\"https:\/\/schema.org\",\"@graph\":[{\"@type\":\"WebSite\",\"@id\":\"https:\/\/www.entrepriseetdecouverte.fr\/espace-pro\/#website\",\"url\":\"https:\/\/www.entrepriseetdecouverte.fr\/espace-pro\/\",\"name\":\"Espace Pro\",\"description\":\"Un site utilisant Entreprise et D\\u00e9couverte Sites\",\"potentialAction\":[{\"@type\":\"SearchAction\",\"target\":{\"@type\":\"EntryPoint\",\"urlTemplate\":\"https:\/\/www.entrepriseetdecouverte.fr\/espace-pro\/?s={search_term_string}\"},\"query-input\":\"required name=search_term_string\"}],\"inLanguage\":\"fr-FR\"},{\"@type\":\"ImageObject\",\"@id\":\"https:\/\/www.entrepriseetdecouverte.fr\/espace-pro\/2026\/04\/14\/la-france-des-savoir-faire-un-partenariat-michelin-x-entreprise-et-decouverte\/#primaryimage\",\"inLanguage\":\"fr-FR\",\"url\":\"https:\/\/www.entrepriseetdecouverte.fr\/espace-pro\/wp-content\/uploads\/sites\/2\/2026\/04\/logo-michelin-2.png\",\"contentUrl\":\"https:\/\/www.entrepriseetdecouverte.fr\/espace-pro\/wp-content\/uploads\/sites\/2\/2026\/04\/logo-michelin-2.png\",\"width\":400,\"height\":400},{\"@type\":\"WebPage\",\"@id\":\"https:\/\/www.entrepriseetdecouverte.fr\/espace-pro\/2026\/04\/14\/la-france-des-savoir-faire-un-partenariat-michelin-x-entreprise-et-decouverte\/#webpage\",\"url\":\"https:\/\/www.entrepriseetdecouverte.fr\/espace-pro\/2026\/04\/14\/la-france-des-savoir-faire-un-partenariat-michelin-x-entreprise-et-decouverte\/\",\"name\":\"La France des savoir-faire, une carte sur la visite d'entreprise\",\"isPartOf\":{\"@id\":\"https:\/\/www.entrepriseetdecouverte.fr\/espace-pro\/#website\"},\"primaryImageOfPage\":{\"@id\":\"https:\/\/www.entrepriseetdecouverte.fr\/espace-pro\/2026\/04\/14\/la-france-des-savoir-faire-un-partenariat-michelin-x-entreprise-et-decouverte\/#primaryimage\"},\"datePublished\":\"2026-04-14T20:17:00+00:00\",\"dateModified\":\"2026-04-26T20:17:52+00:00\",\"author\":{\"@id\":\"https:\/\/www.entrepriseetdecouverte.fr\/espace-pro\/#\/schema\/person\/3d44b5b8d54214a33448e027b455cd0f\"},\"description\":\"Entreprise et D\\u00e9couverte s'associe \\u00e0 Michelin pour publier la 1\\u00e8re carte consacr\\u00e9e \\u00e0 la visite d'entreprise : \\\"La France des savoir-faire\\\".\",\"breadcrumb\":{\"@id\":\"https:\/\/www.entrepriseetdecouverte.fr\/espace-pro\/2026\/04\/14\/la-france-des-savoir-faire-un-partenariat-michelin-x-entreprise-et-decouverte\/#breadcrumb\"},\"inLanguage\":\"fr-FR\",\"potentialAction\":[{\"@type\":\"ReadAction\",\"target\":[\"https:\/\/www.entrepriseetdecouverte.fr\/espace-pro\/2026\/04\/14\/la-france-des-savoir-faire-un-partenariat-michelin-x-entreprise-et-decouverte\/\"]}]},{\"@type\":\"BreadcrumbList\",\"@id\":\"https:\/\/www.entrepriseetdecouverte.fr\/espace-pro\/2026\/04\/14\/la-france-des-savoir-faire-un-partenariat-michelin-x-entreprise-et-decouverte\/#breadcrumb\",\"itemListElement\":[{\"@type\":\"ListItem\",\"position\":1,\"name\":\"Accueil\",\"item\":\"https:\/\/www.entrepriseetdecouverte.fr\/espace-pro\/\"},{\"@type\":\"ListItem\",\"position\":2,\"name\":\"\\u00ab\\u00a0La France des savoir-faire\\u00a0\\u00bb, un partenariat Michelin x Entreprise et D\\u00e9couverte\"}]},{\"@type\":\"Person\",\"@id\":\"https:\/\/www.entrepriseetdecouverte.fr\/espace-pro\/#\/schema\/person\/3d44b5b8d54214a33448e027b455cd0f\",\"name\":\"Marie\",\"image\":{\"@type\":\"ImageObject\",\"@id\":\"https:\/\/www.entrepriseetdecouverte.fr\/espace-pro\/#personlogo\",\"inLanguage\":\"fr-FR\",\"url\":\"https:\/\/secure.gravatar.com\/avatar\/2e9d67b0921e033d3b5a8d9435cb686e?s=96&d=mm&r=g\",\"contentUrl\":\"https:\/\/secure.gravatar.com\/avatar\/2e9d67b0921e033d3b5a8d9435cb686e?s=96&d=mm&r=g\",\"caption\":\"Marie\"},\"url\":\"https:\/\/www.entrepriseetdecouverte.fr\/espace-pro\/author\/marie\/\"}]}<\/script>\n<!-- \/ Yoast SEO plugin. -->","yoast_head_json":{"description":"Entreprise et D\u00e9couverte s'associe \u00e0 Michelin pour publier la 1\u00e8re carte consacr\u00e9e \u00e0 la visite d'entreprise : \"La France des savoir-faire\".","robots":{"index":"index","follow":"follow","max-snippet":"max-snippet:-1","max-image-preview":"max-image-preview:large","max-video-preview":"max-video-preview:-1"},"canonical":"https:\/\/www.entrepriseetdecouverte.fr\/espace-pro\/2026\/04\/14\/la-france-des-savoir-faire-un-partenariat-michelin-x-entreprise-et-decouverte\/","og_locale":"fr_FR","og_type":"article","og_title":"La France des savoir-faire, une carte sur la visite d'entreprise","og_description":"Entreprise et D\u00e9couverte s'associe \u00e0 Michelin pour publier la 1\u00e8re carte consacr\u00e9e \u00e0 la visite d'entreprise : \"La France des savoir-faire\".","og_url":"https:\/\/www.entrepriseetdecouverte.fr\/espace-pro\/2026\/04\/14\/la-france-des-savoir-faire-un-partenariat-michelin-x-entreprise-et-decouverte\/","og_site_name":"Espace Pro","article_published_time":"2026-04-14T20:17:00+00:00","article_modified_time":"2026-04-26T20:17:52+00:00","og_image":[{"width":400,"height":400,"url":"https:\/\/www.entrepriseetdecouverte.fr\/espace-pro\/wp-content\/uploads\/sites\/2\/2026\/04\/logo-michelin-2.png","type":"image\/png"}],"twitter_card":"summary_large_image","twitter_misc":{"\u00c9crit par":"Marie","Dur\u00e9e de lecture estim\u00e9e":"2 minutes"},"schema":{"@context":"https:\/\/schema.org","@graph":[{"@type":"WebSite","@id":"https:\/\/www.entrepriseetdecouverte.fr\/espace-pro\/#website","url":"https:\/\/www.entrepriseetdecouverte.fr\/espace-pro\/","name":"Espace Pro","description":"Un site utilisant Entreprise et D\u00e9couverte Sites","potentialAction":[{"@type":"SearchAction","target":{"@type":"EntryPoint","urlTemplate":"https:\/\/www.entrepriseetdecouverte.fr\/espace-pro\/?s={search_term_string}"},"query-input":"required name=search_term_string"}],"inLanguage":"fr-FR"},{"@type":"ImageObject","@id":"https:\/\/www.entrepriseetdecouverte.fr\/espace-pro\/2026\/04\/14\/la-france-des-savoir-faire-un-partenariat-michelin-x-entreprise-et-decouverte\/#primaryimage","inLanguage":"fr-FR","url":"https:\/\/www.entrepriseetdecouverte.fr\/espace-pro\/wp-content\/uploads\/sites\/2\/2026\/04\/logo-michelin-2.png","contentUrl":"https:\/\/www.entrepriseetdecouverte.fr\/espace-pro\/wp-content\/uploads\/sites\/2\/2026\/04\/logo-michelin-2.png","width":400,"height":400},{"@type":"WebPage","@id":"https:\/\/www.entrepriseetdecouverte.fr\/espace-pro\/2026\/04\/14\/la-france-des-savoir-faire-un-partenariat-michelin-x-entreprise-et-decouverte\/#webpage","url":"https:\/\/www.entrepriseetdecouverte.fr\/espace-pro\/2026\/04\/14\/la-france-des-savoir-faire-un-partenariat-michelin-x-entreprise-et-decouverte\/","name":"La France des savoir-faire, une carte sur la visite d'entreprise","isPartOf":{"@id":"https:\/\/www.entrepriseetdecouverte.fr\/espace-pro\/#website"},"primaryImageOfPage":{"@id":"https:\/\/www.entrepriseetdecouverte.fr\/espace-pro\/2026\/04\/14\/la-france-des-savoir-faire-un-partenariat-michelin-x-entreprise-et-decouverte\/#primaryimage"},"datePublished":"2026-04-14T20:17:00+00:00","dateModified":"2026-04-26T20:17:52+00:00","author":{"@id":"https:\/\/www.entrepriseetdecouverte.fr\/espace-pro\/#\/schema\/person\/3d44b5b8d54214a33448e027b455cd0f"},"description":"Entreprise et D\u00e9couverte s'associe \u00e0 Michelin pour publier la 1\u00e8re carte consacr\u00e9e \u00e0 la visite d'entreprise : \"La France des savoir-faire\".","breadcrumb":{"@id":"https:\/\/www.entrepriseetdecouverte.fr\/espace-pro\/2026\/04\/14\/la-france-des-savoir-faire-un-partenariat-michelin-x-entreprise-et-decouverte\/#breadcrumb"},"inLanguage":"fr-FR","potentialAction":[{"@type":"ReadAction","target":["https:\/\/www.entrepriseetdecouverte.fr\/espace-pro\/2026\/04\/14\/la-france-des-savoir-faire-un-partenariat-michelin-x-entreprise-et-decouverte\/"]}]},{"@type":"BreadcrumbList","@id":"https:\/\/www.entrepriseetdecouverte.fr\/espace-pro\/2026\/04\/14\/la-france-des-savoir-faire-un-partenariat-michelin-x-entreprise-et-decouverte\/#breadcrumb","itemListElement":[{"@type":"ListItem","position":1,"name":"Accueil","item":"https:\/\/www.entrepriseetdecouverte.fr\/espace-pro\/"},{"@type":"ListItem","position":2,"name":"\u00ab\u00a0La France des savoir-faire\u00a0\u00bb, un partenariat Michelin x Entreprise et D\u00e9couverte"}]},{"@type":"Person","@id":"https:\/\/www.entrepriseetdecouverte.fr\/espace-pro\/#\/schema\/person\/3d44b5b8d54214a33448e027b455cd0f","name":"Marie","image":{"@type":"ImageObject","@id":"https:\/\/www.entrepriseetdecouverte.fr\/espace-pro\/#personlogo","inLanguage":"fr-FR","url":"https:\/\/secure.gravatar.com\/avatar\/2e9d67b0921e033d3b5a8d9435cb686e?s=96&d=mm&r=g","contentUrl":"https:\/\/secure.gravatar.com\/avatar\/2e9d67b0921e033d3b5a8d9435cb686e?s=96&d=mm&r=g","caption":"Marie"},"url":"https:\/\/www.entrepriseetdecouverte.fr\/espace-pro\/author\/marie\/"}]}},"_links":{"self":[{"href":"https:\/\/www.entrepriseetdecouverte.fr\/espace-pro\/wp-json\/wp\/v2\/posts\/74700"}],"collection":[{"href":"https:\/\/www.entrepriseetdecouverte.fr\/espace-pro\/wp-json\/wp\/v2\/posts"}],"about":[{"href":"https:\/\/www.entrepriseetdecouverte.fr\/espace-pro\/wp-json\/wp\/v2\/types\/post"}],"author":[{"embeddable":true,"href":"https:\/\/www.entrepriseetdecouverte.fr\/espace-pro\/wp-json\/wp\/v2\/users\/1160"}],"replies":[{"embeddable":true,"href":"https:\/\/www.entrepriseetdecouverte.fr\/espace-pro\/wp-json\/wp\/v2\/comments?post=74700"}],"version-history":[{"count":55,"href":"https:\/\/www.entrepriseetdecouverte.fr\/espace-pro\/wp-json\/wp\/v2\/posts\/74700\/revisions"}],"predecessor-version":[{"id":74763,"href":"https:\/\/www.entrepriseetdecouverte.fr\/espace-pro\/wp-json\/wp\/v2\/posts\/74700\/revisions\/74763"}],"wp:featuredmedia":[{"embeddable":true,"href":"https:\/\/www.entrepriseetdecouverte.fr\/espace-pro\/wp-json\/wp\/v2\/media\/74739"}],"wp:attachment":[{"href":"https:\/\/www.entrepriseetdecouverte.fr\/espace-pro\/wp-json\/wp\/v2\/media?parent=74700"}],"wp:term":[{"taxonomy":"category","embeddable":true,"href":"https:\/\/www.entrepriseetdecouverte.fr\/espace-pro\/wp-json\/wp\/v2\/categories?post=74700"},{"taxonomy":"post_tag","embeddable":true,"href":"https:\/\/www.entrepriseetdecouverte.fr\/espace-pro\/wp-json\/wp\/v2\/tags?post=74700"}],"curies":[{"name":"wp","href":"https:\/\/api.w.org\/{rel}","templated":true}]}}