{"id":74483,"date":"2026-04-23T11:10:05","date_gmt":"2026-04-23T09:10:05","guid":{"rendered":"https:\/\/www.entrepriseetdecouverte.fr\/espace-pro\/?p=74483"},"modified":"2026-04-23T12:22:18","modified_gmt":"2026-04-23T10:22:18","slug":"la-visite-dentreprise-en-chiffres-auvergne-rhone-alpes","status":"publish","type":"post","link":"https:\/\/www.entrepriseetdecouverte.fr\/espace-pro\/2026\/04\/23\/la-visite-dentreprise-en-chiffres-auvergne-rhone-alpes\/","title":{"rendered":"La visite d&rsquo;entreprise en chiffres &#8211; Auvergne-Rh\u00f4ne-Alpes"},"content":{"rendered":"\n<h3> La visite d&rsquo;entreprise en chiffres : les indicateurs cl\u00e9s en Auvergne-Rh\u00f4ne-Alpes<\/h3>\n\n\n\n<figure class=\"wp-block-gallery alignwide columns-3 is-cropped\"><ul class=\"blocks-gallery-grid\"><li class=\"blocks-gallery-item\"><figure><img loading=\"lazy\" width=\"940\" height=\"788\" data-src=\"https:\/\/www.entrepriseetdecouverte.fr\/espace-pro\/wp-content\/uploads\/sites\/2\/2026\/04\/observatoire_article-2026-aura.png\" alt=\"\" data-id=\"74490\" data-full-url=\"https:\/\/www.entrepriseetdecouverte.fr\/espace-pro\/wp-content\/uploads\/sites\/2\/2026\/04\/observatoire_article-2026-aura.png\" data-link=\"https:\/\/www.entrepriseetdecouverte.fr\/espace-pro\/?attachment_id=74490\" class=\"wp-image-74490\" data-srcset=\"https:\/\/www.entrepriseetdecouverte.fr\/espace-pro\/wp-content\/uploads\/sites\/2\/2026\/04\/observatoire_article-2026-aura.png 940w, https:\/\/www.entrepriseetdecouverte.fr\/espace-pro\/wp-content\/uploads\/sites\/2\/2026\/04\/observatoire_article-2026-aura-600x503.png 600w, https:\/\/www.entrepriseetdecouverte.fr\/espace-pro\/wp-content\/uploads\/sites\/2\/2026\/04\/observatoire_article-2026-aura-900x754.png 900w, https:\/\/www.entrepriseetdecouverte.fr\/espace-pro\/wp-content\/uploads\/sites\/2\/2026\/04\/observatoire_article-2026-aura-200x168.png 200w, https:\/\/www.entrepriseetdecouverte.fr\/espace-pro\/wp-content\/uploads\/sites\/2\/2026\/04\/observatoire_article-2026-aura-72x60.png 72w\" sizes=\"(max-width: 940px) 100vw, 940px\" \/><\/figure><\/li><li class=\"blocks-gallery-item\"><figure><img loading=\"lazy\" width=\"1024\" height=\"681\" data-src=\"https:\/\/www.entrepriseetdecouverte.fr\/espace-pro\/wp-content\/uploads\/sites\/2\/2026\/04\/entreprise_et_decouverte_edf_cnpe_bugey-edf-patrice-dhumes-4.jpg\" alt=\"\" data-id=\"74488\" data-link=\"https:\/\/www.entrepriseetdecouverte.fr\/espace-pro\/?attachment_id=74488\" class=\"wp-image-74488\" data-srcset=\"https:\/\/www.entrepriseetdecouverte.fr\/espace-pro\/wp-content\/uploads\/sites\/2\/2026\/04\/entreprise_et_decouverte_edf_cnpe_bugey-edf-patrice-dhumes-4.jpg 1024w, https:\/\/www.entrepriseetdecouverte.fr\/espace-pro\/wp-content\/uploads\/sites\/2\/2026\/04\/entreprise_et_decouverte_edf_cnpe_bugey-edf-patrice-dhumes-4-600x399.jpg 600w, https:\/\/www.entrepriseetdecouverte.fr\/espace-pro\/wp-content\/uploads\/sites\/2\/2026\/04\/entreprise_et_decouverte_edf_cnpe_bugey-edf-patrice-dhumes-4-900x599.jpg 900w, https:\/\/www.entrepriseetdecouverte.fr\/espace-pro\/wp-content\/uploads\/sites\/2\/2026\/04\/entreprise_et_decouverte_edf_cnpe_bugey-edf-patrice-dhumes-4-200x133.jpg 200w, https:\/\/www.entrepriseetdecouverte.fr\/espace-pro\/wp-content\/uploads\/sites\/2\/2026\/04\/entreprise_et_decouverte_edf_cnpe_bugey-edf-patrice-dhumes-4-90x60.jpg 90w\" sizes=\"(max-width: 1024px) 100vw, 1024px\" \/><\/figure><\/li><li class=\"blocks-gallery-item\"><figure><img loading=\"lazy\" width=\"940\" height=\"788\" data-src=\"https:\/\/www.entrepriseetdecouverte.fr\/espace-pro\/wp-content\/uploads\/sites\/2\/2026\/04\/observatoire_article-2026-aura-2.png\" alt=\"\" data-id=\"74489\" data-full-url=\"https:\/\/www.entrepriseetdecouverte.fr\/espace-pro\/wp-content\/uploads\/sites\/2\/2026\/04\/observatoire_article-2026-aura-2.png\" data-link=\"https:\/\/www.entrepriseetdecouverte.fr\/espace-pro\/?attachment_id=74489\" class=\"wp-image-74489\" data-srcset=\"https:\/\/www.entrepriseetdecouverte.fr\/espace-pro\/wp-content\/uploads\/sites\/2\/2026\/04\/observatoire_article-2026-aura-2.png 940w, https:\/\/www.entrepriseetdecouverte.fr\/espace-pro\/wp-content\/uploads\/sites\/2\/2026\/04\/observatoire_article-2026-aura-2-600x503.png 600w, https:\/\/www.entrepriseetdecouverte.fr\/espace-pro\/wp-content\/uploads\/sites\/2\/2026\/04\/observatoire_article-2026-aura-2-900x754.png 900w, https:\/\/www.entrepriseetdecouverte.fr\/espace-pro\/wp-content\/uploads\/sites\/2\/2026\/04\/observatoire_article-2026-aura-2-200x168.png 200w, https:\/\/www.entrepriseetdecouverte.fr\/espace-pro\/wp-content\/uploads\/sites\/2\/2026\/04\/observatoire_article-2026-aura-2-72x60.png 72w\" sizes=\"(max-width: 940px) 100vw, 940px\" \/><\/figure><\/li><\/ul><\/figure>\n\n\n\n<p class=\"is-style-normal\" style=\"font-size:10px\">\u00a9<em>EDF centrale du Bugey \/ P.Dhumes<\/em><\/p>\n\n\n\n<p class=\"is-style-normal\">Avec <strong>2 millions de visiteurs accueillis dans 460 entreprises<\/strong>, la r\u00e9gion Auvergne-Rh\u00f4ne-Alpes confirme son <strong>r\u00f4le moteur <\/strong>dans le d\u00e9veloppement de la visite d\u2019entreprise en France.<\/p>\n\n\n\n<p class=\"is-style-normal\">Les chiffres 2025 de l\u2019Observatoire r\u00e9gional Entreprise et D\u00e9couverte t\u00e9moignent d\u2019une dynamique particuli\u00e8rement soutenue, avec une <strong>hausse de 20 % de la fr\u00e9quentation et de 10 % du nombre d\u2019entreprises ouvertes au public<\/strong>.<\/p>\n\n\n\n<p class=\"is-style-normal\">Auvergne-Rh\u00f4ne-Alpes s\u2019impose ainsi comme<strong> l\u2019une des r\u00e9gions les plus structur\u00e9es et les plus dynamiques<\/strong> de la fili\u00e8re, en lien \u00e9troit avec ses atouts \u00e9conomiques, industriels et touristiques.<\/p>\n\n\n\n<h3>Une offre domin\u00e9e par l\u2019agroalimentaire et la gastronomie<\/h3>\n\n\n\n<p class=\"is-style-normal\">La r\u00e9partition sectorielle de l\u2019offre confirme le poids majeur de la gastronomie dans le tourisme de savoir-faire r\u00e9gional. <\/p>\n\n\n\n<div class=\"wp-block-media-text alignwide is-stacked-on-mobile\"><figure class=\"wp-block-media-text__media\"><img loading=\"lazy\" width=\"940\" height=\"788\" data-src=\"https:\/\/www.entrepriseetdecouverte.fr\/espace-pro\/wp-content\/uploads\/sites\/2\/2026\/04\/ed_observatoire-2025_chiffres-cles-aura-1.png\" alt=\"\" class=\"wp-image-74500 size-full\" data-srcset=\"https:\/\/www.entrepriseetdecouverte.fr\/espace-pro\/wp-content\/uploads\/sites\/2\/2026\/04\/ed_observatoire-2025_chiffres-cles-aura-1.png 940w, https:\/\/www.entrepriseetdecouverte.fr\/espace-pro\/wp-content\/uploads\/sites\/2\/2026\/04\/ed_observatoire-2025_chiffres-cles-aura-1-600x503.png 600w, https:\/\/www.entrepriseetdecouverte.fr\/espace-pro\/wp-content\/uploads\/sites\/2\/2026\/04\/ed_observatoire-2025_chiffres-cles-aura-1-900x754.png 900w, https:\/\/www.entrepriseetdecouverte.fr\/espace-pro\/wp-content\/uploads\/sites\/2\/2026\/04\/ed_observatoire-2025_chiffres-cles-aura-1-200x168.png 200w, https:\/\/www.entrepriseetdecouverte.fr\/espace-pro\/wp-content\/uploads\/sites\/2\/2026\/04\/ed_observatoire-2025_chiffres-cles-aura-1-72x60.png 72w\" sizes=\"(max-width: 940px) 100vw, 940px\" \/><\/figure><div class=\"wp-block-media-text__content\">\n<p class=\"is-style-normal has-normal-font-size\"><\/p>\n\n\n\n<ul><li>Avec un poids largement sup\u00e9rieur \u00e0 la moyenne nationale (37%), <strong>le secteur agroalimentaire constitue un pilier central<\/strong>, port\u00e9 par des entreprises embl\u00e9matiques telles que Badoit,  Volvic, Valrhona, Weiss, la Pastillerie de Vichy ou la Fabrique de Julien. <\/li><li>Le secteur des <strong>Vins, Bi\u00e8res &amp; Spiritueux <\/strong>vient compl\u00e9ter cette offre, en proposant <strong>des visites dans des sites embl\u00e9matiques<\/strong> tels que les Caves de la Chartreuse, la Distillerie de la Verveine du Velay Pag\u00e8s. <\/li><\/ul>\n\n\n\n<ul><li>Les <strong>M\u00e9tiers d\u2019Art et le secteur de la Mode &amp; Cosm\u00e9tique<\/strong> contribuent \u00e0 la diversit\u00e9 et \u00e0 la richesse des exp\u00e9riences propos\u00e9es, avec <strong>des entreprises engag\u00e9es dans l\u2019ouverture au public<\/strong>. On peut citer l&rsquo;Atelier Philippe Allemand, \u00e9b\u00e9niste de renomm\u00e9e internationale, La Scourtinerie dans la Dr\u00f4me, les parapluies Piganiol \u00e0 Aurillac, l&rsquo;atelier de jean 1083 et la Cit\u00e9 de la Chaussure \u00e0 Romans-sur-Is\u00e8re &#8230; **<\/li><li>Le secteur industriel, bien que plus faible que la moyenne nationale (13%), propose des visites XXL notamment dans le secteur de l&rsquo;\u00e9nergie. Ainsi les nombreuses centrales EDF du territoire (Tricastin, Bugey, Cruas-Meysse &#8230;), et le barrage CNR de G\u00e9nissiat, v\u00e9ritable \u00ab\u00a0Niagara fran\u00e7ais\u00a0\u00bb. <\/li><\/ul>\n<\/div><\/div>\n\n\n\n<h3>Top 10 des entreprises les plus visit\u00e9es : des vitrines du territoire<\/h3>\n\n\n\n<div class=\"wp-block-image is-style-default\"><figure class=\"aligncenter size-medium is-resized\"><img loading=\"lazy\" data-src=\"https:\/\/www.entrepriseetdecouverte.fr\/espace-pro\/wp-content\/uploads\/sites\/2\/2026\/04\/top-10-aura-561x600.png\" alt=\"\" class=\"wp-image-74504\" width=\"583\" height=\"623\" data-srcset=\"https:\/\/www.entrepriseetdecouverte.fr\/espace-pro\/wp-content\/uploads\/sites\/2\/2026\/04\/top-10-aura-561x600.png 561w, https:\/\/www.entrepriseetdecouverte.fr\/espace-pro\/wp-content\/uploads\/sites\/2\/2026\/04\/top-10-aura-200x214.png 200w, https:\/\/www.entrepriseetdecouverte.fr\/espace-pro\/wp-content\/uploads\/sites\/2\/2026\/04\/top-10-aura-56x60.png 56w, https:\/\/www.entrepriseetdecouverte.fr\/espace-pro\/wp-content\/uploads\/sites\/2\/2026\/04\/top-10-aura.png 702w\" sizes=\"(max-width: 583px) 100vw, 583px\" \/><\/figure><\/div>\n\n\n\n<figure class=\"wp-block-gallery alignwide columns-3 is-cropped\"><ul class=\"blocks-gallery-grid\"><li class=\"blocks-gallery-item\"><figure><img loading=\"lazy\" width=\"1200\" height=\"800\" data-src=\"https:\/\/www.entrepriseetdecouverte.fr\/espace-pro\/wp-content\/uploads\/sites\/2\/2026\/04\/la-fabrique-de-julien-1200x800.jpg\" alt=\"\" data-id=\"74516\" data-full-url=\"https:\/\/www.entrepriseetdecouverte.fr\/espace-pro\/wp-content\/uploads\/sites\/2\/2026\/04\/la-fabrique-de-julien.jpg\" data-link=\"https:\/\/www.entrepriseetdecouverte.fr\/espace-pro\/?attachment_id=74516\" class=\"wp-image-74516\" data-srcset=\"https:\/\/www.entrepriseetdecouverte.fr\/espace-pro\/wp-content\/uploads\/sites\/2\/2026\/04\/la-fabrique-de-julien-1200x800.jpg 1200w, https:\/\/www.entrepriseetdecouverte.fr\/espace-pro\/wp-content\/uploads\/sites\/2\/2026\/04\/la-fabrique-de-julien-600x400.jpg 600w, https:\/\/www.entrepriseetdecouverte.fr\/espace-pro\/wp-content\/uploads\/sites\/2\/2026\/04\/la-fabrique-de-julien-900x600.jpg 900w, https:\/\/www.entrepriseetdecouverte.fr\/espace-pro\/wp-content\/uploads\/sites\/2\/2026\/04\/la-fabrique-de-julien-1536x1024.jpg 1536w, https:\/\/www.entrepriseetdecouverte.fr\/espace-pro\/wp-content\/uploads\/sites\/2\/2026\/04\/la-fabrique-de-julien-200x133.jpg 200w, https:\/\/www.entrepriseetdecouverte.fr\/espace-pro\/wp-content\/uploads\/sites\/2\/2026\/04\/la-fabrique-de-julien-90x60.jpg 90w, https:\/\/www.entrepriseetdecouverte.fr\/espace-pro\/wp-content\/uploads\/sites\/2\/2026\/04\/la-fabrique-de-julien.jpg 2048w\" sizes=\"(max-width: 1200px) 100vw, 1200px\" \/><\/figure><\/li><li class=\"blocks-gallery-item\"><figure><img loading=\"lazy\" width=\"1200\" height=\"798\" data-src=\"https:\/\/www.entrepriseetdecouverte.fr\/espace-pro\/wp-content\/uploads\/sites\/2\/2026\/04\/distillerie-des-4-vallees-4-1200x798.jpg\" alt=\"\" data-id=\"74515\" data-full-url=\"https:\/\/www.entrepriseetdecouverte.fr\/espace-pro\/wp-content\/uploads\/sites\/2\/2026\/04\/distillerie-des-4-vallees-4.jpg\" data-link=\"https:\/\/www.entrepriseetdecouverte.fr\/espace-pro\/?attachment_id=74515\" class=\"wp-image-74515\" data-srcset=\"https:\/\/www.entrepriseetdecouverte.fr\/espace-pro\/wp-content\/uploads\/sites\/2\/2026\/04\/distillerie-des-4-vallees-4-1200x798.jpg 1200w, https:\/\/www.entrepriseetdecouverte.fr\/espace-pro\/wp-content\/uploads\/sites\/2\/2026\/04\/distillerie-des-4-vallees-4-600x399.jpg 600w, https:\/\/www.entrepriseetdecouverte.fr\/espace-pro\/wp-content\/uploads\/sites\/2\/2026\/04\/distillerie-des-4-vallees-4-900x598.jpg 900w, https:\/\/www.entrepriseetdecouverte.fr\/espace-pro\/wp-content\/uploads\/sites\/2\/2026\/04\/distillerie-des-4-vallees-4-1536x1021.jpg 1536w, https:\/\/www.entrepriseetdecouverte.fr\/espace-pro\/wp-content\/uploads\/sites\/2\/2026\/04\/distillerie-des-4-vallees-4-200x133.jpg 200w, https:\/\/www.entrepriseetdecouverte.fr\/espace-pro\/wp-content\/uploads\/sites\/2\/2026\/04\/distillerie-des-4-vallees-4-90x60.jpg 90w, https:\/\/www.entrepriseetdecouverte.fr\/espace-pro\/wp-content\/uploads\/sites\/2\/2026\/04\/distillerie-des-4-vallees-4.jpg 1656w\" sizes=\"(max-width: 1200px) 100vw, 1200px\" \/><\/figure><\/li><li class=\"blocks-gallery-item\"><figure><img loading=\"lazy\" width=\"850\" height=\"567\" data-src=\"https:\/\/www.entrepriseetdecouverte.fr\/espace-pro\/wp-content\/uploads\/sites\/2\/2026\/04\/maison-piganiol.5.jpg\" alt=\"\" data-id=\"74517\" data-full-url=\"https:\/\/www.entrepriseetdecouverte.fr\/espace-pro\/wp-content\/uploads\/sites\/2\/2026\/04\/maison-piganiol.5.jpg\" data-link=\"https:\/\/www.entrepriseetdecouverte.fr\/espace-pro\/?attachment_id=74517\" class=\"wp-image-74517\" data-srcset=\"https:\/\/www.entrepriseetdecouverte.fr\/espace-pro\/wp-content\/uploads\/sites\/2\/2026\/04\/maison-piganiol.5.jpg 850w, https:\/\/www.entrepriseetdecouverte.fr\/espace-pro\/wp-content\/uploads\/sites\/2\/2026\/04\/maison-piganiol.5-600x400.jpg 600w, https:\/\/www.entrepriseetdecouverte.fr\/espace-pro\/wp-content\/uploads\/sites\/2\/2026\/04\/maison-piganiol.5-200x133.jpg 200w, https:\/\/www.entrepriseetdecouverte.fr\/espace-pro\/wp-content\/uploads\/sites\/2\/2026\/04\/maison-piganiol.5-90x60.jpg 90w\" sizes=\"(max-width: 850px) 100vw, 850px\" \/><\/figure><\/li><\/ul><\/figure>\n\n\n\n<p class=\"is-style-normal\" style=\"font-size:10px\"><em>\u00a9La Fabrique de Julien \/ La Distillerie des 4 Vall\u00e9es \/ Maison Piganiol <\/em><\/p>\n\n\n\n<div class=\"wp-block-columns\">\n<div class=\"wp-block-column\" style=\"flex-basis:33.33%\">\n<figure class=\"wp-block-image size-large is-style-rounded\"><img loading=\"lazy\" width=\"1200\" height=\"1120\" data-src=\"https:\/\/www.entrepriseetdecouverte.fr\/espace-pro\/wp-content\/uploads\/sites\/2\/2026\/04\/photo-g.-mercier-art-aura_site-web-1200x1120.jpg\" alt=\"\" class=\"wp-image-74610\" data-srcset=\"https:\/\/www.entrepriseetdecouverte.fr\/espace-pro\/wp-content\/uploads\/sites\/2\/2026\/04\/photo-g.-mercier-art-aura_site-web-1200x1120.jpg 1200w, https:\/\/www.entrepriseetdecouverte.fr\/espace-pro\/wp-content\/uploads\/sites\/2\/2026\/04\/photo-g.-mercier-art-aura_site-web-600x560.jpg 600w, https:\/\/www.entrepriseetdecouverte.fr\/espace-pro\/wp-content\/uploads\/sites\/2\/2026\/04\/photo-g.-mercier-art-aura_site-web-900x840.jpg 900w, https:\/\/www.entrepriseetdecouverte.fr\/espace-pro\/wp-content\/uploads\/sites\/2\/2026\/04\/photo-g.-mercier-art-aura_site-web-1536x1433.jpg 1536w, https:\/\/www.entrepriseetdecouverte.fr\/espace-pro\/wp-content\/uploads\/sites\/2\/2026\/04\/photo-g.-mercier-art-aura_site-web-200x187.jpg 200w, https:\/\/www.entrepriseetdecouverte.fr\/espace-pro\/wp-content\/uploads\/sites\/2\/2026\/04\/photo-g.-mercier-art-aura_site-web-64x60.jpg 64w, https:\/\/www.entrepriseetdecouverte.fr\/espace-pro\/wp-content\/uploads\/sites\/2\/2026\/04\/photo-g.-mercier-art-aura_site-web.jpg 2048w\" sizes=\"(max-width: 1200px) 100vw, 1200px\" \/><\/figure>\n<\/div>\n\n\n\n<div class=\"wp-block-column is-vertically-aligned-center\" style=\"flex-basis:66.66%\">\n<p class=\"is-style-blockquote\" style=\"font-size:15px\">\u00ab\u00a0Ces chiffres\u00a0sont bien plus que des statistiques, ils sont <strong>le reflet de la vitalit\u00e9 \u00e9conomique et de la fiert\u00e9 territoriale d\u2019Auvergne-Rh\u00f4ne-Alpes<\/strong>. (&#8230;) Le public ne veut plus seulement consommer des vacances, il veut comprendre comment on innove et comment on p\u00e9rennise des savoir-faire d\u2019excellence. <strong>C\u2019est<\/strong>\u00a0<strong>un lien direct entre le producteur et le citoyen<\/strong>.\u00a0\u00bb &#8211; Geoffrey Mercier, Directeur G\u00e9n\u00e9ral d&rsquo;Auvergne-Rh\u00f4ne-Alpes Tourisme<\/p>\n<\/div>\n<\/div>\n\n\n\n<h3>Une dynamique r\u00e9gionale structur\u00e9e et accompagn\u00e9e<\/h3>\n\n\n\n<p class=\"is-style-normal\">Le d\u00e9veloppement de la visite d\u2019entreprise en Auvergne-Rh\u00f4ne-Alpes repose sur une dynamique collective forte, associant la R\u00e9gion, l\u2019Agence R\u00e9gionale du Tourisme et Entreprise et D\u00e9couverte.<\/p>\n\n\n\n<p class=\"is-style-normal\">Depuis sa cr\u00e9ation en 2022, <a href=\"https:\/\/www.entrepriseetdecouverte.fr\/espace-pro\/lassociation\/nos-antennes-regionales\/auvergne-rhone-alpes\/\" target=\"_blank\" rel=\"noreferrer noopener\">l\u2019antenne r\u00e9gionale<\/a> d\u2019Entreprise et D\u00e9couverte joue un r\u00f4le structurant dans cette dynamique :<\/p>\n\n\n\n<ul><li>r\u00e9alisation d\u2019un <strong>diagnostic r\u00e9gional et d\u2019un plan d\u2019actions<\/strong><\/li><li>accompagnement de <strong>plus de 20 entreprises et territoires<\/strong><\/li><li>interventions sur l\u2019ensemble du territoire (sensibilisation, formation, structuration)<\/li><li>participation \u00e0 des dispositifs nationaux et europ\u00e9ens<\/li><\/ul>\n\n\n\n<p class=\"is-style-normal\"><\/p>\n\n\n\n<p class=\"is-style-normal\">Cette approche partenariale permet de <strong>structurer la fili\u00e8re, professionnaliser les acteurs et accompagner la mont\u00e9e en qualit\u00e9 de l\u2019offre<\/strong>.<\/p>\n\n\n\n<h4>Les partenaires de l&rsquo;antenne r\u00e9gionale Entreprise et D\u00e9couverte<\/h4>\n\n\n\n<div class=\"wp-block-image is-style-default\"><figure class=\"aligncenter size-medium\"><img loading=\"lazy\" width=\"600\" height=\"288\" data-src=\"https:\/\/www.entrepriseetdecouverte.fr\/espace-pro\/wp-content\/uploads\/sites\/2\/2026\/04\/logos-partenaires-copil-2-600x288.png\" alt=\"\" class=\"wp-image-74525\" data-srcset=\"https:\/\/www.entrepriseetdecouverte.fr\/espace-pro\/wp-content\/uploads\/sites\/2\/2026\/04\/logos-partenaires-copil-2-600x288.png 600w, https:\/\/www.entrepriseetdecouverte.fr\/espace-pro\/wp-content\/uploads\/sites\/2\/2026\/04\/logos-partenaires-copil-2-900x432.png 900w, https:\/\/www.entrepriseetdecouverte.fr\/espace-pro\/wp-content\/uploads\/sites\/2\/2026\/04\/logos-partenaires-copil-2-200x96.png 200w, https:\/\/www.entrepriseetdecouverte.fr\/espace-pro\/wp-content\/uploads\/sites\/2\/2026\/04\/logos-partenaires-copil-2-125x60.png 125w, https:\/\/www.entrepriseetdecouverte.fr\/espace-pro\/wp-content\/uploads\/sites\/2\/2026\/04\/logos-partenaires-copil-2.png 991w\" sizes=\"(max-width: 600px) 100vw, 600px\" \/><\/figure><\/div>\n\n\n\n<h3>Pour aller plus loin  <\/h3>\n\n\n\n<p class=\"is-style-highlight has-medium-font-size\"><strong>Lire l&rsquo;article \u00ab\u00a0Entretien avec Geoffrey Mercier, Directeur G\u00e9n\u00e9ral d&rsquo;Auvergne-Rh\u00f4ne-Alpes\u00a0\u00bb \ud83d\udc49 A d\u00e9couvrir <a href=\"https:\/\/www.entrepriseetdecouverte.fr\/espace-pro\/2026\/04\/23\/entretien-avec-geoffrey-mercier-directeur-general-auvergne-rhone-alpes-tourisme\/\" target=\"_blank\" rel=\"noreferrer noopener\">ici<\/a><\/strong><\/p>\n\n\n\n<div class=\"wp-block-columns\">\n<div class=\"wp-block-column\" style=\"flex-basis:33.33%\">\n<figure class=\"wp-block-image size-medium is-style-default\"><img loading=\"lazy\" width=\"400\" height=\"600\" data-src=\"https:\/\/www.entrepriseetdecouverte.fr\/espace-pro\/wp-content\/uploads\/sites\/2\/2025\/04\/chloe-chabot-ed-400x600.jpg\" alt=\"\" class=\"wp-image-70991\" data-srcset=\"https:\/\/www.entrepriseetdecouverte.fr\/espace-pro\/wp-content\/uploads\/sites\/2\/2025\/04\/chloe-chabot-ed-400x600.jpg 400w, https:\/\/www.entrepriseetdecouverte.fr\/espace-pro\/wp-content\/uploads\/sites\/2\/2025\/04\/chloe-chabot-ed-800x1200.jpg 800w, https:\/\/www.entrepriseetdecouverte.fr\/espace-pro\/wp-content\/uploads\/sites\/2\/2025\/04\/chloe-chabot-ed-600x900.jpg 600w, https:\/\/www.entrepriseetdecouverte.fr\/espace-pro\/wp-content\/uploads\/sites\/2\/2025\/04\/chloe-chabot-ed-200x300.jpg 200w, https:\/\/www.entrepriseetdecouverte.fr\/espace-pro\/wp-content\/uploads\/sites\/2\/2025\/04\/chloe-chabot-ed-40x60.jpg 40w, https:\/\/www.entrepriseetdecouverte.fr\/espace-pro\/wp-content\/uploads\/sites\/2\/2025\/04\/chloe-chabot-ed.jpg 1000w\" sizes=\"(max-width: 400px) 100vw, 400px\" \/><\/figure>\n<\/div>\n\n\n\n<div class=\"wp-block-column is-vertically-aligned-center\" style=\"flex-basis:66.66%\">\n<h4>\ud83d\udcdd Votre interlocutrice en Auvergne-Rh\u00f4ne-Alpes<\/h4>\n\n\n\n<p class=\"is-style-normal\"><strong>Chlo\u00e9 Chabot<\/strong>, d\u00e9l\u00e9gu\u00e9e r\u00e9gionale Entreprise et D\u00e9couverte en Auvergne-Rh\u00f4ne-Alpes \/ <a href=\"mailto:chloe.chabot@entrepriseetdecouverte.fr\">chloe.chabot@entrepriseetdecouverte.fr<\/a><\/p>\n\n\n\n<p class=\"is-style-normal\">Entreprise et D\u00e9couverte <a href=\"https:\/\/www.entrepriseetdecouverte.fr\/espace-pro\/laccompagnement\/\" target=\"_blank\" rel=\"noreferrer noopener\">accompagne les entreprises et les territoires<\/a> dans la structuration d\u2019une offre de visite qualitative, au service de l\u2019attractivit\u00e9 des territoires et de la transmission des savoir-faire. Un projet en cours ou une question sur la faisabilit\u00e9 de votre projet ? Prenez contact avec notre \u00e9quipe au plus vite !  <\/p>\n\n\n\n<p class=\"is-style-normal\"><\/p>\n<\/div>\n<\/div>\n\n\n\n<div class=\"wp-block-columns\">\n<div class=\"wp-block-column\" style=\"flex-basis:33.33%\">\n<figure class=\"wp-block-image size-large is-style-default\"><a href=\"https:\/\/www.entrepriseetdecouverte.fr\/espace-pro\/wp-content\/uploads\/sites\/2\/2025\/07\/aura_observatoire-2025-entreprise-et-decouverte_compressed.pdf\" target=\"_blank\" rel=\"noopener\"><img loading=\"lazy\" width=\"849\" height=\"1200\" data-src=\"https:\/\/www.entrepriseetdecouverte.fr\/espace-pro\/wp-content\/uploads\/sites\/2\/2025\/07\/aura_couverture_observatoire-2025-entreprise-et-decouverte-849x1200.jpg\" alt=\"\" class=\"wp-image-71963\" data-srcset=\"https:\/\/www.entrepriseetdecouverte.fr\/espace-pro\/wp-content\/uploads\/sites\/2\/2025\/07\/aura_couverture_observatoire-2025-entreprise-et-decouverte-849x1200.jpg 849w, https:\/\/www.entrepriseetdecouverte.fr\/espace-pro\/wp-content\/uploads\/sites\/2\/2025\/07\/aura_couverture_observatoire-2025-entreprise-et-decouverte-424x600.jpg 424w, https:\/\/www.entrepriseetdecouverte.fr\/espace-pro\/wp-content\/uploads\/sites\/2\/2025\/07\/aura_couverture_observatoire-2025-entreprise-et-decouverte-636x900.jpg 636w, https:\/\/www.entrepriseetdecouverte.fr\/espace-pro\/wp-content\/uploads\/sites\/2\/2025\/07\/aura_couverture_observatoire-2025-entreprise-et-decouverte-200x283.jpg 200w, https:\/\/www.entrepriseetdecouverte.fr\/espace-pro\/wp-content\/uploads\/sites\/2\/2025\/07\/aura_couverture_observatoire-2025-entreprise-et-decouverte-42x60.jpg 42w, https:\/\/www.entrepriseetdecouverte.fr\/espace-pro\/wp-content\/uploads\/sites\/2\/2025\/07\/aura_couverture_observatoire-2025-entreprise-et-decouverte.jpg 1000w\" sizes=\"(max-width: 849px) 100vw, 849px\" \/><\/a><\/figure>\n<\/div>\n\n\n\n<div class=\"wp-block-column is-vertically-aligned-center\" style=\"flex-basis:66.66%\">\n<h4> \ud83d\udd17 L&rsquo;observatoire de la visite d&rsquo;entreprise en Auvergne-Rh\u00f4ne-Alpes<\/h4>\n\n\n\n<p class=\"is-style-normal\"> Retrouvez <a href=\"https:\/\/www.entrepriseetdecouverte.fr\/espace-pro\/wp-content\/uploads\/sites\/2\/2025\/07\/aura_observatoire-2025-entreprise-et-decouverte_compressed.pdf\" target=\"_blank\" rel=\"noreferrer noopener\">sur le site pro<\/a> l&rsquo;ensemble des Chiffres cl\u00e9s de la visite d&rsquo;entreprise en Auvergne-Rh\u00f4ne-Alpes.  D\u00e9couvrez \u00e9galement les entreprises ouvertes au public toute l&rsquo;ann\u00e9e en <a href=\"https:\/\/www.entrepriseetdecouverte.fr\/je-trouve-ma-visite\/par-region\/bourgogne-franche-comte\/?shareid=0e03d293-2214-ed5c-446b-471b974e4bc0\" target=\"_blank\" rel=\"noreferrer noopener\">Auvergne-Rh\u00f4ne-Alpes ! <\/a><\/p>\n<\/div>\n<\/div>\n","protected":false},"excerpt":{"rendered":"<p>La visite d\u2019entreprise s\u2019impose comme un levier structurant de d\u00e9veloppement territorial. En Auvergne-Rh\u00f4ne-Alpes, les chiffres 2025 de l\u2019Observatoire Entreprise et D\u00e9couverte confirment une dynamique particuli\u00e8rement soutenue, port\u00e9e par un tissu d\u2019entreprises dense, des fili\u00e8res embl\u00e9matiques et une fr\u00e9quentation en forte progression. D\u00e9cryptage d\u2019un \u00e9cosyst\u00e8me o\u00f9 entreprises, tourisme et savoir-faire se rencontrent pour renforcer l\u2019attractivit\u00e9 du territoire.<\/p>\n","protected":false},"author":1160,"featured_media":74488,"comment_status":"open","ping_status":"open","sticky":false,"template":"","format":"standard","meta":{"_relevanssi_hide_post":"","_relevanssi_pin_for_all":"","_relevanssi_pin_keywords":"","_relevanssi_unpin_keywords":"","_relevanssi_related_keywords":"","_relevanssi_related_include_ids":"","_relevanssi_related_exclude_ids":"","_relevanssi_related_no_append":"","_relevanssi_related_not_related":"","_relevanssi_related_posts":"73083,71949,62413,70946,63185,61125","_relevanssi_noindex_reason":""},"categories":[34],"tags":[],"yoast_head":"<!-- This site is optimized with the Yoast SEO plugin v17.4 - https:\/\/yoast.com\/wordpress\/plugins\/seo\/ -->\n<meta name=\"description\" content=\"La visite d\u2019entreprise s\u2019impose comme un levier structurant de d\u00e9veloppement territorial. En Auvergne-Rh\u00f4ne-Alpes, les chiffres 2025 de l\u2019Observatoire Entreprise et D\u00e9couverte confirment une dynamique particuli\u00e8rement soutenue, port\u00e9e par un tissu d\u2019entreprises dense, des fili\u00e8res embl\u00e9matiques et une fr\u00e9quentation en forte progression. D\u00e9cryptage d\u2019un \u00e9cosyst\u00e8me o\u00f9 entreprises, tourisme et savoir-faire se rencontrent pour renforcer l\u2019attractivit\u00e9 du territoire.\" \/>\n<meta name=\"robots\" content=\"index, follow, max-snippet:-1, max-image-preview:large, max-video-preview:-1\" \/>\n<link rel=\"canonical\" href=\"https:\/\/www.entrepriseetdecouverte.fr\/espace-pro\/2026\/04\/23\/la-visite-dentreprise-en-chiffres-auvergne-rhone-alpes\/\" \/>\n<meta property=\"og:locale\" content=\"fr_FR\" \/>\n<meta property=\"og:type\" content=\"article\" \/>\n<meta property=\"og:title\" content=\"Chiffres cl\u00e9s Auvergne-Rh\u00f4ne-Alpes I Visite d&#039;entreprise\" \/>\n<meta property=\"og:description\" content=\"La visite d\u2019entreprise s\u2019impose comme un levier structurant de d\u00e9veloppement territorial. En Auvergne-Rh\u00f4ne-Alpes, les chiffres 2025 de l\u2019Observatoire Entreprise et D\u00e9couverte confirment une dynamique particuli\u00e8rement soutenue, port\u00e9e par un tissu d\u2019entreprises dense, des fili\u00e8res embl\u00e9matiques et une fr\u00e9quentation en forte progression. D\u00e9cryptage d\u2019un \u00e9cosyst\u00e8me o\u00f9 entreprises, tourisme et savoir-faire se rencontrent pour renforcer l\u2019attractivit\u00e9 du territoire.\" \/>\n<meta property=\"og:url\" content=\"https:\/\/www.entrepriseetdecouverte.fr\/espace-pro\/2026\/04\/23\/la-visite-dentreprise-en-chiffres-auvergne-rhone-alpes\/\" \/>\n<meta property=\"og:site_name\" content=\"Espace Pro\" \/>\n<meta property=\"article:published_time\" content=\"2026-04-23T09:10:05+00:00\" \/>\n<meta property=\"article:modified_time\" content=\"2026-04-23T10:22:18+00:00\" \/>\n<meta property=\"og:image\" content=\"https:\/\/www.entrepriseetdecouverte.fr\/espace-pro\/wp-content\/uploads\/sites\/2\/2026\/04\/entreprise_et_decouverte_edf_cnpe_bugey-edf-patrice-dhumes-4.jpg\" \/>\n\t<meta property=\"og:image:width\" content=\"1024\" \/>\n\t<meta property=\"og:image:height\" content=\"681\" \/>\n<meta name=\"twitter:card\" content=\"summary_large_image\" \/>\n<meta name=\"twitter:label1\" content=\"\u00c9crit par\" \/>\n\t<meta name=\"twitter:data1\" content=\"Marie\" \/>\n\t<meta name=\"twitter:label2\" content=\"Dur\u00e9e de lecture estim\u00e9e\" \/>\n\t<meta name=\"twitter:data2\" content=\"6 minutes\" \/>\n<script type=\"application\/ld+json\" class=\"yoast-schema-graph\">{\"@context\":\"https:\/\/schema.org\",\"@graph\":[{\"@type\":\"WebSite\",\"@id\":\"https:\/\/www.entrepriseetdecouverte.fr\/espace-pro\/#website\",\"url\":\"https:\/\/www.entrepriseetdecouverte.fr\/espace-pro\/\",\"name\":\"Espace Pro\",\"description\":\"Un site utilisant Entreprise et D\\u00e9couverte Sites\",\"potentialAction\":[{\"@type\":\"SearchAction\",\"target\":{\"@type\":\"EntryPoint\",\"urlTemplate\":\"https:\/\/www.entrepriseetdecouverte.fr\/espace-pro\/?s={search_term_string}\"},\"query-input\":\"required name=search_term_string\"}],\"inLanguage\":\"fr-FR\"},{\"@type\":\"ImageObject\",\"@id\":\"https:\/\/www.entrepriseetdecouverte.fr\/espace-pro\/2026\/04\/23\/la-visite-dentreprise-en-chiffres-auvergne-rhone-alpes\/#primaryimage\",\"inLanguage\":\"fr-FR\",\"url\":\"https:\/\/www.entrepriseetdecouverte.fr\/espace-pro\/wp-content\/uploads\/sites\/2\/2026\/04\/entreprise_et_decouverte_edf_cnpe_bugey-edf-patrice-dhumes-4.jpg\",\"contentUrl\":\"https:\/\/www.entrepriseetdecouverte.fr\/espace-pro\/wp-content\/uploads\/sites\/2\/2026\/04\/entreprise_et_decouverte_edf_cnpe_bugey-edf-patrice-dhumes-4.jpg\",\"width\":1024,\"height\":681},{\"@type\":\"WebPage\",\"@id\":\"https:\/\/www.entrepriseetdecouverte.fr\/espace-pro\/2026\/04\/23\/la-visite-dentreprise-en-chiffres-auvergne-rhone-alpes\/#webpage\",\"url\":\"https:\/\/www.entrepriseetdecouverte.fr\/espace-pro\/2026\/04\/23\/la-visite-dentreprise-en-chiffres-auvergne-rhone-alpes\/\",\"name\":\"Chiffres cl\\u00e9s Auvergne-Rh\\u00f4ne-Alpes I Visite d'entreprise\",\"isPartOf\":{\"@id\":\"https:\/\/www.entrepriseetdecouverte.fr\/espace-pro\/#website\"},\"primaryImageOfPage\":{\"@id\":\"https:\/\/www.entrepriseetdecouverte.fr\/espace-pro\/2026\/04\/23\/la-visite-dentreprise-en-chiffres-auvergne-rhone-alpes\/#primaryimage\"},\"datePublished\":\"2026-04-23T09:10:05+00:00\",\"dateModified\":\"2026-04-23T10:22:18+00:00\",\"author\":{\"@id\":\"https:\/\/www.entrepriseetdecouverte.fr\/espace-pro\/#\/schema\/person\/3d44b5b8d54214a33448e027b455cd0f\"},\"description\":\"La visite d\\u2019entreprise s\\u2019impose comme un levier structurant de d\\u00e9veloppement territorial. En Auvergne-Rh\\u00f4ne-Alpes, les chiffres 2025 de l\\u2019Observatoire Entreprise et D\\u00e9couverte confirment une dynamique particuli\\u00e8rement soutenue, port\\u00e9e par un tissu d\\u2019entreprises dense, des fili\\u00e8res embl\\u00e9matiques et une fr\\u00e9quentation en forte progression. D\\u00e9cryptage d\\u2019un \\u00e9cosyst\\u00e8me o\\u00f9 entreprises, tourisme et savoir-faire se rencontrent pour renforcer l\\u2019attractivit\\u00e9 du territoire.\",\"breadcrumb\":{\"@id\":\"https:\/\/www.entrepriseetdecouverte.fr\/espace-pro\/2026\/04\/23\/la-visite-dentreprise-en-chiffres-auvergne-rhone-alpes\/#breadcrumb\"},\"inLanguage\":\"fr-FR\",\"potentialAction\":[{\"@type\":\"ReadAction\",\"target\":[\"https:\/\/www.entrepriseetdecouverte.fr\/espace-pro\/2026\/04\/23\/la-visite-dentreprise-en-chiffres-auvergne-rhone-alpes\/\"]}]},{\"@type\":\"BreadcrumbList\",\"@id\":\"https:\/\/www.entrepriseetdecouverte.fr\/espace-pro\/2026\/04\/23\/la-visite-dentreprise-en-chiffres-auvergne-rhone-alpes\/#breadcrumb\",\"itemListElement\":[{\"@type\":\"ListItem\",\"position\":1,\"name\":\"Accueil\",\"item\":\"https:\/\/www.entrepriseetdecouverte.fr\/espace-pro\/\"},{\"@type\":\"ListItem\",\"position\":2,\"name\":\"La visite d&rsquo;entreprise en chiffres &#8211; Auvergne-Rh\\u00f4ne-Alpes\"}]},{\"@type\":\"Person\",\"@id\":\"https:\/\/www.entrepriseetdecouverte.fr\/espace-pro\/#\/schema\/person\/3d44b5b8d54214a33448e027b455cd0f\",\"name\":\"Marie\",\"image\":{\"@type\":\"ImageObject\",\"@id\":\"https:\/\/www.entrepriseetdecouverte.fr\/espace-pro\/#personlogo\",\"inLanguage\":\"fr-FR\",\"url\":\"https:\/\/secure.gravatar.com\/avatar\/2e9d67b0921e033d3b5a8d9435cb686e?s=96&d=mm&r=g\",\"contentUrl\":\"https:\/\/secure.gravatar.com\/avatar\/2e9d67b0921e033d3b5a8d9435cb686e?s=96&d=mm&r=g\",\"caption\":\"Marie\"},\"url\":\"https:\/\/www.entrepriseetdecouverte.fr\/espace-pro\/author\/marie\/\"}]}<\/script>\n<!-- \/ Yoast SEO plugin. -->","yoast_head_json":{"description":"La visite d\u2019entreprise s\u2019impose comme un levier structurant de d\u00e9veloppement territorial. En Auvergne-Rh\u00f4ne-Alpes, les chiffres 2025 de l\u2019Observatoire Entreprise et D\u00e9couverte confirment une dynamique particuli\u00e8rement soutenue, port\u00e9e par un tissu d\u2019entreprises dense, des fili\u00e8res embl\u00e9matiques et une fr\u00e9quentation en forte progression. D\u00e9cryptage d\u2019un \u00e9cosyst\u00e8me o\u00f9 entreprises, tourisme et savoir-faire se rencontrent pour renforcer l\u2019attractivit\u00e9 du territoire.","robots":{"index":"index","follow":"follow","max-snippet":"max-snippet:-1","max-image-preview":"max-image-preview:large","max-video-preview":"max-video-preview:-1"},"canonical":"https:\/\/www.entrepriseetdecouverte.fr\/espace-pro\/2026\/04\/23\/la-visite-dentreprise-en-chiffres-auvergne-rhone-alpes\/","og_locale":"fr_FR","og_type":"article","og_title":"Chiffres cl\u00e9s Auvergne-Rh\u00f4ne-Alpes I Visite d'entreprise","og_description":"La visite d\u2019entreprise s\u2019impose comme un levier structurant de d\u00e9veloppement territorial. En Auvergne-Rh\u00f4ne-Alpes, les chiffres 2025 de l\u2019Observatoire Entreprise et D\u00e9couverte confirment une dynamique particuli\u00e8rement soutenue, port\u00e9e par un tissu d\u2019entreprises dense, des fili\u00e8res embl\u00e9matiques et une fr\u00e9quentation en forte progression. D\u00e9cryptage d\u2019un \u00e9cosyst\u00e8me o\u00f9 entreprises, tourisme et savoir-faire se rencontrent pour renforcer l\u2019attractivit\u00e9 du territoire.","og_url":"https:\/\/www.entrepriseetdecouverte.fr\/espace-pro\/2026\/04\/23\/la-visite-dentreprise-en-chiffres-auvergne-rhone-alpes\/","og_site_name":"Espace Pro","article_published_time":"2026-04-23T09:10:05+00:00","article_modified_time":"2026-04-23T10:22:18+00:00","og_image":[{"width":1024,"height":681,"url":"https:\/\/www.entrepriseetdecouverte.fr\/espace-pro\/wp-content\/uploads\/sites\/2\/2026\/04\/entreprise_et_decouverte_edf_cnpe_bugey-edf-patrice-dhumes-4.jpg","type":"image\/jpeg"}],"twitter_card":"summary_large_image","twitter_misc":{"\u00c9crit par":"Marie","Dur\u00e9e de lecture estim\u00e9e":"6 minutes"},"schema":{"@context":"https:\/\/schema.org","@graph":[{"@type":"WebSite","@id":"https:\/\/www.entrepriseetdecouverte.fr\/espace-pro\/#website","url":"https:\/\/www.entrepriseetdecouverte.fr\/espace-pro\/","name":"Espace Pro","description":"Un site utilisant Entreprise et D\u00e9couverte Sites","potentialAction":[{"@type":"SearchAction","target":{"@type":"EntryPoint","urlTemplate":"https:\/\/www.entrepriseetdecouverte.fr\/espace-pro\/?s={search_term_string}"},"query-input":"required name=search_term_string"}],"inLanguage":"fr-FR"},{"@type":"ImageObject","@id":"https:\/\/www.entrepriseetdecouverte.fr\/espace-pro\/2026\/04\/23\/la-visite-dentreprise-en-chiffres-auvergne-rhone-alpes\/#primaryimage","inLanguage":"fr-FR","url":"https:\/\/www.entrepriseetdecouverte.fr\/espace-pro\/wp-content\/uploads\/sites\/2\/2026\/04\/entreprise_et_decouverte_edf_cnpe_bugey-edf-patrice-dhumes-4.jpg","contentUrl":"https:\/\/www.entrepriseetdecouverte.fr\/espace-pro\/wp-content\/uploads\/sites\/2\/2026\/04\/entreprise_et_decouverte_edf_cnpe_bugey-edf-patrice-dhumes-4.jpg","width":1024,"height":681},{"@type":"WebPage","@id":"https:\/\/www.entrepriseetdecouverte.fr\/espace-pro\/2026\/04\/23\/la-visite-dentreprise-en-chiffres-auvergne-rhone-alpes\/#webpage","url":"https:\/\/www.entrepriseetdecouverte.fr\/espace-pro\/2026\/04\/23\/la-visite-dentreprise-en-chiffres-auvergne-rhone-alpes\/","name":"Chiffres cl\u00e9s Auvergne-Rh\u00f4ne-Alpes I Visite d'entreprise","isPartOf":{"@id":"https:\/\/www.entrepriseetdecouverte.fr\/espace-pro\/#website"},"primaryImageOfPage":{"@id":"https:\/\/www.entrepriseetdecouverte.fr\/espace-pro\/2026\/04\/23\/la-visite-dentreprise-en-chiffres-auvergne-rhone-alpes\/#primaryimage"},"datePublished":"2026-04-23T09:10:05+00:00","dateModified":"2026-04-23T10:22:18+00:00","author":{"@id":"https:\/\/www.entrepriseetdecouverte.fr\/espace-pro\/#\/schema\/person\/3d44b5b8d54214a33448e027b455cd0f"},"description":"La visite d\u2019entreprise s\u2019impose comme un levier structurant de d\u00e9veloppement territorial. En Auvergne-Rh\u00f4ne-Alpes, les chiffres 2025 de l\u2019Observatoire Entreprise et D\u00e9couverte confirment une dynamique particuli\u00e8rement soutenue, port\u00e9e par un tissu d\u2019entreprises dense, des fili\u00e8res embl\u00e9matiques et une fr\u00e9quentation en forte progression. D\u00e9cryptage d\u2019un \u00e9cosyst\u00e8me o\u00f9 entreprises, tourisme et savoir-faire se rencontrent pour renforcer l\u2019attractivit\u00e9 du territoire.","breadcrumb":{"@id":"https:\/\/www.entrepriseetdecouverte.fr\/espace-pro\/2026\/04\/23\/la-visite-dentreprise-en-chiffres-auvergne-rhone-alpes\/#breadcrumb"},"inLanguage":"fr-FR","potentialAction":[{"@type":"ReadAction","target":["https:\/\/www.entrepriseetdecouverte.fr\/espace-pro\/2026\/04\/23\/la-visite-dentreprise-en-chiffres-auvergne-rhone-alpes\/"]}]},{"@type":"BreadcrumbList","@id":"https:\/\/www.entrepriseetdecouverte.fr\/espace-pro\/2026\/04\/23\/la-visite-dentreprise-en-chiffres-auvergne-rhone-alpes\/#breadcrumb","itemListElement":[{"@type":"ListItem","position":1,"name":"Accueil","item":"https:\/\/www.entrepriseetdecouverte.fr\/espace-pro\/"},{"@type":"ListItem","position":2,"name":"La visite d&rsquo;entreprise en chiffres &#8211; Auvergne-Rh\u00f4ne-Alpes"}]},{"@type":"Person","@id":"https:\/\/www.entrepriseetdecouverte.fr\/espace-pro\/#\/schema\/person\/3d44b5b8d54214a33448e027b455cd0f","name":"Marie","image":{"@type":"ImageObject","@id":"https:\/\/www.entrepriseetdecouverte.fr\/espace-pro\/#personlogo","inLanguage":"fr-FR","url":"https:\/\/secure.gravatar.com\/avatar\/2e9d67b0921e033d3b5a8d9435cb686e?s=96&d=mm&r=g","contentUrl":"https:\/\/secure.gravatar.com\/avatar\/2e9d67b0921e033d3b5a8d9435cb686e?s=96&d=mm&r=g","caption":"Marie"},"url":"https:\/\/www.entrepriseetdecouverte.fr\/espace-pro\/author\/marie\/"}]}},"_links":{"self":[{"href":"https:\/\/www.entrepriseetdecouverte.fr\/espace-pro\/wp-json\/wp\/v2\/posts\/74483"}],"collection":[{"href":"https:\/\/www.entrepriseetdecouverte.fr\/espace-pro\/wp-json\/wp\/v2\/posts"}],"about":[{"href":"https:\/\/www.entrepriseetdecouverte.fr\/espace-pro\/wp-json\/wp\/v2\/types\/post"}],"author":[{"embeddable":true,"href":"https:\/\/www.entrepriseetdecouverte.fr\/espace-pro\/wp-json\/wp\/v2\/users\/1160"}],"replies":[{"embeddable":true,"href":"https:\/\/www.entrepriseetdecouverte.fr\/espace-pro\/wp-json\/wp\/v2\/comments?post=74483"}],"version-history":[{"count":41,"href":"https:\/\/www.entrepriseetdecouverte.fr\/espace-pro\/wp-json\/wp\/v2\/posts\/74483\/revisions"}],"predecessor-version":[{"id":74618,"href":"https:\/\/www.entrepriseetdecouverte.fr\/espace-pro\/wp-json\/wp\/v2\/posts\/74483\/revisions\/74618"}],"wp:featuredmedia":[{"embeddable":true,"href":"https:\/\/www.entrepriseetdecouverte.fr\/espace-pro\/wp-json\/wp\/v2\/media\/74488"}],"wp:attachment":[{"href":"https:\/\/www.entrepriseetdecouverte.fr\/espace-pro\/wp-json\/wp\/v2\/media?parent=74483"}],"wp:term":[{"taxonomy":"category","embeddable":true,"href":"https:\/\/www.entrepriseetdecouverte.fr\/espace-pro\/wp-json\/wp\/v2\/categories?post=74483"},{"taxonomy":"post_tag","embeddable":true,"href":"https:\/\/www.entrepriseetdecouverte.fr\/espace-pro\/wp-json\/wp\/v2\/tags?post=74483"}],"curies":[{"name":"wp","href":"https:\/\/api.w.org\/{rel}","templated":true}]}}