{"id":73933,"date":"2026-03-01T11:13:00","date_gmt":"2026-03-01T10:13:00","guid":{"rendered":"https:\/\/www.entrepriseetdecouverte.fr\/espace-pro\/?p=73933"},"modified":"2026-03-11T11:16:26","modified_gmt":"2026-03-11T10:16:26","slug":"entretien-avec-bruno-toulemonde-president-de-lassociation-reseau-excellence-epv-hauts-de-france","status":"publish","type":"post","link":"https:\/\/www.entrepriseetdecouverte.fr\/espace-pro\/2026\/03\/01\/entretien-avec-bruno-toulemonde-president-de-lassociation-reseau-excellence-epv-hauts-de-france\/","title":{"rendered":"Entretien avec Bruno Toulemonde, pr\u00e9sident de l&rsquo;association R\u00e9seau Excellence EPV Hauts-de-France"},"content":{"rendered":"\n<p class=\"is-style-intro\">L&rsquo;association R\u00e9seau Excellence EPV Hauts-de-France et l&rsquo;antenne r\u00e9gionale d&rsquo;Entreprise et D\u00e9couverte collabore depuis la cr\u00e9ation de l&rsquo;antenne en 2022. Les deux structures partagent une mission commune de&nbsp;valorisation des savoir-faire r\u00e9gionaux et des entreprises&nbsp;qui les font vivre.&nbsp;<br><\/p>\n\n\n\n<p class=\"is-style-blockquote\"><strong> Le label \u00ab\u00a0Entreprise du Patrimoine Vivant\u00a0\u00bb (EPV) est port\u00e9 par l&rsquo;Etat. <em>Quelle est la sp\u00e9cificit\u00e9 des Hauts-de-France dans <\/em>cet \u00e9cosyst\u00e8me ?<\/strong><\/p>\n\n\n\n<p class=\"is-style-normal\"><\/p>\n\n\n\n<div class=\"wp-block-media-text alignwide is-stacked-on-mobile is-image-fill\"><figure class=\"wp-block-media-text__media\" style=\"background-image:url(https:\/\/www.entrepriseetdecouverte.fr\/espace-pro\/wp-content\/uploads\/sites\/2\/2026\/03\/btlm-epv-bercy-celia-bonnin-1200x962.jpeg);background-position:50% 50%\"><img loading=\"lazy\" width=\"1200\" height=\"962\" data-src=\"https:\/\/www.entrepriseetdecouverte.fr\/espace-pro\/wp-content\/uploads\/sites\/2\/2026\/03\/btlm-epv-bercy-celia-bonnin-1200x962.jpeg\" alt=\"\" class=\"wp-image-73942 size-full\" data-srcset=\"https:\/\/www.entrepriseetdecouverte.fr\/espace-pro\/wp-content\/uploads\/sites\/2\/2026\/03\/btlm-epv-bercy-celia-bonnin-1200x962.jpeg 1200w, https:\/\/www.entrepriseetdecouverte.fr\/espace-pro\/wp-content\/uploads\/sites\/2\/2026\/03\/btlm-epv-bercy-celia-bonnin-600x481.jpeg 600w, https:\/\/www.entrepriseetdecouverte.fr\/espace-pro\/wp-content\/uploads\/sites\/2\/2026\/03\/btlm-epv-bercy-celia-bonnin-900x721.jpeg 900w, https:\/\/www.entrepriseetdecouverte.fr\/espace-pro\/wp-content\/uploads\/sites\/2\/2026\/03\/btlm-epv-bercy-celia-bonnin-1536x1231.jpeg 1536w, https:\/\/www.entrepriseetdecouverte.fr\/espace-pro\/wp-content\/uploads\/sites\/2\/2026\/03\/btlm-epv-bercy-celia-bonnin-200x160.jpeg 200w, https:\/\/www.entrepriseetdecouverte.fr\/espace-pro\/wp-content\/uploads\/sites\/2\/2026\/03\/btlm-epv-bercy-celia-bonnin-75x60.jpeg 75w, https:\/\/www.entrepriseetdecouverte.fr\/espace-pro\/wp-content\/uploads\/sites\/2\/2026\/03\/btlm-epv-bercy-celia-bonnin.jpeg 1627w\" sizes=\"(max-width: 1200px) 100vw, 1200px\" \/><\/figure><div class=\"wp-block-media-text__content\">\n<p class=\"is-style-normal\"><\/p>\n\n\n\n<p>La r\u00e9gion&nbsp;<strong>Hauts-de-France<\/strong>&nbsp;occupe une place assez&nbsp;<strong>singuli\u00e8re dans le r\u00e9seau national des Entreprise du Patrimoine Vivant (EPV)<\/strong>.&nbsp;Souvent familial et s\u00e9culaire sur&nbsp;<strong>4 \u00e0 7 g\u00e9n\u00e9rations<\/strong>, le territoire des Hauts-de-France b\u00e9n\u00e9ficie d\u2019un ancrage fort et d\u2019une reconnaissance pour la capacit\u00e9 \u00e0 allier tradition et innovation.<\/p>\n\n\n\n<p>Elle se distingue par&nbsp;<strong> une forte tradition industrielle <\/strong>(production, m\u00e9canisation) des savoir-faire techniques souvent li\u00e9s <strong>\u00e0 la ma\u00eetrise d\u2019un proc\u00e9d\u00e9 industriel complexe<\/strong> tant dans la verrerie, dans l\u2019industrie <strong>mini\u00e8re \u2013 m\u00e9canique \u2013 m\u00e9tallurgique, que la fili\u00e8re textile,<\/strong> h\u00e9rit\u00e9e de son histoire \u00e9conomique.&nbsp;<\/p>\n\n\n\n<p>La r\u00e9gion est&nbsp;<strong>un des derniers p\u00f4les europ\u00e9ens de dentelle et de tissage haut de gamme<\/strong>.<\/p>\n\n\n\n<p>En&nbsp;<strong>2026<\/strong>, la r\u00e9gion&nbsp;<strong>Hauts-de-France<\/strong>&nbsp;compte<a href=\"https:\/\/www.reseauexcellence.fr\/fr\/organisations\/categories\/regions\/epv-hauts-de-france\/\" target=\"_blank\" rel=\"noreferrer noopener\">&nbsp;<strong>67&nbsp; entreprises labellis\u00e9es \u201cEntreprise du Patrimoine Vivant <\/strong><\/a> &#8211; le seul label d\u2019\u00c9tat qui distingue les entreprises fran\u00e7aises poss\u00e9dant un savoir-faire artisanal ou industriel rare et d\u2019excellence. <\/p>\n\n\n\n<p>On compte parmi elles des entreprises qui se visitent telles que Arc France, les Faiseurs de Bateaux ou encore la Brasserie 3 Monts. <\/p>\n<\/div><\/div>\n\n\n\n<p class=\"is-style-normal\"><\/p>\n\n\n\n<p class=\"is-style-blockquote\"><strong>Pr\u00e9cis\u00e9ment, e<em>n quoi la visite d\u2019entreprise est-elle un levier pour les entreprises labellis\u00e9es EPV<\/em> dans notre r\u00e9gion ?<\/strong><\/p>\n\n\n\n<p class=\"is-style-normal\"><\/p>\n\n\n\n<div class=\"wp-block-media-text alignwide has-media-on-the-right is-stacked-on-mobile is-image-fill\"><figure class=\"wp-block-media-text__media\" style=\"background-image:url(https:\/\/www.entrepriseetdecouverte.fr\/espace-pro\/wp-content\/uploads\/sites\/2\/2025\/01\/arc_2025.9.jpg);background-position:50% 50%\"><img loading=\"lazy\" width=\"1000\" height=\"667\" data-src=\"https:\/\/www.entrepriseetdecouverte.fr\/espace-pro\/wp-content\/uploads\/sites\/2\/2025\/01\/arc_2025.9.jpg\" alt=\"\" class=\"wp-image-70093 size-full\" data-srcset=\"https:\/\/www.entrepriseetdecouverte.fr\/espace-pro\/wp-content\/uploads\/sites\/2\/2025\/01\/arc_2025.9.jpg 1000w, https:\/\/www.entrepriseetdecouverte.fr\/espace-pro\/wp-content\/uploads\/sites\/2\/2025\/01\/arc_2025.9-600x400.jpg 600w, https:\/\/www.entrepriseetdecouverte.fr\/espace-pro\/wp-content\/uploads\/sites\/2\/2025\/01\/arc_2025.9-900x600.jpg 900w, https:\/\/www.entrepriseetdecouverte.fr\/espace-pro\/wp-content\/uploads\/sites\/2\/2025\/01\/arc_2025.9-200x133.jpg 200w, https:\/\/www.entrepriseetdecouverte.fr\/espace-pro\/wp-content\/uploads\/sites\/2\/2025\/01\/arc_2025.9-90x60.jpg 90w\" sizes=\"(max-width: 1000px) 100vw, 1000px\" \/><\/figure><div class=\"wp-block-media-text__content\">\n<p>Dans une r\u00e9gion industrielle comme les Hauts-de-France, la visite d\u2019entreprise est un levier important&nbsp;pour&nbsp;:&nbsp;raconter l\u2019histoire de l\u2019entreprise et du territoire, montrer les gestes techniques et proc\u00e9d\u00e9s de fabrication, sensibiliser le public au patrimoine vivant et <strong>valoriser les savoir-faire <\/strong>tant industriels que traditionnels&nbsp;.<\/p>\n\n\n\n<p>Elle permet \u00e9galement de soutenir le d\u00e9veloppement \u00e9conomique des entreprises labellis\u00e9es EPV aux techniques artisanales ou industrielles rares (textile, dentelle, m\u00e9tallurgie, verrerie, etc.) et de <strong>renforcer l\u2019image de marque<\/strong>, la qualit\u00e9 et la confiance.<\/p>\n\n\n\n<p>Dans certains secteurs, la visite d&rsquo;entreprise est indispensable pour faire d\u00e9couvrir les m\u00e9tiers aux jeunes et <strong>susciter des vocations<\/strong> dans les m\u00e9tiers techniques ou artisanaux ainsi que pour renforcer l\u2019attractivit\u00e9 de fili\u00e8res parfois m\u00e9connues (ex : textile, patrimoine industriel).<\/p>\n\n\n\n<p>Sans oublier le <strong>d\u00e9veloppement possible de nouvelles sources de revenus<\/strong>, notamment pour les plus petites entreprises et les artisans.<\/p>\n\n\n\n<p>Au del\u00e0 de la <strong>transmission des comp\u00e9tences<\/strong>, les EPV contribuent \u00e0 l\u2019identit\u00e9 \u00e9conomique r\u00e9gionale du tourisme de savoir-faire.<\/p>\n<\/div><\/div>\n\n\n\n<p class=\"is-style-normal\"><\/p>\n\n\n\n<p class=\"is-style-blockquote\"><strong> Q<em>ue vous apporte la collaboration avec l&rsquo;antenne r\u00e9gionale Entreprise et d\u00e9couverte Hauts-de-France ?<\/em><\/strong><\/p>\n\n\n\n<p>Une collaboration entre&nbsp;l\u2019antenne r\u00e9gionale d\u2019Entreprise et D\u00e9couverte Hauts-de-France&nbsp;et l\u2019association R\u00e9seau Excellence EPV Hauts-de-France apporte une&nbsp;<strong>synergie entre tourisme de savoir-faire et entreprises d\u2019excellence<\/strong>, avec des b\u00e9n\u00e9fices en termes de visibilit\u00e9, d&rsquo;attractivit\u00e9 territoriale, de transmission des m\u00e9tiers et de d\u00e9veloppement \u00e9conomique r\u00e9gional.<\/p>\n\n\n\n<p>Nos actions respectives et conjointes permettent  de :<\/p>\n\n\n\n<ul id=\"block-07fd9f33-ab67-4641-b957-0124b0aa1c36\"><li>de&nbsp;<strong>mettre en lumi\u00e8re <\/strong>les entreprises&nbsp;du R\u00e9seau Excellence EPV Hauts-de-France&nbsp;;<\/li><li>de&nbsp;<strong>valoriser <\/strong>et<strong> promouvoir <\/strong>le patrimoine industriel et artisanal r\u00e9gional&nbsp;;&nbsp;<\/li><li>de <strong>cr\u00e9er des&nbsp;parcours <\/strong>de d\u00e9couverte des savoir-faire d\u2019exception&nbsp;;<\/li><li>d\u2019<strong>attirer&nbsp;talents<\/strong>, visiteurs et investisseurs et de <strong>susciter<\/strong> des&nbsp;<strong>vocations <\/strong>professionnelles&nbsp;;<\/li><li>soutenir la&nbsp;<strong>notori\u00e9t\u00e9 des entreprises locales \u00e0 l\u2019\u00e9chelle nationale et internationale<\/strong>.<\/li><\/ul>\n\n\n\n<p class=\"is-style-normal\"><\/p>\n","protected":false},"excerpt":{"rendered":"<p>L&rsquo;association R\u00e9seau Excellence EPV Hauts-de-France et l&rsquo;antenne r\u00e9gionale d&rsquo;Entreprise et D\u00e9couverte collabore depuis la cr\u00e9ation de l&rsquo;antenne en 2022. Les deux structures partagent une mission commune de&nbsp;valorisation des savoir-faire r\u00e9gionaux et des entreprises&nbsp;qui les font vivre.&nbsp; Le label \u00ab\u00a0Entreprise du Patrimoine Vivant\u00a0\u00bb (EPV) est port\u00e9 par l&rsquo;Etat. Quelle est la sp\u00e9cificit\u00e9 des Hauts-de-France dans cet [&hellip;]<\/p>\n","protected":false},"author":1272,"featured_media":73931,"comment_status":"open","ping_status":"open","sticky":false,"template":"","format":"standard","meta":{"_relevanssi_hide_post":"","_relevanssi_pin_for_all":"","_relevanssi_pin_keywords":"","_relevanssi_unpin_keywords":"","_relevanssi_related_keywords":"","_relevanssi_related_include_ids":"","_relevanssi_related_exclude_ids":"","_relevanssi_related_no_append":"","_relevanssi_related_not_related":"","_relevanssi_related_posts":"71604,62700,60354,68231,61583,71486","_relevanssi_noindex_reason":""},"categories":[1,5],"tags":[],"yoast_head":"<!-- This site is optimized with the Yoast SEO plugin v17.4 - https:\/\/yoast.com\/wordpress\/plugins\/seo\/ -->\n<meta name=\"description\" content=\"L&#039;association R\u00e9seau Excellence EPV Hauts-de-France et l&#039;antenne r\u00e9gionale d&#039;Entreprise et D\u00e9couverte collabore depuis la cr\u00e9ation de l&#039;antenne en 2022.\" \/>\n<meta name=\"robots\" content=\"index, follow, max-snippet:-1, max-image-preview:large, max-video-preview:-1\" \/>\n<link rel=\"canonical\" href=\"https:\/\/www.entrepriseetdecouverte.fr\/espace-pro\/2026\/03\/01\/entretien-avec-bruno-toulemonde-president-de-lassociation-reseau-excellence-epv-hauts-de-france\/\" \/>\n<meta property=\"og:locale\" content=\"fr_FR\" \/>\n<meta property=\"og:type\" content=\"article\" \/>\n<meta property=\"og:title\" content=\"Entretien avec Bruno Toulemonde, pr\u00e9sident de l&#039;association R\u00e9seau Excellence EPV Hauts-de-France - Espace Pro\" \/>\n<meta property=\"og:description\" content=\"L&#039;association R\u00e9seau Excellence EPV Hauts-de-France et l&#039;antenne r\u00e9gionale d&#039;Entreprise et D\u00e9couverte collabore depuis la cr\u00e9ation de l&#039;antenne en 2022.\" \/>\n<meta property=\"og:url\" content=\"https:\/\/www.entrepriseetdecouverte.fr\/espace-pro\/2026\/03\/01\/entretien-avec-bruno-toulemonde-president-de-lassociation-reseau-excellence-epv-hauts-de-france\/\" \/>\n<meta property=\"og:site_name\" content=\"Espace Pro\" \/>\n<meta property=\"article:published_time\" content=\"2026-03-01T10:13:00+00:00\" \/>\n<meta property=\"article:modified_time\" content=\"2026-03-11T10:16:26+00:00\" \/>\n<meta property=\"og:image\" content=\"https:\/\/www.entrepriseetdecouverte.fr\/espace-pro\/wp-content\/uploads\/sites\/2\/2026\/03\/epv-bercy-1.jpeg\" \/>\n\t<meta property=\"og:image:width\" content=\"1536\" \/>\n\t<meta property=\"og:image:height\" content=\"2048\" \/>\n<meta name=\"twitter:card\" content=\"summary_large_image\" \/>\n<meta name=\"twitter:label1\" content=\"\u00c9crit par\" \/>\n\t<meta name=\"twitter:data1\" content=\"Val\u00e9rie\" \/>\n\t<meta name=\"twitter:label2\" content=\"Dur\u00e9e de lecture estim\u00e9e\" \/>\n\t<meta name=\"twitter:data2\" content=\"3 minutes\" \/>\n<script type=\"application\/ld+json\" class=\"yoast-schema-graph\">{\"@context\":\"https:\/\/schema.org\",\"@graph\":[{\"@type\":\"WebSite\",\"@id\":\"https:\/\/www.entrepriseetdecouverte.fr\/espace-pro\/#website\",\"url\":\"https:\/\/www.entrepriseetdecouverte.fr\/espace-pro\/\",\"name\":\"Espace Pro\",\"description\":\"Un site utilisant Entreprise et D\\u00e9couverte Sites\",\"potentialAction\":[{\"@type\":\"SearchAction\",\"target\":{\"@type\":\"EntryPoint\",\"urlTemplate\":\"https:\/\/www.entrepriseetdecouverte.fr\/espace-pro\/?s={search_term_string}\"},\"query-input\":\"required name=search_term_string\"}],\"inLanguage\":\"fr-FR\"},{\"@type\":\"ImageObject\",\"@id\":\"https:\/\/www.entrepriseetdecouverte.fr\/espace-pro\/2026\/03\/01\/entretien-avec-bruno-toulemonde-president-de-lassociation-reseau-excellence-epv-hauts-de-france\/#primaryimage\",\"inLanguage\":\"fr-FR\",\"url\":\"https:\/\/www.entrepriseetdecouverte.fr\/espace-pro\/wp-content\/uploads\/sites\/2\/2026\/03\/epv-bercy-1.jpeg\",\"contentUrl\":\"https:\/\/www.entrepriseetdecouverte.fr\/espace-pro\/wp-content\/uploads\/sites\/2\/2026\/03\/epv-bercy-1.jpeg\",\"width\":1536,\"height\":2048},{\"@type\":\"WebPage\",\"@id\":\"https:\/\/www.entrepriseetdecouverte.fr\/espace-pro\/2026\/03\/01\/entretien-avec-bruno-toulemonde-president-de-lassociation-reseau-excellence-epv-hauts-de-france\/#webpage\",\"url\":\"https:\/\/www.entrepriseetdecouverte.fr\/espace-pro\/2026\/03\/01\/entretien-avec-bruno-toulemonde-president-de-lassociation-reseau-excellence-epv-hauts-de-france\/\",\"name\":\"Entretien avec Bruno Toulemonde, pr\\u00e9sident de l'association R\\u00e9seau Excellence EPV Hauts-de-France - Espace Pro\",\"isPartOf\":{\"@id\":\"https:\/\/www.entrepriseetdecouverte.fr\/espace-pro\/#website\"},\"primaryImageOfPage\":{\"@id\":\"https:\/\/www.entrepriseetdecouverte.fr\/espace-pro\/2026\/03\/01\/entretien-avec-bruno-toulemonde-president-de-lassociation-reseau-excellence-epv-hauts-de-france\/#primaryimage\"},\"datePublished\":\"2026-03-01T10:13:00+00:00\",\"dateModified\":\"2026-03-11T10:16:26+00:00\",\"author\":{\"@id\":\"https:\/\/www.entrepriseetdecouverte.fr\/espace-pro\/#\/schema\/person\/afa54fb39faf3548b446e76b3df1cda9\"},\"description\":\"L'association R\\u00e9seau Excellence EPV Hauts-de-France et l'antenne r\\u00e9gionale d'Entreprise et D\\u00e9couverte collabore depuis la cr\\u00e9ation de l'antenne en 2022.\",\"breadcrumb\":{\"@id\":\"https:\/\/www.entrepriseetdecouverte.fr\/espace-pro\/2026\/03\/01\/entretien-avec-bruno-toulemonde-president-de-lassociation-reseau-excellence-epv-hauts-de-france\/#breadcrumb\"},\"inLanguage\":\"fr-FR\",\"potentialAction\":[{\"@type\":\"ReadAction\",\"target\":[\"https:\/\/www.entrepriseetdecouverte.fr\/espace-pro\/2026\/03\/01\/entretien-avec-bruno-toulemonde-president-de-lassociation-reseau-excellence-epv-hauts-de-france\/\"]}]},{\"@type\":\"BreadcrumbList\",\"@id\":\"https:\/\/www.entrepriseetdecouverte.fr\/espace-pro\/2026\/03\/01\/entretien-avec-bruno-toulemonde-president-de-lassociation-reseau-excellence-epv-hauts-de-france\/#breadcrumb\",\"itemListElement\":[{\"@type\":\"ListItem\",\"position\":1,\"name\":\"Accueil\",\"item\":\"https:\/\/www.entrepriseetdecouverte.fr\/espace-pro\/\"},{\"@type\":\"ListItem\",\"position\":2,\"name\":\"Entretien avec Bruno Toulemonde, pr\\u00e9sident de l&rsquo;association R\\u00e9seau Excellence EPV Hauts-de-France\"}]},{\"@type\":\"Person\",\"@id\":\"https:\/\/www.entrepriseetdecouverte.fr\/espace-pro\/#\/schema\/person\/afa54fb39faf3548b446e76b3df1cda9\",\"name\":\"Val\\u00e9rie\",\"image\":{\"@type\":\"ImageObject\",\"@id\":\"https:\/\/www.entrepriseetdecouverte.fr\/espace-pro\/#personlogo\",\"inLanguage\":\"fr-FR\",\"url\":\"https:\/\/www.entrepriseetdecouverte.fr\/espace-pro\/wp-content\/uploads\/sites\/2\/2022\/12\/2022-06-14-blh_6515-ed-la-felicita-photo-bruno-le-hir-de-fallois-96x96.jpg\",\"contentUrl\":\"https:\/\/www.entrepriseetdecouverte.fr\/espace-pro\/wp-content\/uploads\/sites\/2\/2022\/12\/2022-06-14-blh_6515-ed-la-felicita-photo-bruno-le-hir-de-fallois-96x96.jpg\",\"caption\":\"Val\\u00e9rie\"},\"url\":\"https:\/\/www.entrepriseetdecouverte.fr\/espace-pro\/author\/valerielefranc\/\"}]}<\/script>\n<!-- \/ Yoast SEO plugin. -->","yoast_head_json":{"description":"L'association R\u00e9seau Excellence EPV Hauts-de-France et l'antenne r\u00e9gionale d'Entreprise et D\u00e9couverte collabore depuis la cr\u00e9ation de l'antenne en 2022.","robots":{"index":"index","follow":"follow","max-snippet":"max-snippet:-1","max-image-preview":"max-image-preview:large","max-video-preview":"max-video-preview:-1"},"canonical":"https:\/\/www.entrepriseetdecouverte.fr\/espace-pro\/2026\/03\/01\/entretien-avec-bruno-toulemonde-president-de-lassociation-reseau-excellence-epv-hauts-de-france\/","og_locale":"fr_FR","og_type":"article","og_title":"Entretien avec Bruno Toulemonde, pr\u00e9sident de l'association R\u00e9seau Excellence EPV Hauts-de-France - Espace Pro","og_description":"L'association R\u00e9seau Excellence EPV Hauts-de-France et l'antenne r\u00e9gionale d'Entreprise et D\u00e9couverte collabore depuis la cr\u00e9ation de l'antenne en 2022.","og_url":"https:\/\/www.entrepriseetdecouverte.fr\/espace-pro\/2026\/03\/01\/entretien-avec-bruno-toulemonde-president-de-lassociation-reseau-excellence-epv-hauts-de-france\/","og_site_name":"Espace Pro","article_published_time":"2026-03-01T10:13:00+00:00","article_modified_time":"2026-03-11T10:16:26+00:00","og_image":[{"width":1536,"height":2048,"url":"https:\/\/www.entrepriseetdecouverte.fr\/espace-pro\/wp-content\/uploads\/sites\/2\/2026\/03\/epv-bercy-1.jpeg","type":"image\/jpeg"}],"twitter_card":"summary_large_image","twitter_misc":{"\u00c9crit par":"Val\u00e9rie","Dur\u00e9e de lecture estim\u00e9e":"3 minutes"},"schema":{"@context":"https:\/\/schema.org","@graph":[{"@type":"WebSite","@id":"https:\/\/www.entrepriseetdecouverte.fr\/espace-pro\/#website","url":"https:\/\/www.entrepriseetdecouverte.fr\/espace-pro\/","name":"Espace Pro","description":"Un site utilisant Entreprise et D\u00e9couverte Sites","potentialAction":[{"@type":"SearchAction","target":{"@type":"EntryPoint","urlTemplate":"https:\/\/www.entrepriseetdecouverte.fr\/espace-pro\/?s={search_term_string}"},"query-input":"required name=search_term_string"}],"inLanguage":"fr-FR"},{"@type":"ImageObject","@id":"https:\/\/www.entrepriseetdecouverte.fr\/espace-pro\/2026\/03\/01\/entretien-avec-bruno-toulemonde-president-de-lassociation-reseau-excellence-epv-hauts-de-france\/#primaryimage","inLanguage":"fr-FR","url":"https:\/\/www.entrepriseetdecouverte.fr\/espace-pro\/wp-content\/uploads\/sites\/2\/2026\/03\/epv-bercy-1.jpeg","contentUrl":"https:\/\/www.entrepriseetdecouverte.fr\/espace-pro\/wp-content\/uploads\/sites\/2\/2026\/03\/epv-bercy-1.jpeg","width":1536,"height":2048},{"@type":"WebPage","@id":"https:\/\/www.entrepriseetdecouverte.fr\/espace-pro\/2026\/03\/01\/entretien-avec-bruno-toulemonde-president-de-lassociation-reseau-excellence-epv-hauts-de-france\/#webpage","url":"https:\/\/www.entrepriseetdecouverte.fr\/espace-pro\/2026\/03\/01\/entretien-avec-bruno-toulemonde-president-de-lassociation-reseau-excellence-epv-hauts-de-france\/","name":"Entretien avec Bruno Toulemonde, pr\u00e9sident de l'association R\u00e9seau Excellence EPV Hauts-de-France - Espace Pro","isPartOf":{"@id":"https:\/\/www.entrepriseetdecouverte.fr\/espace-pro\/#website"},"primaryImageOfPage":{"@id":"https:\/\/www.entrepriseetdecouverte.fr\/espace-pro\/2026\/03\/01\/entretien-avec-bruno-toulemonde-president-de-lassociation-reseau-excellence-epv-hauts-de-france\/#primaryimage"},"datePublished":"2026-03-01T10:13:00+00:00","dateModified":"2026-03-11T10:16:26+00:00","author":{"@id":"https:\/\/www.entrepriseetdecouverte.fr\/espace-pro\/#\/schema\/person\/afa54fb39faf3548b446e76b3df1cda9"},"description":"L'association R\u00e9seau Excellence EPV Hauts-de-France et l'antenne r\u00e9gionale d'Entreprise et D\u00e9couverte collabore depuis la cr\u00e9ation de l'antenne en 2022.","breadcrumb":{"@id":"https:\/\/www.entrepriseetdecouverte.fr\/espace-pro\/2026\/03\/01\/entretien-avec-bruno-toulemonde-president-de-lassociation-reseau-excellence-epv-hauts-de-france\/#breadcrumb"},"inLanguage":"fr-FR","potentialAction":[{"@type":"ReadAction","target":["https:\/\/www.entrepriseetdecouverte.fr\/espace-pro\/2026\/03\/01\/entretien-avec-bruno-toulemonde-president-de-lassociation-reseau-excellence-epv-hauts-de-france\/"]}]},{"@type":"BreadcrumbList","@id":"https:\/\/www.entrepriseetdecouverte.fr\/espace-pro\/2026\/03\/01\/entretien-avec-bruno-toulemonde-president-de-lassociation-reseau-excellence-epv-hauts-de-france\/#breadcrumb","itemListElement":[{"@type":"ListItem","position":1,"name":"Accueil","item":"https:\/\/www.entrepriseetdecouverte.fr\/espace-pro\/"},{"@type":"ListItem","position":2,"name":"Entretien avec Bruno Toulemonde, pr\u00e9sident de l&rsquo;association R\u00e9seau Excellence EPV Hauts-de-France"}]},{"@type":"Person","@id":"https:\/\/www.entrepriseetdecouverte.fr\/espace-pro\/#\/schema\/person\/afa54fb39faf3548b446e76b3df1cda9","name":"Val\u00e9rie","image":{"@type":"ImageObject","@id":"https:\/\/www.entrepriseetdecouverte.fr\/espace-pro\/#personlogo","inLanguage":"fr-FR","url":"https:\/\/www.entrepriseetdecouverte.fr\/espace-pro\/wp-content\/uploads\/sites\/2\/2022\/12\/2022-06-14-blh_6515-ed-la-felicita-photo-bruno-le-hir-de-fallois-96x96.jpg","contentUrl":"https:\/\/www.entrepriseetdecouverte.fr\/espace-pro\/wp-content\/uploads\/sites\/2\/2022\/12\/2022-06-14-blh_6515-ed-la-felicita-photo-bruno-le-hir-de-fallois-96x96.jpg","caption":"Val\u00e9rie"},"url":"https:\/\/www.entrepriseetdecouverte.fr\/espace-pro\/author\/valerielefranc\/"}]}},"_links":{"self":[{"href":"https:\/\/www.entrepriseetdecouverte.fr\/espace-pro\/wp-json\/wp\/v2\/posts\/73933"}],"collection":[{"href":"https:\/\/www.entrepriseetdecouverte.fr\/espace-pro\/wp-json\/wp\/v2\/posts"}],"about":[{"href":"https:\/\/www.entrepriseetdecouverte.fr\/espace-pro\/wp-json\/wp\/v2\/types\/post"}],"author":[{"embeddable":true,"href":"https:\/\/www.entrepriseetdecouverte.fr\/espace-pro\/wp-json\/wp\/v2\/users\/1272"}],"replies":[{"embeddable":true,"href":"https:\/\/www.entrepriseetdecouverte.fr\/espace-pro\/wp-json\/wp\/v2\/comments?post=73933"}],"version-history":[{"count":23,"href":"https:\/\/www.entrepriseetdecouverte.fr\/espace-pro\/wp-json\/wp\/v2\/posts\/73933\/revisions"}],"predecessor-version":[{"id":73960,"href":"https:\/\/www.entrepriseetdecouverte.fr\/espace-pro\/wp-json\/wp\/v2\/posts\/73933\/revisions\/73960"}],"wp:featuredmedia":[{"embeddable":true,"href":"https:\/\/www.entrepriseetdecouverte.fr\/espace-pro\/wp-json\/wp\/v2\/media\/73931"}],"wp:attachment":[{"href":"https:\/\/www.entrepriseetdecouverte.fr\/espace-pro\/wp-json\/wp\/v2\/media?parent=73933"}],"wp:term":[{"taxonomy":"category","embeddable":true,"href":"https:\/\/www.entrepriseetdecouverte.fr\/espace-pro\/wp-json\/wp\/v2\/categories?post=73933"},{"taxonomy":"post_tag","embeddable":true,"href":"https:\/\/www.entrepriseetdecouverte.fr\/espace-pro\/wp-json\/wp\/v2\/tags?post=73933"}],"curies":[{"name":"wp","href":"https:\/\/api.w.org\/{rel}","templated":true}]}}