{"id":73533,"date":"2026-03-05T15:58:32","date_gmt":"2026-03-05T14:58:32","guid":{"rendered":"https:\/\/www.entrepriseetdecouverte.fr\/espace-pro\/?p=73533"},"modified":"2026-03-09T18:28:41","modified_gmt":"2026-03-09T17:28:41","slug":"les-territoires-en-action-la-vallee-des-baux-alpilles","status":"publish","type":"post","link":"https:\/\/www.entrepriseetdecouverte.fr\/espace-pro\/2026\/03\/05\/les-territoires-en-action-la-vallee-des-baux-alpilles\/","title":{"rendered":"Les territoires en action : la Vall\u00e9e des Baux-Alpilles"},"content":{"rendered":"\n<div class=\"wp-block-image is-style-default\"><figure class=\"aligncenter size-medium is-resized\"><img loading=\"lazy\" data-src=\"https:\/\/www.entrepriseetdecouverte.fr\/espace-pro\/wp-content\/uploads\/sites\/2\/2026\/03\/logo-ccvba-600x249.jpg\" alt=\"\" class=\"wp-image-73538\" width=\"300\" height=\"125\" data-srcset=\"https:\/\/www.entrepriseetdecouverte.fr\/espace-pro\/wp-content\/uploads\/sites\/2\/2026\/03\/logo-ccvba-600x249.jpg 600w, https:\/\/www.entrepriseetdecouverte.fr\/espace-pro\/wp-content\/uploads\/sites\/2\/2026\/03\/logo-ccvba-1200x497.jpg 1200w, https:\/\/www.entrepriseetdecouverte.fr\/espace-pro\/wp-content\/uploads\/sites\/2\/2026\/03\/logo-ccvba-900x373.jpg 900w, https:\/\/www.entrepriseetdecouverte.fr\/espace-pro\/wp-content\/uploads\/sites\/2\/2026\/03\/logo-ccvba-1536x637.jpg 1536w, https:\/\/www.entrepriseetdecouverte.fr\/espace-pro\/wp-content\/uploads\/sites\/2\/2026\/03\/logo-ccvba-200x83.jpg 200w, https:\/\/www.entrepriseetdecouverte.fr\/espace-pro\/wp-content\/uploads\/sites\/2\/2026\/03\/logo-ccvba-145x60.jpg 145w, https:\/\/www.entrepriseetdecouverte.fr\/espace-pro\/wp-content\/uploads\/sites\/2\/2026\/03\/logo-ccvba.jpg 2048w\" sizes=\"(max-width: 300px) 100vw, 300px\" \/><\/figure><\/div>\n\n\n\n<h3><strong>Structurer le tourisme de savoir-faire dans les Alpilles : un territoire en action<\/strong><\/h3>\n\n\n\n<div class=\"wp-block-media-text alignwide is-stacked-on-mobile is-image-fill\"><figure class=\"wp-block-media-text__media\" style=\"background-image:url(https:\/\/www.entrepriseetdecouverte.fr\/espace-pro\/wp-content\/uploads\/sites\/2\/2026\/03\/affiche-ccvba-426x600.jpg);background-position:50% 50%\"><img loading=\"lazy\" width=\"426\" height=\"600\" data-src=\"https:\/\/www.entrepriseetdecouverte.fr\/espace-pro\/wp-content\/uploads\/sites\/2\/2026\/03\/affiche-ccvba-426x600.jpg\" alt=\"\" class=\"wp-image-73547 size-medium\" data-srcset=\"https:\/\/www.entrepriseetdecouverte.fr\/espace-pro\/wp-content\/uploads\/sites\/2\/2026\/03\/affiche-ccvba-426x600.jpg 426w, https:\/\/www.entrepriseetdecouverte.fr\/espace-pro\/wp-content\/uploads\/sites\/2\/2026\/03\/affiche-ccvba-639x900.jpg 639w, https:\/\/www.entrepriseetdecouverte.fr\/espace-pro\/wp-content\/uploads\/sites\/2\/2026\/03\/affiche-ccvba-200x282.jpg 200w, https:\/\/www.entrepriseetdecouverte.fr\/espace-pro\/wp-content\/uploads\/sites\/2\/2026\/03\/affiche-ccvba-43x60.jpg 43w, https:\/\/www.entrepriseetdecouverte.fr\/espace-pro\/wp-content\/uploads\/sites\/2\/2026\/03\/affiche-ccvba.jpg 710w\" sizes=\"(max-width: 426px) 100vw, 426px\" \/><\/figure><div class=\"wp-block-media-text__content\">\n<p class=\"is-style-normal has-normal-font-size\">Territoire rural de dix communes au c\u0153ur du Parc naturel r\u00e9gional des Alpilles, la Vall\u00e9e des Baux-Alpilles est reconnue pour son patrimoine et ses paysages. Elle abrite aussi <strong>pr\u00e8s de 150 entreprises aux savoir-faire vari\u00e9s <\/strong>: artisans d\u2019art, producteurs agricoles, industries locales, artistes et entreprises de transformation (apiculture, domaines viticoles, moulins \u00e0 huile, horticulture, brasseries, cosm\u00e9tiques\u2026).<\/p>\n\n\n\n<p class=\"is-style-normal\">Initialement propos\u00e9e sous format \u00e9v\u00e9nementiel depuis 2016, l\u2019op\u00e9ration \u00ab\u00a0A la rencontre des savoir-faire des Alpilles\u00a0\u00bb a \u00e9t\u00e9 repens\u00e9e apr\u00e8s la pand\u00e9mie pour devenir <strong>un dispositif p\u00e9renne<\/strong>, avec des visites propos\u00e9es toute l\u2019ann\u00e9e.<\/p>\n\n\n\n<p class=\"is-style-normal\">Cette \u00e9volution r\u00e9pond \u00e0 <strong>quatre objectifs clairs :<\/strong><\/p>\n\n\n\n<ul><li><strong>Diversifier<\/strong> l\u2019offre touristique, <\/li><li><strong>D\u00e9sengorger<\/strong> les sites touristiques plus fr\u00e9quent\u00e9s, <\/li><li>Mieux <strong>r\u00e9partir les flux <\/strong>sur le territoire, <\/li><li>G\u00e9n\u00e9rer des <strong>revenus compl\u00e9mentaires<\/strong> pour les entreprises. <\/li><\/ul>\n\n\n\n<p class=\"is-style-normal\"><\/p>\n<\/div><\/div>\n\n\n\n<h3><strong>Un projet soutenu par un \u00e9cosyst\u00e8me partenarial solide<\/strong><\/h3>\n\n\n\n<p class=\"is-style-normal\">En 2024, le projet change d\u2019\u00e9chelle gr\u00e2ce \u00e0 un financement europ\u00e9en LEADER, co-port\u00e9 par la collectivit\u00e9 et la Chambre de M\u00e9tiers et de l\u2019Artisanat Provence-Alpes-C\u00f4te d\u2019Azur. <strong>77 146 \u20ac de financements publics<\/strong> sont mobilis\u00e9s (Europe et R\u00e9gion Sud).<\/p>\n\n\n\n<p class=\"is-style-normal\">Ce soutien permet de d\u00e9ployer <strong>un v\u00e9ritable laboratoire territorial autour de quatre axes <\/strong>: <strong>formation<\/strong> des entreprises \u00e0 la visite, <strong>communication<\/strong> et structuration du collectif, <strong>sensibilisation<\/strong> des scolaires et <strong>innovation<\/strong> (compagnon de visite num\u00e9rique, exp\u00e9rimentation d\u2019une boutique partag\u00e9e). <\/p>\n\n\n\n<p class=\"is-style-normal\">En parall\u00e8le, le projet s\u2019appuie sur un \u00e9cosyst\u00e8me de partenaires, associant notamment Entreprise et D\u00e9couverte, la Chambre de Commerce et d\u2019Industrie, le PETR, la Chambre d\u2019Agriculture, le R\u00e9seau Initiative et le Parc naturel r\u00e9gional des Alpilles. <\/p>\n\n\n\n<p class=\"is-style-normal\">La dynamique est rapide et les r\u00e9sultats concrets : <\/p>\n\n\n\n<ul><li>Le collectif passe de 30 \u00e0 54 membres,<strong> soit +80 %<\/strong> en 2024; <\/li><\/ul>\n\n\n\n<ul><li><strong>100% <\/strong>des structures form\u00e9es ont am\u00e9lior\u00e9 leur offre de visite de mani\u00e8re op\u00e9rationnelle; <\/li><\/ul>\n\n\n\n<ul><li><strong>58%<\/strong> des entreprises observent une augmentation du nombre de visiteurs. <\/li><\/ul>\n\n\n\n<p class=\"is-style-normal\">Cette d\u00e9marche collective permet \u00e0 la fois de soutenir l\u2019\u00e9conomie locale et de construire <strong>une fili\u00e8re coh\u00e9rente et durable<\/strong>, <strong>profond\u00e9ment ancr\u00e9e dans les r\u00e9alit\u00e9s du territoire.<\/strong><\/p>\n\n\n\n<figure class=\"wp-block-gallery alignwide columns-3 is-cropped\"><ul class=\"blocks-gallery-grid\"><li class=\"blocks-gallery-item\"><figure><img loading=\"lazy\" width=\"1536\" height=\"2048\" data-src=\"https:\/\/www.entrepriseetdecouverte.fr\/espace-pro\/wp-content\/uploads\/sites\/2\/2026\/03\/moulin-castelas.jpg\" alt=\"\" data-id=\"73693\" data-full-url=\"https:\/\/www.entrepriseetdecouverte.fr\/espace-pro\/wp-content\/uploads\/sites\/2\/2026\/03\/moulin-castelas.jpg\" data-link=\"https:\/\/www.entrepriseetdecouverte.fr\/espace-pro\/?attachment_id=73693\" class=\"wp-image-73693\" data-srcset=\"https:\/\/www.entrepriseetdecouverte.fr\/espace-pro\/wp-content\/uploads\/sites\/2\/2026\/03\/moulin-castelas.jpg 1536w, https:\/\/www.entrepriseetdecouverte.fr\/espace-pro\/wp-content\/uploads\/sites\/2\/2026\/03\/moulin-castelas-450x600.jpg 450w, https:\/\/www.entrepriseetdecouverte.fr\/espace-pro\/wp-content\/uploads\/sites\/2\/2026\/03\/moulin-castelas-900x1200.jpg 900w, https:\/\/www.entrepriseetdecouverte.fr\/espace-pro\/wp-content\/uploads\/sites\/2\/2026\/03\/moulin-castelas-675x900.jpg 675w, https:\/\/www.entrepriseetdecouverte.fr\/espace-pro\/wp-content\/uploads\/sites\/2\/2026\/03\/moulin-castelas-1152x1536.jpg 1152w, https:\/\/www.entrepriseetdecouverte.fr\/espace-pro\/wp-content\/uploads\/sites\/2\/2026\/03\/moulin-castelas-200x267.jpg 200w, https:\/\/www.entrepriseetdecouverte.fr\/espace-pro\/wp-content\/uploads\/sites\/2\/2026\/03\/moulin-castelas-45x60.jpg 45w\" sizes=\"(max-width: 1536px) 100vw, 1536px\" \/><\/figure><\/li><li class=\"blocks-gallery-item\"><figure><img loading=\"lazy\" width=\"465\" height=\"327\" data-src=\"https:\/\/www.entrepriseetdecouverte.fr\/espace-pro\/wp-content\/uploads\/sites\/2\/2026\/03\/prune-faux-plumassiere.jpg\" alt=\"\" data-id=\"73692\" data-full-url=\"https:\/\/www.entrepriseetdecouverte.fr\/espace-pro\/wp-content\/uploads\/sites\/2\/2026\/03\/prune-faux-plumassiere.jpg\" data-link=\"https:\/\/www.entrepriseetdecouverte.fr\/espace-pro\/?attachment_id=73692\" class=\"wp-image-73692\" data-srcset=\"https:\/\/www.entrepriseetdecouverte.fr\/espace-pro\/wp-content\/uploads\/sites\/2\/2026\/03\/prune-faux-plumassiere.jpg 465w, https:\/\/www.entrepriseetdecouverte.fr\/espace-pro\/wp-content\/uploads\/sites\/2\/2026\/03\/prune-faux-plumassiere-200x141.jpg 200w, https:\/\/www.entrepriseetdecouverte.fr\/espace-pro\/wp-content\/uploads\/sites\/2\/2026\/03\/prune-faux-plumassiere-85x60.jpg 85w\" sizes=\"(max-width: 465px) 100vw, 465px\" \/><\/figure><\/li><li class=\"blocks-gallery-item\"><figure><img loading=\"lazy\" width=\"465\" height=\"327\" data-src=\"https:\/\/www.entrepriseetdecouverte.fr\/espace-pro\/wp-content\/uploads\/sites\/2\/2026\/03\/santons-peyre-campagna.jpg\" alt=\"\" data-id=\"73691\" class=\"wp-image-73691\" data-srcset=\"https:\/\/www.entrepriseetdecouverte.fr\/espace-pro\/wp-content\/uploads\/sites\/2\/2026\/03\/santons-peyre-campagna.jpg 465w, https:\/\/www.entrepriseetdecouverte.fr\/espace-pro\/wp-content\/uploads\/sites\/2\/2026\/03\/santons-peyre-campagna-200x141.jpg 200w, https:\/\/www.entrepriseetdecouverte.fr\/espace-pro\/wp-content\/uploads\/sites\/2\/2026\/03\/santons-peyre-campagna-85x60.jpg 85w\" sizes=\"(max-width: 465px) 100vw, 465px\" \/><\/figure><\/li><\/ul><\/figure>\n\n\n\n<p class=\"is-style-normal\" style=\"font-size:10px\"><em>\u00a9Moulin Castelas \/ Prune Faux Plumassi\u00e8re \/ Santons Peyre Campagna<\/em><\/p>\n\n\n\n<h3><strong>Un double accompagnement pour structurer la fili\u00e8re<\/strong><\/h3>\n\n\n\n<p class=\"is-style-normal\">Afin d\u2019accompagner cette mont\u00e9e en puissance, Entreprise et D\u00e9couverte intervient depuis 2024 aupr\u00e8s des entreprises implant\u00e9es sur le territoire de la Communaut\u00e9 de Communes Vall\u00e9e des Baux-Alpilles, <strong>en apportant une expertise sp\u00e9cifique sur la visite d\u2019entreprise.<\/strong><\/p>\n\n\n\n<figure class=\"wp-block-gallery columns-2 is-cropped\"><ul class=\"blocks-gallery-grid\"><li class=\"blocks-gallery-item\"><figure><img loading=\"lazy\" width=\"900\" height=\"815\" data-src=\"https:\/\/www.entrepriseetdecouverte.fr\/espace-pro\/wp-content\/uploads\/sites\/2\/2024\/03\/ccvba_audit_flash_2.jpg\" alt=\"\" data-id=\"68721\" data-link=\"https:\/\/www.entrepriseetdecouverte.fr\/espace-pro\/ccvba_audit_flash_2\/\" class=\"wp-image-68721\" data-srcset=\"https:\/\/www.entrepriseetdecouverte.fr\/espace-pro\/wp-content\/uploads\/sites\/2\/2024\/03\/ccvba_audit_flash_2.jpg 900w, https:\/\/www.entrepriseetdecouverte.fr\/espace-pro\/wp-content\/uploads\/sites\/2\/2024\/03\/ccvba_audit_flash_2-600x543.jpg 600w, https:\/\/www.entrepriseetdecouverte.fr\/espace-pro\/wp-content\/uploads\/sites\/2\/2024\/03\/ccvba_audit_flash_2-200x181.jpg 200w, https:\/\/www.entrepriseetdecouverte.fr\/espace-pro\/wp-content\/uploads\/sites\/2\/2024\/03\/ccvba_audit_flash_2-66x60.jpg 66w\" sizes=\"(max-width: 900px) 100vw, 900px\" \/><\/figure><\/li><li class=\"blocks-gallery-item\"><figure><img loading=\"lazy\" width=\"1000\" height=\"750\" data-src=\"https:\/\/www.entrepriseetdecouverte.fr\/espace-pro\/wp-content\/uploads\/sites\/2\/2024\/03\/ccvba_audit_flash_1.jpg\" alt=\"\" data-id=\"68722\" data-link=\"https:\/\/www.entrepriseetdecouverte.fr\/espace-pro\/ccvba_audit_flash_1\/\" class=\"wp-image-68722\" data-srcset=\"https:\/\/www.entrepriseetdecouverte.fr\/espace-pro\/wp-content\/uploads\/sites\/2\/2024\/03\/ccvba_audit_flash_1.jpg 1000w, https:\/\/www.entrepriseetdecouverte.fr\/espace-pro\/wp-content\/uploads\/sites\/2\/2024\/03\/ccvba_audit_flash_1-600x450.jpg 600w, https:\/\/www.entrepriseetdecouverte.fr\/espace-pro\/wp-content\/uploads\/sites\/2\/2024\/03\/ccvba_audit_flash_1-900x675.jpg 900w, https:\/\/www.entrepriseetdecouverte.fr\/espace-pro\/wp-content\/uploads\/sites\/2\/2024\/03\/ccvba_audit_flash_1-200x150.jpg 200w, https:\/\/www.entrepriseetdecouverte.fr\/espace-pro\/wp-content\/uploads\/sites\/2\/2024\/03\/ccvba_audit_flash_1-80x60.jpg 80w\" sizes=\"(max-width: 1000px) 100vw, 1000px\" \/><\/figure><\/li><\/ul><\/figure>\n\n\n\n<p class=\"is-style-normal\" style=\"font-size:10px\"><em>\u00a9 Entreprise et D\u00e9couverte<\/em><\/p>\n\n\n\n<h4><strong>C\u00f4t\u00e9 entreprises : professionnaliser l\u2019accueil et d\u00e9velopper l\u2019offre<\/strong><\/h4>\n\n\n\n<p class=\"is-style-normal\">Des sessions collectives de formation et des audits terrain ont permis d\u2019analyser les parcours de visite, l\u2019exp\u00e9rience propos\u00e9e et les dispositifs d\u2019accueil.  Entre 2024 et 2025, <strong>25 entreprises ont b\u00e9n\u00e9fici\u00e9 de formations<\/strong>, et <strong>11 audits <\/strong>ont \u00e9t\u00e9 r\u00e9alis\u00e9s. <\/p>\n\n\n\n<p class=\"is-style-normal\">Le format d\u2019audit, combinant test r\u00e9el de la visite et restitution imm\u00e9diate, <strong>apporte un regard ext\u00e9rieur expert<\/strong> et des pr\u00e9conisations directement actionnable. Objectif : structurer les visites, am\u00e9liorer la m\u00e9diation et d\u00e9velopper une activit\u00e9 compl\u00e9mentaire g\u00e9n\u00e9ratrice de revenus.<\/p>\n\n\n\n<figure class=\"wp-block-image size-large is-style-default\"><img loading=\"lazy\" width=\"1200\" height=\"322\" data-src=\"https:\/\/www.entrepriseetdecouverte.fr\/espace-pro\/wp-content\/uploads\/sites\/2\/2026\/03\/site-pro_logos-accompagnement-ccvba_article-mars-2026-1-1200x322.png\" alt=\"\" class=\"wp-image-73802\" data-srcset=\"https:\/\/www.entrepriseetdecouverte.fr\/espace-pro\/wp-content\/uploads\/sites\/2\/2026\/03\/site-pro_logos-accompagnement-ccvba_article-mars-2026-1-1200x322.png 1200w, https:\/\/www.entrepriseetdecouverte.fr\/espace-pro\/wp-content\/uploads\/sites\/2\/2026\/03\/site-pro_logos-accompagnement-ccvba_article-mars-2026-1-600x161.png 600w, https:\/\/www.entrepriseetdecouverte.fr\/espace-pro\/wp-content\/uploads\/sites\/2\/2026\/03\/site-pro_logos-accompagnement-ccvba_article-mars-2026-1-900x242.png 900w, https:\/\/www.entrepriseetdecouverte.fr\/espace-pro\/wp-content\/uploads\/sites\/2\/2026\/03\/site-pro_logos-accompagnement-ccvba_article-mars-2026-1-1536x413.png 1536w, https:\/\/www.entrepriseetdecouverte.fr\/espace-pro\/wp-content\/uploads\/sites\/2\/2026\/03\/site-pro_logos-accompagnement-ccvba_article-mars-2026-1-200x54.png 200w, https:\/\/www.entrepriseetdecouverte.fr\/espace-pro\/wp-content\/uploads\/sites\/2\/2026\/03\/site-pro_logos-accompagnement-ccvba_article-mars-2026-1-223x60.png 223w, https:\/\/www.entrepriseetdecouverte.fr\/espace-pro\/wp-content\/uploads\/sites\/2\/2026\/03\/site-pro_logos-accompagnement-ccvba_article-mars-2026-1.png 2048w\" sizes=\"(max-width: 1200px) 100vw, 1200px\" \/><\/figure>\n\n\n\n<p class=\"is-style-normal\"><strong>Ces accompagnements ont permis aux entreprises de structurer leurs visites, <\/strong>d\u2019am\u00e9liorer la m\u00e9diation et de <strong>renforcer la qualit\u00e9 de l\u2019accueil,<\/strong> tout en d\u00e9veloppant une activit\u00e9 compl\u00e9mentaire g\u00e9n\u00e9ratrice de revenus. <\/p>\n\n\n\n<div class=\"wp-block-columns\">\n<div class=\"wp-block-column\" style=\"flex-basis:33.33%\">\n<figure class=\"wp-block-image size-thumbnail is-style-default\"><img loading=\"lazy\" width=\"300\" height=\"300\" data-src=\"https:\/\/www.entrepriseetdecouverte.fr\/espace-pro\/wp-content\/uploads\/sites\/2\/2026\/03\/portrait-agnesraphael-300x300.png\" alt=\"\" class=\"wp-image-73853\" data-srcset=\"https:\/\/www.entrepriseetdecouverte.fr\/espace-pro\/wp-content\/uploads\/sites\/2\/2026\/03\/portrait-agnesraphael-300x300.png 300w, https:\/\/www.entrepriseetdecouverte.fr\/espace-pro\/wp-content\/uploads\/sites\/2\/2026\/03\/portrait-agnesraphael-24x24.png 24w, https:\/\/www.entrepriseetdecouverte.fr\/espace-pro\/wp-content\/uploads\/sites\/2\/2026\/03\/portrait-agnesraphael-48x48.png 48w, https:\/\/www.entrepriseetdecouverte.fr\/espace-pro\/wp-content\/uploads\/sites\/2\/2026\/03\/portrait-agnesraphael-96x96.png 96w, https:\/\/www.entrepriseetdecouverte.fr\/espace-pro\/wp-content\/uploads\/sites\/2\/2026\/03\/portrait-agnesraphael-150x150.png 150w\" sizes=\"(max-width: 300px) 100vw, 300px\" \/><figcaption><strong>Agn\u00e8s et Rapha\u00ebl GRAUGNARD<\/strong>, Brasserie des Alpilles<\/figcaption><\/figure>\n<\/div>\n\n\n\n<div class=\"wp-block-column is-vertically-aligned-center\" style=\"flex-basis:66.66%\">\n<p class=\"is-style-blockquote\" style=\"font-size:15px\">\u00a0\u00bb Entreprise et d\u00e9couverte nous a permis de <strong>faire un bilan constructif <\/strong>sur notre capacit\u00e9 \u00e0 accueillir nos clients et nous a aid\u00e9 \u00e0 mettre en \u00e9vidence les points \u00e0 am\u00e9liorer ainsi que les axes de d\u00e9veloppement \u00e0 prioriser. Cet audit a \u00e9t\u00e9 tr\u00e8s enrichissant et utile.\u00a0\u00bb &#8211; Agn\u00e8s et Rapha\u00ebl Graugnard, Brasserie des Alpilles <\/p>\n<\/div>\n<\/div>\n\n\n\n<h4><strong>C\u00f4t\u00e9 destination : penser la strat\u00e9gie \u00e0 l\u2019\u00e9chelle territoriale<\/strong><\/h4>\n\n\n\n<p class=\"is-style-normal\">Entreprise et D\u00e9couverte est intervenue aupr\u00e8s de la Communaut\u00e9 de Communes Vall\u00e9e des Baux-Alpilles afin d&rsquo;aider \u00e0 <strong>structurer une strat\u00e9gie globale et animer le collectif.<\/strong> La visite d&rsquo;entreprise est envisag\u00e9e comme un outil de d\u00e9veloppement \u00e9conomique et d&rsquo;image pour l&rsquo;ensemble du territoire. Cette approche favorise l\u2019\u00e9mergence d\u2019une culture commune autour de la qualit\u00e9 de l\u2019accueil et <strong>renforce la coh\u00e9rence de l\u2019offre \u00e0 l\u2019\u00e9chelle des Alpilles.<\/strong> <\/p>\n\n\n\n<div class=\"wp-block-columns are-vertically-aligned-center\">\n<div class=\"wp-block-column is-vertically-aligned-center\" style=\"flex-basis:33.33%\">\n<figure class=\"wp-block-image size-thumbnail is-style-default\"><img loading=\"lazy\" width=\"300\" height=\"300\" data-src=\"https:\/\/www.entrepriseetdecouverte.fr\/espace-pro\/wp-content\/uploads\/sites\/2\/2026\/03\/photo-audrey-scaled-1-300x300.jpg\" alt=\"\" class=\"wp-image-73602\" data-srcset=\"https:\/\/www.entrepriseetdecouverte.fr\/espace-pro\/wp-content\/uploads\/sites\/2\/2026\/03\/photo-audrey-scaled-1-300x300.jpg 300w, https:\/\/www.entrepriseetdecouverte.fr\/espace-pro\/wp-content\/uploads\/sites\/2\/2026\/03\/photo-audrey-scaled-1-24x24.jpg 24w, https:\/\/www.entrepriseetdecouverte.fr\/espace-pro\/wp-content\/uploads\/sites\/2\/2026\/03\/photo-audrey-scaled-1-48x48.jpg 48w, https:\/\/www.entrepriseetdecouverte.fr\/espace-pro\/wp-content\/uploads\/sites\/2\/2026\/03\/photo-audrey-scaled-1-96x96.jpg 96w, https:\/\/www.entrepriseetdecouverte.fr\/espace-pro\/wp-content\/uploads\/sites\/2\/2026\/03\/photo-audrey-scaled-1-150x150.jpg 150w\" sizes=\"(max-width: 300px) 100vw, 300px\" \/><figcaption>Audrey PIERAS, <strong>Manager de commerce et du Savoir-faire des Alpilles<\/strong><\/figcaption><\/figure>\n<\/div>\n\n\n\n<div class=\"wp-block-column is-vertically-aligned-center\" style=\"flex-basis:66.66%\">\n<p class=\"is-style-blockquote\" style=\"font-size:15px\"><em>\u201cNous avons choisi de nous appuyer sur l\u2019expertise d&rsquo;Entreprise et D\u00e9couverte afin d\u2019accompagner au mieux les entreprises du territoire. Leur ma\u00eetrise reconnue de la formation et de la valorisation des visites d\u2019entreprise<strong> <\/strong>constitue <strong>un v\u00e9ritable atout pour les acteurs \u00e9conomiques<\/strong> qui souhaitent se professionnaliser et structurer une exp\u00e9rience de visite de qualit\u00e9.<\/em> <em>Leur capacit\u00e9 \u00e0 adapter leurs m\u00e9thodes \u00e0 nos sp\u00e9cificit\u00e9s, notamment \u00e0 travers un format d\u2019audit in\u00e9dit avec test r\u00e9el et restitution imm\u00e9diate, constitue <strong>une valeur ajout\u00e9e essentielle pour faire rayonner les savoir-faire des Alpilles.\u201d <\/strong><\/em>&#8211;  <em>Audrey Pieras, Manager de commerce et du Savoir-faire des Alpilles <\/em><\/p>\n<\/div>\n<\/div>\n\n\n\n<h3><strong>Consolider et amplifier la dynamique<\/strong><\/h3>\n\n\n\n<p class=\"is-style-normal\">Forte des r\u00e9sultats obtenus, la Communaut\u00e9 de Communes Vall\u00e9e des Baux-Alpilles souhaite poursuivre l\u2019animation de la fili\u00e8re et continuer \u00e0 \u00e9largir le collectif. L\u2019enjeu est d\u00e9sormais double :<\/p>\n\n\n\n<ul><li>Renforcer la visibilit\u00e9 de l\u2019offre<\/li><li>Maintenir un haut niveau de qualit\u00e9 des visites<\/li><\/ul>\n\n\n\n<div class=\"wp-block-image is-style-default\"><figure class=\"aligncenter size-medium\"><img loading=\"lazy\" width=\"600\" height=\"371\" data-src=\"https:\/\/www.entrepriseetdecouverte.fr\/espace-pro\/wp-content\/uploads\/sites\/2\/2026\/03\/carte-collectif-ccvba-600x371.png\" alt=\"\" class=\"wp-image-73563\" data-srcset=\"https:\/\/www.entrepriseetdecouverte.fr\/espace-pro\/wp-content\/uploads\/sites\/2\/2026\/03\/carte-collectif-ccvba-600x371.png 600w, https:\/\/www.entrepriseetdecouverte.fr\/espace-pro\/wp-content\/uploads\/sites\/2\/2026\/03\/carte-collectif-ccvba-200x124.png 200w, https:\/\/www.entrepriseetdecouverte.fr\/espace-pro\/wp-content\/uploads\/sites\/2\/2026\/03\/carte-collectif-ccvba-97x60.png 97w, https:\/\/www.entrepriseetdecouverte.fr\/espace-pro\/wp-content\/uploads\/sites\/2\/2026\/03\/carte-collectif-ccvba.png 752w\" sizes=\"(max-width: 600px) 100vw, 600px\" \/><\/figure><\/div>\n\n\n\n<p class=\"is-style-normal\" style=\"font-size:10px\"><em>Carte du collectif \u00ab\u00a0A la rencontre des savoir-faire des Alpilles\u00a0\u00bb<\/em><\/p>\n\n\n\n<p class=\"is-style-normal\">\u00c0 travers cette d\u00e9marche, la Vall\u00e9e des Baux-Alpilles d\u00e9montre que l<strong>e tourisme de savoir-faire peut devenir un v\u00e9ritable levier de d\u00e9veloppement \u00e9conomique et territorial.<\/strong> En f\u00e9d\u00e9rant entreprises, partenaires et acteurs publics, la collectivit\u00e9 construit <strong>un mod\u00e8le duplicable pour d\u2019autres territoires<\/strong> souhaitant valoriser leurs savoir-faire.<\/p>\n\n\n\n<p class=\"is-style-normal\">L\u2019accompagnement d\u2019Entreprise et D\u00e9couverte appara\u00eet ainsi comme <strong>un catalyseur,<\/strong> permettant de transformer des initiatives locales en <strong>une v\u00e9ritable strat\u00e9gie territoriale au service de l\u2019attractivit\u00e9, de l\u2019\u00e9conomie et de la valorisation des m\u00e9tiers.<\/strong><\/p>\n\n\n\n<p class=\"is-style-normal\" style=\"font-size:18px\">\u27a1\ufe0f <strong>En savoir plus sur le programme \u201cA<\/strong> <strong>la rencontre des savoir-faire des Alpilles\u201d <a href=\"https:\/\/www.alpillesenprovence.com\/shopping-commerces\/a-la-rencontre-des-savoir-faire-des-alpilles\/\" target=\"_blank\" rel=\"noreferrer noopener\">ici<\/a> <\/strong>\u2b05\ufe0f<\/p>\n\n\n\n<p class=\"is-style-highlight has-medium-font-size\">\ud83d\udca1 Entreprises, agences de d\u00e9veloppement, collectivit\u00e9s : Entreprise et D\u00e9couverte vous accompagne dans la structuration et la valorisation de vos projets en lien avec la visite d\u2019entreprise. En savoir plus sur nos formules d\u2019accompagnement&nbsp;<a href=\"https:\/\/www.entrepriseetdecouverte.fr\/espace-pro\/laccompagnement\/\" target=\"_blank\" rel=\"noreferrer noopener\">ici<\/a><\/p>\n","protected":false},"excerpt":{"rendered":"<p>Comment diversifier l\u2019\u00e9conomie d\u2019un territoire rural touristique sans en alt\u00e9rer l\u2019identit\u00e9 ? La Communaut\u00e9 de Communes Vall\u00e9e des Baux-Alpilles dans les Bouches-du-Rh\u00f4ne a choisi le tourisme de savoir-faire comme levier strat\u00e9gique de d\u00e9veloppement. Accompagn\u00e9e par Entreprise et D\u00e9couverte, la structure a engag\u00e9 une d\u00e9marche ambitieuse et p\u00e9renne autour de l&rsquo;op\u00e9ration \u00ab\u00a0A la rencontre des savoir-faire des Alpilles\u00a0\u00bb. <\/p>\n","protected":false},"author":1160,"featured_media":73547,"comment_status":"open","ping_status":"open","sticky":false,"template":"","format":"standard","meta":{"_relevanssi_hide_post":"","_relevanssi_pin_for_all":"","_relevanssi_pin_keywords":"","_relevanssi_unpin_keywords":"","_relevanssi_related_keywords":"","_relevanssi_related_include_ids":"","_relevanssi_related_exclude_ids":"","_relevanssi_related_no_append":"","_relevanssi_related_not_related":"","_relevanssi_related_posts":"68314,62413,63963,62002,60031,71468","_relevanssi_noindex_reason":""},"categories":[32,35],"tags":[],"yoast_head":"<!-- This site is optimized with the Yoast SEO plugin v17.4 - https:\/\/yoast.com\/wordpress\/plugins\/seo\/ -->\n<meta name=\"description\" content=\"Comment diversifier l\u2019\u00e9conomie d\u2019un territoire rural touristique sans en alt\u00e9rer l\u2019identit\u00e9 ? La Communaut\u00e9 de Communes Vall\u00e9e des Baux-Alpilles dans les Bouches-du-Rh\u00f4ne a choisi le tourisme de savoir-faire comme levier strat\u00e9gique de d\u00e9veloppement. Accompagn\u00e9e par Entreprise et D\u00e9couverte, la structure a engag\u00e9 une d\u00e9marche ambitieuse et p\u00e9renne autour de l&#039;op\u00e9ration &quot;A la rencontre des savoir-faire des Alpilles&quot;.\" \/>\n<meta name=\"robots\" content=\"index, follow, max-snippet:-1, max-image-preview:large, max-video-preview:-1\" \/>\n<link rel=\"canonical\" href=\"https:\/\/www.entrepriseetdecouverte.fr\/espace-pro\/2026\/03\/05\/les-territoires-en-action-la-vallee-des-baux-alpilles\/\" \/>\n<meta property=\"og:locale\" content=\"fr_FR\" \/>\n<meta property=\"og:type\" content=\"article\" \/>\n<meta property=\"og:title\" content=\"Tourisme de savoir-faire - Vall\u00e9es de Baux-Alpilles I Blog Pro\" \/>\n<meta property=\"og:description\" content=\"Comment diversifier l\u2019\u00e9conomie d\u2019un territoire rural touristique sans en alt\u00e9rer l\u2019identit\u00e9 ? La Communaut\u00e9 de Communes Vall\u00e9e des Baux-Alpilles dans les Bouches-du-Rh\u00f4ne a choisi le tourisme de savoir-faire comme levier strat\u00e9gique de d\u00e9veloppement. Accompagn\u00e9e par Entreprise et D\u00e9couverte, la structure a engag\u00e9 une d\u00e9marche ambitieuse et p\u00e9renne autour de l&#039;op\u00e9ration &quot;A la rencontre des savoir-faire des Alpilles&quot;.\" \/>\n<meta property=\"og:url\" content=\"https:\/\/www.entrepriseetdecouverte.fr\/espace-pro\/2026\/03\/05\/les-territoires-en-action-la-vallee-des-baux-alpilles\/\" \/>\n<meta property=\"og:site_name\" content=\"Espace Pro\" \/>\n<meta property=\"article:published_time\" content=\"2026-03-05T14:58:32+00:00\" \/>\n<meta property=\"article:modified_time\" content=\"2026-03-09T17:28:41+00:00\" \/>\n<meta property=\"og:image\" content=\"https:\/\/www.entrepriseetdecouverte.fr\/espace-pro\/wp-content\/uploads\/sites\/2\/2026\/03\/affiche-ccvba.jpg\" \/>\n\t<meta property=\"og:image:width\" content=\"710\" \/>\n\t<meta property=\"og:image:height\" content=\"1000\" \/>\n<meta name=\"twitter:card\" content=\"summary_large_image\" \/>\n<meta name=\"twitter:label1\" content=\"\u00c9crit par\" \/>\n\t<meta name=\"twitter:data1\" content=\"Marie\" \/>\n\t<meta name=\"twitter:label2\" content=\"Dur\u00e9e de lecture estim\u00e9e\" \/>\n\t<meta name=\"twitter:data2\" content=\"7 minutes\" \/>\n<script type=\"application\/ld+json\" class=\"yoast-schema-graph\">{\"@context\":\"https:\/\/schema.org\",\"@graph\":[{\"@type\":\"WebSite\",\"@id\":\"https:\/\/www.entrepriseetdecouverte.fr\/espace-pro\/#website\",\"url\":\"https:\/\/www.entrepriseetdecouverte.fr\/espace-pro\/\",\"name\":\"Espace Pro\",\"description\":\"Un site utilisant Entreprise et D\\u00e9couverte Sites\",\"potentialAction\":[{\"@type\":\"SearchAction\",\"target\":{\"@type\":\"EntryPoint\",\"urlTemplate\":\"https:\/\/www.entrepriseetdecouverte.fr\/espace-pro\/?s={search_term_string}\"},\"query-input\":\"required name=search_term_string\"}],\"inLanguage\":\"fr-FR\"},{\"@type\":\"ImageObject\",\"@id\":\"https:\/\/www.entrepriseetdecouverte.fr\/espace-pro\/2026\/03\/05\/les-territoires-en-action-la-vallee-des-baux-alpilles\/#primaryimage\",\"inLanguage\":\"fr-FR\",\"url\":\"https:\/\/www.entrepriseetdecouverte.fr\/espace-pro\/wp-content\/uploads\/sites\/2\/2026\/03\/affiche-ccvba.jpg\",\"contentUrl\":\"https:\/\/www.entrepriseetdecouverte.fr\/espace-pro\/wp-content\/uploads\/sites\/2\/2026\/03\/affiche-ccvba.jpg\",\"width\":710,\"height\":1000},{\"@type\":\"WebPage\",\"@id\":\"https:\/\/www.entrepriseetdecouverte.fr\/espace-pro\/2026\/03\/05\/les-territoires-en-action-la-vallee-des-baux-alpilles\/#webpage\",\"url\":\"https:\/\/www.entrepriseetdecouverte.fr\/espace-pro\/2026\/03\/05\/les-territoires-en-action-la-vallee-des-baux-alpilles\/\",\"name\":\"Tourisme de savoir-faire - Vall\\u00e9es de Baux-Alpilles I Blog Pro\",\"isPartOf\":{\"@id\":\"https:\/\/www.entrepriseetdecouverte.fr\/espace-pro\/#website\"},\"primaryImageOfPage\":{\"@id\":\"https:\/\/www.entrepriseetdecouverte.fr\/espace-pro\/2026\/03\/05\/les-territoires-en-action-la-vallee-des-baux-alpilles\/#primaryimage\"},\"datePublished\":\"2026-03-05T14:58:32+00:00\",\"dateModified\":\"2026-03-09T17:28:41+00:00\",\"author\":{\"@id\":\"https:\/\/www.entrepriseetdecouverte.fr\/espace-pro\/#\/schema\/person\/3d44b5b8d54214a33448e027b455cd0f\"},\"description\":\"Comment diversifier l\\u2019\\u00e9conomie d\\u2019un territoire rural touristique sans en alt\\u00e9rer l\\u2019identit\\u00e9 ? La Communaut\\u00e9 de Communes Vall\\u00e9e des Baux-Alpilles dans les Bouches-du-Rh\\u00f4ne a choisi le tourisme de savoir-faire comme levier strat\\u00e9gique de d\\u00e9veloppement. Accompagn\\u00e9e par Entreprise et D\\u00e9couverte, la structure a engag\\u00e9 une d\\u00e9marche ambitieuse et p\\u00e9renne autour de l'op\\u00e9ration \\\"A la rencontre des savoir-faire des Alpilles\\\".\",\"breadcrumb\":{\"@id\":\"https:\/\/www.entrepriseetdecouverte.fr\/espace-pro\/2026\/03\/05\/les-territoires-en-action-la-vallee-des-baux-alpilles\/#breadcrumb\"},\"inLanguage\":\"fr-FR\",\"potentialAction\":[{\"@type\":\"ReadAction\",\"target\":[\"https:\/\/www.entrepriseetdecouverte.fr\/espace-pro\/2026\/03\/05\/les-territoires-en-action-la-vallee-des-baux-alpilles\/\"]}]},{\"@type\":\"BreadcrumbList\",\"@id\":\"https:\/\/www.entrepriseetdecouverte.fr\/espace-pro\/2026\/03\/05\/les-territoires-en-action-la-vallee-des-baux-alpilles\/#breadcrumb\",\"itemListElement\":[{\"@type\":\"ListItem\",\"position\":1,\"name\":\"Accueil\",\"item\":\"https:\/\/www.entrepriseetdecouverte.fr\/espace-pro\/\"},{\"@type\":\"ListItem\",\"position\":2,\"name\":\"Les territoires en action : la Vall\\u00e9e des Baux-Alpilles\"}]},{\"@type\":\"Person\",\"@id\":\"https:\/\/www.entrepriseetdecouverte.fr\/espace-pro\/#\/schema\/person\/3d44b5b8d54214a33448e027b455cd0f\",\"name\":\"Marie\",\"image\":{\"@type\":\"ImageObject\",\"@id\":\"https:\/\/www.entrepriseetdecouverte.fr\/espace-pro\/#personlogo\",\"inLanguage\":\"fr-FR\",\"url\":\"https:\/\/secure.gravatar.com\/avatar\/2e9d67b0921e033d3b5a8d9435cb686e?s=96&d=mm&r=g\",\"contentUrl\":\"https:\/\/secure.gravatar.com\/avatar\/2e9d67b0921e033d3b5a8d9435cb686e?s=96&d=mm&r=g\",\"caption\":\"Marie\"},\"url\":\"https:\/\/www.entrepriseetdecouverte.fr\/espace-pro\/author\/marie\/\"}]}<\/script>\n<!-- \/ Yoast SEO plugin. -->","yoast_head_json":{"description":"Comment diversifier l\u2019\u00e9conomie d\u2019un territoire rural touristique sans en alt\u00e9rer l\u2019identit\u00e9 ? La Communaut\u00e9 de Communes Vall\u00e9e des Baux-Alpilles dans les Bouches-du-Rh\u00f4ne a choisi le tourisme de savoir-faire comme levier strat\u00e9gique de d\u00e9veloppement. Accompagn\u00e9e par Entreprise et D\u00e9couverte, la structure a engag\u00e9 une d\u00e9marche ambitieuse et p\u00e9renne autour de l'op\u00e9ration \"A la rencontre des savoir-faire des Alpilles\".","robots":{"index":"index","follow":"follow","max-snippet":"max-snippet:-1","max-image-preview":"max-image-preview:large","max-video-preview":"max-video-preview:-1"},"canonical":"https:\/\/www.entrepriseetdecouverte.fr\/espace-pro\/2026\/03\/05\/les-territoires-en-action-la-vallee-des-baux-alpilles\/","og_locale":"fr_FR","og_type":"article","og_title":"Tourisme de savoir-faire - Vall\u00e9es de Baux-Alpilles I Blog Pro","og_description":"Comment diversifier l\u2019\u00e9conomie d\u2019un territoire rural touristique sans en alt\u00e9rer l\u2019identit\u00e9 ? La Communaut\u00e9 de Communes Vall\u00e9e des Baux-Alpilles dans les Bouches-du-Rh\u00f4ne a choisi le tourisme de savoir-faire comme levier strat\u00e9gique de d\u00e9veloppement. Accompagn\u00e9e par Entreprise et D\u00e9couverte, la structure a engag\u00e9 une d\u00e9marche ambitieuse et p\u00e9renne autour de l'op\u00e9ration \"A la rencontre des savoir-faire des Alpilles\".","og_url":"https:\/\/www.entrepriseetdecouverte.fr\/espace-pro\/2026\/03\/05\/les-territoires-en-action-la-vallee-des-baux-alpilles\/","og_site_name":"Espace Pro","article_published_time":"2026-03-05T14:58:32+00:00","article_modified_time":"2026-03-09T17:28:41+00:00","og_image":[{"width":710,"height":1000,"url":"https:\/\/www.entrepriseetdecouverte.fr\/espace-pro\/wp-content\/uploads\/sites\/2\/2026\/03\/affiche-ccvba.jpg","type":"image\/jpeg"}],"twitter_card":"summary_large_image","twitter_misc":{"\u00c9crit par":"Marie","Dur\u00e9e de lecture estim\u00e9e":"7 minutes"},"schema":{"@context":"https:\/\/schema.org","@graph":[{"@type":"WebSite","@id":"https:\/\/www.entrepriseetdecouverte.fr\/espace-pro\/#website","url":"https:\/\/www.entrepriseetdecouverte.fr\/espace-pro\/","name":"Espace Pro","description":"Un site utilisant Entreprise et D\u00e9couverte Sites","potentialAction":[{"@type":"SearchAction","target":{"@type":"EntryPoint","urlTemplate":"https:\/\/www.entrepriseetdecouverte.fr\/espace-pro\/?s={search_term_string}"},"query-input":"required name=search_term_string"}],"inLanguage":"fr-FR"},{"@type":"ImageObject","@id":"https:\/\/www.entrepriseetdecouverte.fr\/espace-pro\/2026\/03\/05\/les-territoires-en-action-la-vallee-des-baux-alpilles\/#primaryimage","inLanguage":"fr-FR","url":"https:\/\/www.entrepriseetdecouverte.fr\/espace-pro\/wp-content\/uploads\/sites\/2\/2026\/03\/affiche-ccvba.jpg","contentUrl":"https:\/\/www.entrepriseetdecouverte.fr\/espace-pro\/wp-content\/uploads\/sites\/2\/2026\/03\/affiche-ccvba.jpg","width":710,"height":1000},{"@type":"WebPage","@id":"https:\/\/www.entrepriseetdecouverte.fr\/espace-pro\/2026\/03\/05\/les-territoires-en-action-la-vallee-des-baux-alpilles\/#webpage","url":"https:\/\/www.entrepriseetdecouverte.fr\/espace-pro\/2026\/03\/05\/les-territoires-en-action-la-vallee-des-baux-alpilles\/","name":"Tourisme de savoir-faire - Vall\u00e9es de Baux-Alpilles I Blog Pro","isPartOf":{"@id":"https:\/\/www.entrepriseetdecouverte.fr\/espace-pro\/#website"},"primaryImageOfPage":{"@id":"https:\/\/www.entrepriseetdecouverte.fr\/espace-pro\/2026\/03\/05\/les-territoires-en-action-la-vallee-des-baux-alpilles\/#primaryimage"},"datePublished":"2026-03-05T14:58:32+00:00","dateModified":"2026-03-09T17:28:41+00:00","author":{"@id":"https:\/\/www.entrepriseetdecouverte.fr\/espace-pro\/#\/schema\/person\/3d44b5b8d54214a33448e027b455cd0f"},"description":"Comment diversifier l\u2019\u00e9conomie d\u2019un territoire rural touristique sans en alt\u00e9rer l\u2019identit\u00e9 ? La Communaut\u00e9 de Communes Vall\u00e9e des Baux-Alpilles dans les Bouches-du-Rh\u00f4ne a choisi le tourisme de savoir-faire comme levier strat\u00e9gique de d\u00e9veloppement. Accompagn\u00e9e par Entreprise et D\u00e9couverte, la structure a engag\u00e9 une d\u00e9marche ambitieuse et p\u00e9renne autour de l'op\u00e9ration \"A la rencontre des savoir-faire des Alpilles\".","breadcrumb":{"@id":"https:\/\/www.entrepriseetdecouverte.fr\/espace-pro\/2026\/03\/05\/les-territoires-en-action-la-vallee-des-baux-alpilles\/#breadcrumb"},"inLanguage":"fr-FR","potentialAction":[{"@type":"ReadAction","target":["https:\/\/www.entrepriseetdecouverte.fr\/espace-pro\/2026\/03\/05\/les-territoires-en-action-la-vallee-des-baux-alpilles\/"]}]},{"@type":"BreadcrumbList","@id":"https:\/\/www.entrepriseetdecouverte.fr\/espace-pro\/2026\/03\/05\/les-territoires-en-action-la-vallee-des-baux-alpilles\/#breadcrumb","itemListElement":[{"@type":"ListItem","position":1,"name":"Accueil","item":"https:\/\/www.entrepriseetdecouverte.fr\/espace-pro\/"},{"@type":"ListItem","position":2,"name":"Les territoires en action : la Vall\u00e9e des Baux-Alpilles"}]},{"@type":"Person","@id":"https:\/\/www.entrepriseetdecouverte.fr\/espace-pro\/#\/schema\/person\/3d44b5b8d54214a33448e027b455cd0f","name":"Marie","image":{"@type":"ImageObject","@id":"https:\/\/www.entrepriseetdecouverte.fr\/espace-pro\/#personlogo","inLanguage":"fr-FR","url":"https:\/\/secure.gravatar.com\/avatar\/2e9d67b0921e033d3b5a8d9435cb686e?s=96&d=mm&r=g","contentUrl":"https:\/\/secure.gravatar.com\/avatar\/2e9d67b0921e033d3b5a8d9435cb686e?s=96&d=mm&r=g","caption":"Marie"},"url":"https:\/\/www.entrepriseetdecouverte.fr\/espace-pro\/author\/marie\/"}]}},"_links":{"self":[{"href":"https:\/\/www.entrepriseetdecouverte.fr\/espace-pro\/wp-json\/wp\/v2\/posts\/73533"}],"collection":[{"href":"https:\/\/www.entrepriseetdecouverte.fr\/espace-pro\/wp-json\/wp\/v2\/posts"}],"about":[{"href":"https:\/\/www.entrepriseetdecouverte.fr\/espace-pro\/wp-json\/wp\/v2\/types\/post"}],"author":[{"embeddable":true,"href":"https:\/\/www.entrepriseetdecouverte.fr\/espace-pro\/wp-json\/wp\/v2\/users\/1160"}],"replies":[{"embeddable":true,"href":"https:\/\/www.entrepriseetdecouverte.fr\/espace-pro\/wp-json\/wp\/v2\/comments?post=73533"}],"version-history":[{"count":231,"href":"https:\/\/www.entrepriseetdecouverte.fr\/espace-pro\/wp-json\/wp\/v2\/posts\/73533\/revisions"}],"predecessor-version":[{"id":73865,"href":"https:\/\/www.entrepriseetdecouverte.fr\/espace-pro\/wp-json\/wp\/v2\/posts\/73533\/revisions\/73865"}],"wp:featuredmedia":[{"embeddable":true,"href":"https:\/\/www.entrepriseetdecouverte.fr\/espace-pro\/wp-json\/wp\/v2\/media\/73547"}],"wp:attachment":[{"href":"https:\/\/www.entrepriseetdecouverte.fr\/espace-pro\/wp-json\/wp\/v2\/media?parent=73533"}],"wp:term":[{"taxonomy":"category","embeddable":true,"href":"https:\/\/www.entrepriseetdecouverte.fr\/espace-pro\/wp-json\/wp\/v2\/categories?post=73533"},{"taxonomy":"post_tag","embeddable":true,"href":"https:\/\/www.entrepriseetdecouverte.fr\/espace-pro\/wp-json\/wp\/v2\/tags?post=73533"}],"curies":[{"name":"wp","href":"https:\/\/api.w.org\/{rel}","templated":true}]}}