{"id":73083,"date":"2026-02-17T10:50:35","date_gmt":"2026-02-17T09:50:35","guid":{"rendered":"https:\/\/www.entrepriseetdecouverte.fr\/espace-pro\/?p=73083"},"modified":"2026-03-12T10:40:23","modified_gmt":"2026-03-12T09:40:23","slug":"la-visite-dentreprise-en-chiffres-focus-sur-la-bourgogne-franche-comte","status":"publish","type":"post","link":"https:\/\/www.entrepriseetdecouverte.fr\/espace-pro\/2026\/02\/17\/la-visite-dentreprise-en-chiffres-focus-sur-la-bourgogne-franche-comte\/","title":{"rendered":"La visite d&rsquo;entreprise en chiffres &#8211; Bourgogne-Franche-Comt\u00e9"},"content":{"rendered":"\n<h3>La visite d\u2019entreprise en chiffres : les indicateurs cl\u00e9s en Bourgogne-Franche-Comt\u00e9<\/h3>\n\n\n\n<figure class=\"wp-block-gallery alignwide columns-3 is-cropped\"><ul class=\"blocks-gallery-grid\"><li class=\"blocks-gallery-item\"><figure><img loading=\"lazy\" width=\"940\" height=\"788\" data-src=\"https:\/\/www.entrepriseetdecouverte.fr\/espace-pro\/wp-content\/uploads\/sites\/2\/2026\/02\/campagne-2024_bretagne-1-1.png\" alt=\"\" data-id=\"73178\" data-full-url=\"https:\/\/www.entrepriseetdecouverte.fr\/espace-pro\/wp-content\/uploads\/sites\/2\/2026\/02\/campagne-2024_bretagne-1-1.png\" data-link=\"https:\/\/www.entrepriseetdecouverte.fr\/espace-pro\/2026\/02\/17\/la-visite-dentreprise-en-chiffres-focus-sur-la-bourgogne-franche-comte\/campagne-2024_bretagne-1-1\/\" class=\"wp-image-73178\" data-srcset=\"https:\/\/www.entrepriseetdecouverte.fr\/espace-pro\/wp-content\/uploads\/sites\/2\/2026\/02\/campagne-2024_bretagne-1-1.png 940w, https:\/\/www.entrepriseetdecouverte.fr\/espace-pro\/wp-content\/uploads\/sites\/2\/2026\/02\/campagne-2024_bretagne-1-1-600x503.png 600w, https:\/\/www.entrepriseetdecouverte.fr\/espace-pro\/wp-content\/uploads\/sites\/2\/2026\/02\/campagne-2024_bretagne-1-1-900x754.png 900w, https:\/\/www.entrepriseetdecouverte.fr\/espace-pro\/wp-content\/uploads\/sites\/2\/2026\/02\/campagne-2024_bretagne-1-1-200x168.png 200w, https:\/\/www.entrepriseetdecouverte.fr\/espace-pro\/wp-content\/uploads\/sites\/2\/2026\/02\/campagne-2024_bretagne-1-1-72x60.png 72w\" sizes=\"(max-width: 940px) 100vw, 940px\" \/><\/figure><\/li><li class=\"blocks-gallery-item\"><figure><img loading=\"lazy\" width=\"1024\" height=\"683\" data-src=\"https:\/\/www.entrepriseetdecouverte.fr\/espace-pro\/wp-content\/uploads\/sites\/2\/2026\/02\/fort-saint-antoine-13-08-13-25.jpg\" alt=\"\" data-id=\"73132\" data-full-url=\"https:\/\/www.entrepriseetdecouverte.fr\/espace-pro\/wp-content\/uploads\/sites\/2\/2026\/02\/fort-saint-antoine-13-08-13-25.jpg\" data-link=\"https:\/\/www.entrepriseetdecouverte.fr\/espace-pro\/?attachment_id=73132\" class=\"wp-image-73132\" data-srcset=\"https:\/\/www.entrepriseetdecouverte.fr\/espace-pro\/wp-content\/uploads\/sites\/2\/2026\/02\/fort-saint-antoine-13-08-13-25.jpg 1024w, https:\/\/www.entrepriseetdecouverte.fr\/espace-pro\/wp-content\/uploads\/sites\/2\/2026\/02\/fort-saint-antoine-13-08-13-25-600x400.jpg 600w, https:\/\/www.entrepriseetdecouverte.fr\/espace-pro\/wp-content\/uploads\/sites\/2\/2026\/02\/fort-saint-antoine-13-08-13-25-900x600.jpg 900w, https:\/\/www.entrepriseetdecouverte.fr\/espace-pro\/wp-content\/uploads\/sites\/2\/2026\/02\/fort-saint-antoine-13-08-13-25-200x133.jpg 200w, https:\/\/www.entrepriseetdecouverte.fr\/espace-pro\/wp-content\/uploads\/sites\/2\/2026\/02\/fort-saint-antoine-13-08-13-25-90x60.jpg 90w\" sizes=\"(max-width: 1024px) 100vw, 1024px\" \/><\/figure><\/li><li class=\"blocks-gallery-item\"><figure><img loading=\"lazy\" width=\"940\" height=\"788\" data-src=\"https:\/\/www.entrepriseetdecouverte.fr\/espace-pro\/wp-content\/uploads\/sites\/2\/2026\/02\/campagne-2024_bretagne-2-1.png\" alt=\"\" data-id=\"73180\" data-full-url=\"https:\/\/www.entrepriseetdecouverte.fr\/espace-pro\/wp-content\/uploads\/sites\/2\/2026\/02\/campagne-2024_bretagne-2-1.png\" data-link=\"https:\/\/www.entrepriseetdecouverte.fr\/espace-pro\/2026\/02\/17\/la-visite-dentreprise-en-chiffres-focus-sur-la-bourgogne-franche-comte\/campagne-2024_bretagne-2-1\/\" class=\"wp-image-73180\" data-srcset=\"https:\/\/www.entrepriseetdecouverte.fr\/espace-pro\/wp-content\/uploads\/sites\/2\/2026\/02\/campagne-2024_bretagne-2-1.png 940w, https:\/\/www.entrepriseetdecouverte.fr\/espace-pro\/wp-content\/uploads\/sites\/2\/2026\/02\/campagne-2024_bretagne-2-1-600x503.png 600w, https:\/\/www.entrepriseetdecouverte.fr\/espace-pro\/wp-content\/uploads\/sites\/2\/2026\/02\/campagne-2024_bretagne-2-1-900x754.png 900w, https:\/\/www.entrepriseetdecouverte.fr\/espace-pro\/wp-content\/uploads\/sites\/2\/2026\/02\/campagne-2024_bretagne-2-1-200x168.png 200w, https:\/\/www.entrepriseetdecouverte.fr\/espace-pro\/wp-content\/uploads\/sites\/2\/2026\/02\/campagne-2024_bretagne-2-1-72x60.png 72w\" sizes=\"(max-width: 940px) 100vw, 940px\" \/><\/figure><\/li><\/ul><\/figure>\n\n\n\n<p class=\"is-style-normal\" style=\"font-size:10px\"> <em>\u00a9 Cave d&rsquo;affinage du Fort Saint-Antoine \/ Conseil G\u00e9n\u00e9ral du Doubs<\/em><\/p>\n\n\n\n<p class=\"is-style-normal\">En 2025, la Bourgogne-Franche-Comt\u00e9 confirme son attractivit\u00e9 en mati\u00e8re de tourisme de savoir-faire :  <strong style=\"font-size: revert; color: initial;\">+7 % de visiteurs<\/strong><span style=\"font-size: revert; color: initial;\"> et <\/span><strong style=\"font-size: revert; color: initial;\">+15 % d\u2019entreprises<\/strong><span style=\"font-size: revert; color: initial;\"> par rapport au pr\u00e9c\u00e9dent observatoire<\/span> (2023). <span style=\"font-size: revert; color: initial;\">Ces r\u00e9sultats t\u00e9moignent d\u2019une structuration progressive de la visite d&rsquo;entreprise et d\u2019un int\u00e9r\u00eat croissant des publics pour ces exp\u00e9riences de visite ancr\u00e9es dans les territoires et non d\u00e9localisables. <\/span> <\/p>\n\n\n\n<p class=\"is-style-normal\">La visite d\u2019entreprise s\u2019inscrit ici dans une logique de <strong>tourisme de proximit\u00e9<\/strong> : <strong>70 % des visiteurs<\/strong> sont issus de la r\u00e9gion, et <strong>53 % des entreprises<\/strong> identifient les familles comme leur premier public. Un marqueur fort de reconnexion entre habitants, entreprises et savoir-faire locaux. <\/p>\n\n\n\n<h3>Des fili\u00e8res embl\u00e9matiques au coeur de l&rsquo;offre de visite <\/h3>\n\n\n\n<p class=\"is-style-normal\"> La r\u00e9partition sectorielle des entreprises ouvertes \u00e0 la visite refl\u00e8te l\u2019identit\u00e9 \u00e9conomique r\u00e9gionale. <\/p>\n\n\n\n<div class=\"wp-block-media-text alignwide is-stacked-on-mobile\"><figure class=\"wp-block-media-text__media\"><img loading=\"lazy\" width=\"940\" height=\"788\" data-src=\"https:\/\/www.entrepriseetdecouverte.fr\/espace-pro\/wp-content\/uploads\/sites\/2\/2026\/02\/campagne-2024_bretagne-2.png\" alt=\"\" class=\"wp-image-73090 size-full\" data-srcset=\"https:\/\/www.entrepriseetdecouverte.fr\/espace-pro\/wp-content\/uploads\/sites\/2\/2026\/02\/campagne-2024_bretagne-2.png 940w, https:\/\/www.entrepriseetdecouverte.fr\/espace-pro\/wp-content\/uploads\/sites\/2\/2026\/02\/campagne-2024_bretagne-2-600x503.png 600w, https:\/\/www.entrepriseetdecouverte.fr\/espace-pro\/wp-content\/uploads\/sites\/2\/2026\/02\/campagne-2024_bretagne-2-900x754.png 900w, https:\/\/www.entrepriseetdecouverte.fr\/espace-pro\/wp-content\/uploads\/sites\/2\/2026\/02\/campagne-2024_bretagne-2-200x168.png 200w, https:\/\/www.entrepriseetdecouverte.fr\/espace-pro\/wp-content\/uploads\/sites\/2\/2026\/02\/campagne-2024_bretagne-2-72x60.png 72w\" sizes=\"(max-width: 940px) 100vw, 940px\" \/><\/figure><div class=\"wp-block-media-text__content\">\n<ul><li>Le <strong>secteur Agroalimentaire<\/strong> domine largement, en coh\u00e9rence avec la moyenne nationale, avec des sp\u00e9cialit\u00e9s reconnues : la moutarde \u00e0 d\u00e9couvrir chez <a href=\"https:\/\/www.entrepriseetdecouverte.fr\/visite\/la-moutarderie-fallot\/\" target=\"_blank\" rel=\"noreferrer noopener\">Fallot<\/a>, le pain d\u2019\u00e9pices avec <a href=\"https:\/\/www.entrepriseetdecouverte.fr\/visite\/visite-la-fabrique-mulot-petitjean\/\" target=\"_blank\" rel=\"noreferrer noopener\">Mulot &amp; Petitjean<\/a>, les salaisons du <a href=\"https:\/\/www.entrepriseetdecouverte.fr\/visite\/le-tuye-du-papy-gaby\/\" target=\"_blank\" rel=\"noreferrer noopener\">Tuy\u00e9 du Papy Gaby,<\/a> les c\u00e9l\u00e8bres <a href=\"https:\/\/www.entrepriseetdecouverte.fr\/visite\/les-anis-de-flavigny\/\" target=\"_blank\" rel=\"noreferrer noopener\">Anis de Flavigny<\/a> ou encore les fruiti\u00e8res \u00e0 comt\u00e9 avec la <a href=\"https:\/\/www.entrepriseetdecouverte.fr\/visite\/caves-daffinage-du-fort-saint-antoine\/\" target=\"_blank\" rel=\"noreferrer noopener\">Cave du Fort Saint-Antoine<\/a>. <\/li><\/ul>\n\n\n\n<ul><li>Les <strong>Vins, Bi\u00e8res et Spiritueux<\/strong> constituent \u00e9galement un pilier structurant, avec des maisons embl\u00e9matiques du vignoble bourguignon et des distilleries historiques du Doubs : <a href=\"https:\/\/www.entrepriseetdecouverte.fr\/visite\/visite-maison-veuve-ambal\/\" target=\"_blank\" rel=\"noreferrer noopener\">La Veuve Ambal<\/a>, <a href=\"https:\/\/www.entrepriseetdecouverte.fr\/visite\/le-cassissium\/\" target=\"_blank\" rel=\"noreferrer noopener\">Le Cassissium<\/a> et le \u00ab\u00a0petit noir de Bourgogne\u00a0\u00bb, les distilleries d&rsquo;absinthe dans le Doubs telles <a href=\"https:\/\/www.entrepriseetdecouverte.fr\/visite\/distillerie-pierre-guy\/\" target=\"_blank\" rel=\"noreferrer noopener\">Pierre Guy<\/a>.<\/li><\/ul>\n\n\n\n<ul><li>La r\u00e9gion se distingue aussi par la vitalit\u00e9 de ses <strong>M\u00e9tiers d\u2019Art<\/strong> (verrerie <a href=\"https:\/\/www.entrepriseetdecouverte.fr\/visite\/visite-verrerie-la-rochere\/\" target=\"_blank\" rel=\"noreferrer noopener\">La Roch\u00e8re<\/a> en Haute-Sa\u00f4ne, qui a f\u00eat\u00e9 ses 550 ans en 2025) et par le d\u00e9veloppement de la <strong>visite dans le secteur industriel<\/strong>, port\u00e9 par des acteurs engag\u00e9s (<a href=\"https:\/\/www.entrepriseetdecouverte.fr\/visite\/cristel-visite-site-fabrication\/\" target=\"_blank\" rel=\"noreferrer noopener\">Cristel<\/a>, fabricant d&rsquo;articles culinaires haut-de-gamme, EDF &#8230;). <\/li><\/ul>\n<\/div><\/div>\n\n\n\n<h3>Top 10 des entreprises les plus visit\u00e9es : des locomotives territoriales<\/h3>\n\n\n\n<p class=\"is-style-normal\">Certaines entreprises jouent un r\u00f4le moteur dans la structuration et la visibilit\u00e9 de l&rsquo;offre visite d&rsquo;entreprise au plan r\u00e9gional. D\u00e9couvrez ci-dessous le Top 10 des entreprises les plus visit\u00e9es <em>(chiffres 2025)<\/em>. <\/p>\n\n\n\n<div class=\"wp-block-image is-style-default\"><figure class=\"aligncenter size-medium is-resized\"><a href=\"https:\/\/www.entrepriseetdecouverte.fr\/espace-pro\/wp-content\/uploads\/sites\/2\/2025\/07\/bfc_observatoire-2025-ve_entreprise-et-decouverte_compressed.pdf\" target=\"_blank\" rel=\"noopener\"><img loading=\"lazy\" data-src=\"https:\/\/www.entrepriseetdecouverte.fr\/espace-pro\/wp-content\/uploads\/sites\/2\/2026\/02\/top-10-bfc-600x489.png\" alt=\"\" class=\"wp-image-73140\" width=\"600\" height=\"489\" data-srcset=\"https:\/\/www.entrepriseetdecouverte.fr\/espace-pro\/wp-content\/uploads\/sites\/2\/2026\/02\/top-10-bfc-600x489.png 600w, https:\/\/www.entrepriseetdecouverte.fr\/espace-pro\/wp-content\/uploads\/sites\/2\/2026\/02\/top-10-bfc-200x163.png 200w, https:\/\/www.entrepriseetdecouverte.fr\/espace-pro\/wp-content\/uploads\/sites\/2\/2026\/02\/top-10-bfc-380x310.png 380w, https:\/\/www.entrepriseetdecouverte.fr\/espace-pro\/wp-content\/uploads\/sites\/2\/2026\/02\/top-10-bfc-74x60.png 74w, https:\/\/www.entrepriseetdecouverte.fr\/espace-pro\/wp-content\/uploads\/sites\/2\/2026\/02\/top-10-bfc.png 813w\" sizes=\"(max-width: 600px) 100vw, 600px\" \/><\/a><\/figure><\/div>\n\n\n\n<figure class=\"wp-block-gallery alignwide columns-3 is-cropped\"><ul class=\"blocks-gallery-grid\"><li class=\"blocks-gallery-item\"><figure><img loading=\"lazy\" width=\"1200\" height=\"800\" data-src=\"https:\/\/www.entrepriseetdecouverte.fr\/espace-pro\/wp-content\/uploads\/sites\/2\/2026\/02\/verrerie-la-rochere-016-1200x800.jpg\" alt=\"\" data-id=\"73146\" data-link=\"https:\/\/www.entrepriseetdecouverte.fr\/espace-pro\/?attachment_id=73146\" class=\"wp-image-73146\" data-srcset=\"https:\/\/www.entrepriseetdecouverte.fr\/espace-pro\/wp-content\/uploads\/sites\/2\/2026\/02\/verrerie-la-rochere-016-1200x800.jpg 1200w, https:\/\/www.entrepriseetdecouverte.fr\/espace-pro\/wp-content\/uploads\/sites\/2\/2026\/02\/verrerie-la-rochere-016-600x400.jpg 600w, https:\/\/www.entrepriseetdecouverte.fr\/espace-pro\/wp-content\/uploads\/sites\/2\/2026\/02\/verrerie-la-rochere-016-900x600.jpg 900w, https:\/\/www.entrepriseetdecouverte.fr\/espace-pro\/wp-content\/uploads\/sites\/2\/2026\/02\/verrerie-la-rochere-016-1536x1024.jpg 1536w, https:\/\/www.entrepriseetdecouverte.fr\/espace-pro\/wp-content\/uploads\/sites\/2\/2026\/02\/verrerie-la-rochere-016-200x133.jpg 200w, https:\/\/www.entrepriseetdecouverte.fr\/espace-pro\/wp-content\/uploads\/sites\/2\/2026\/02\/verrerie-la-rochere-016-90x60.jpg 90w, https:\/\/www.entrepriseetdecouverte.fr\/espace-pro\/wp-content\/uploads\/sites\/2\/2026\/02\/verrerie-la-rochere-016.jpg 1920w\" sizes=\"(max-width: 1200px) 100vw, 1200px\" \/><\/figure><\/li><li class=\"blocks-gallery-item\"><figure><img loading=\"lazy\" width=\"799\" height=\"533\" data-src=\"https:\/\/www.entrepriseetdecouverte.fr\/espace-pro\/wp-content\/uploads\/sites\/2\/2026\/02\/anis-de-flavigny.jpg\" alt=\"\" data-id=\"73147\" data-link=\"https:\/\/www.entrepriseetdecouverte.fr\/espace-pro\/?attachment_id=73147\" class=\"wp-image-73147\" data-srcset=\"https:\/\/www.entrepriseetdecouverte.fr\/espace-pro\/wp-content\/uploads\/sites\/2\/2026\/02\/anis-de-flavigny.jpg 799w, https:\/\/www.entrepriseetdecouverte.fr\/espace-pro\/wp-content\/uploads\/sites\/2\/2026\/02\/anis-de-flavigny-600x400.jpg 600w, https:\/\/www.entrepriseetdecouverte.fr\/espace-pro\/wp-content\/uploads\/sites\/2\/2026\/02\/anis-de-flavigny-200x133.jpg 200w, https:\/\/www.entrepriseetdecouverte.fr\/espace-pro\/wp-content\/uploads\/sites\/2\/2026\/02\/anis-de-flavigny-90x60.jpg 90w\" sizes=\"(max-width: 799px) 100vw, 799px\" \/><\/figure><\/li><li class=\"blocks-gallery-item\"><figure><img loading=\"lazy\" width=\"1200\" height=\"800\" data-src=\"https:\/\/www.entrepriseetdecouverte.fr\/espace-pro\/wp-content\/uploads\/sites\/2\/2026\/02\/1188_cristel-1-1200x800.jpg\" alt=\"\" data-id=\"73148\" data-full-url=\"https:\/\/www.entrepriseetdecouverte.fr\/espace-pro\/wp-content\/uploads\/sites\/2\/2026\/02\/1188_cristel-1.jpg\" data-link=\"https:\/\/www.entrepriseetdecouverte.fr\/espace-pro\/?attachment_id=73148\" class=\"wp-image-73148\" data-srcset=\"https:\/\/www.entrepriseetdecouverte.fr\/espace-pro\/wp-content\/uploads\/sites\/2\/2026\/02\/1188_cristel-1-1200x800.jpg 1200w, https:\/\/www.entrepriseetdecouverte.fr\/espace-pro\/wp-content\/uploads\/sites\/2\/2026\/02\/1188_cristel-1-600x400.jpg 600w, https:\/\/www.entrepriseetdecouverte.fr\/espace-pro\/wp-content\/uploads\/sites\/2\/2026\/02\/1188_cristel-1-900x600.jpg 900w, https:\/\/www.entrepriseetdecouverte.fr\/espace-pro\/wp-content\/uploads\/sites\/2\/2026\/02\/1188_cristel-1-1536x1024.jpg 1536w, https:\/\/www.entrepriseetdecouverte.fr\/espace-pro\/wp-content\/uploads\/sites\/2\/2026\/02\/1188_cristel-1-200x133.jpg 200w, https:\/\/www.entrepriseetdecouverte.fr\/espace-pro\/wp-content\/uploads\/sites\/2\/2026\/02\/1188_cristel-1-90x60.jpg 90w, https:\/\/www.entrepriseetdecouverte.fr\/espace-pro\/wp-content\/uploads\/sites\/2\/2026\/02\/1188_cristel-1.jpg 1701w\" sizes=\"(max-width: 1200px) 100vw, 1200px\" \/><\/figure><\/li><\/ul><\/figure>\n\n\n\n<p class=\"is-style-normal\" style=\"font-size:10px\"><em>\u00a9La Roch\u00e8re &#8211; E.Doublet \/ Les Anis de Flavigny &#8211; C.Jachimiak \/ Cristel <\/em><\/p>\n\n\n\n<div class=\"wp-block-columns\">\n<div class=\"wp-block-column is-vertically-aligned-center\" style=\"flex-basis:33.33%\">\n<figure class=\"wp-block-image size-full is-style-rounded\"><img loading=\"lazy\" width=\"800\" height=\"800\" data-src=\"https:\/\/www.entrepriseetdecouverte.fr\/espace-pro\/wp-content\/uploads\/sites\/2\/2026\/02\/jerome-durain_bfc.jpg\" alt=\"\" class=\"wp-image-73384\" data-srcset=\"https:\/\/www.entrepriseetdecouverte.fr\/espace-pro\/wp-content\/uploads\/sites\/2\/2026\/02\/jerome-durain_bfc.jpg 800w, https:\/\/www.entrepriseetdecouverte.fr\/espace-pro\/wp-content\/uploads\/sites\/2\/2026\/02\/jerome-durain_bfc-600x600.jpg 600w, https:\/\/www.entrepriseetdecouverte.fr\/espace-pro\/wp-content\/uploads\/sites\/2\/2026\/02\/jerome-durain_bfc-300x300.jpg 300w, https:\/\/www.entrepriseetdecouverte.fr\/espace-pro\/wp-content\/uploads\/sites\/2\/2026\/02\/jerome-durain_bfc-24x24.jpg 24w, https:\/\/www.entrepriseetdecouverte.fr\/espace-pro\/wp-content\/uploads\/sites\/2\/2026\/02\/jerome-durain_bfc-48x48.jpg 48w, https:\/\/www.entrepriseetdecouverte.fr\/espace-pro\/wp-content\/uploads\/sites\/2\/2026\/02\/jerome-durain_bfc-96x96.jpg 96w, https:\/\/www.entrepriseetdecouverte.fr\/espace-pro\/wp-content\/uploads\/sites\/2\/2026\/02\/jerome-durain_bfc-150x150.jpg 150w, https:\/\/www.entrepriseetdecouverte.fr\/espace-pro\/wp-content\/uploads\/sites\/2\/2026\/02\/jerome-durain_bfc-200x200.jpg 200w, https:\/\/www.entrepriseetdecouverte.fr\/espace-pro\/wp-content\/uploads\/sites\/2\/2026\/02\/jerome-durain_bfc-60x60.jpg 60w\" sizes=\"(max-width: 800px) 100vw, 800px\" \/><figcaption><em>J\u00e9r\u00f4me Durain, Pr\u00e9sident de la R\u00e9gion Bourgogne-Franche-Comt\u00e9<\/em><\/figcaption><\/figure>\n<\/div>\n\n\n\n<div class=\"wp-block-column is-vertically-aligned-center\" style=\"flex-basis:66.66%\">\n<p class=\"is-style-blockquote\" style=\"font-size:15px\">\u00ab\u00a0Les chiffres de l&rsquo;observatoire r\u00e9alis\u00e9s par Entreprise et D\u00e9couverte t\u00e9moignent de la\u00a0dynamique du tourisme de savoir-faire en Bourgogne-Franche-Comt\u00e9 et de <strong>la vitalit\u00e9 de nos entreprises qui s&rsquo;engagent<\/strong> pour partager leur talent au plus grand nombre. <strong>La R\u00e9gion a fait du d\u00e9veloppement de ce tourisme une priorit\u00e9<\/strong> afin de mettre en valeur les p\u00e9pites de son territoire aussi bien aupr\u00e8s des touristes Fran\u00e7ais et \u00e9trangers mais aussi aupr\u00e8s des Bourguignons Franc-Comtois, dans la lign\u00e9e de la campagne\u00a0<a href=\"https:\/\/www.sortezchezvous.fr\/\" target=\"_blank\" rel=\"noreferrer noopener\">Sortez Chez Vous<\/a>. <strong>Le tourisme de savoir-faire est un vecteur de fiert\u00e9 et d&rsquo;inspiration \u00e0 faire vivre mais aussi \u00e0 transmettre aux jeunes g\u00e9n\u00e9rations.\u00a0\u00bb<\/strong><\/p>\n<\/div>\n<\/div>\n\n\n\n<h3>Des dynamiques territoriales structurantes <\/h3>\n\n\n\n<p class=\"is-style-normal\"><\/p>\n\n\n\n<div class=\"wp-block-columns are-vertically-aligned-center\">\n<div class=\"wp-block-column is-vertically-aligned-center\" style=\"flex-basis:66.66%\">\n<h4> \ud83d\udca1 Made in Chez Nous, <strong><strong>un label pour valoriser la visite d&rsquo;entreprise dans le Doubs<\/strong><\/strong> <\/h4>\n\n\n\n<p class=\"is-style-normal\">Cr\u00e9\u00e9 en 2013 \u00e0 l&rsquo;initiative de Doubs Tourisme, le&nbsp;r\u00e9seau<strong> Made in chez Nous<\/strong> f\u00e9d\u00e8re plus de cinquante entreprises \u00e0 l&rsquo;\u00e9chelle du d\u00e9partement du Doubs (25), qui ouvrent leurs portes aux visiteurs. Retrouvez toutes les visites sur <a href=\"https:\/\/www.doubs.travel\/decouvrir\/patrimoine\/label-made-in-chez-nous\/\" target=\"_blank\" rel=\"noreferrer noopener\">le site d\u00e9di\u00e9<\/a>.   <\/p>\n<\/div>\n\n\n\n<div class=\"wp-block-column is-vertically-aligned-center\" style=\"flex-basis:33.33%\">\n<figure class=\"wp-block-image size-large is-style-rounded\"><img loading=\"lazy\" width=\"1200\" height=\"908\" data-src=\"https:\/\/www.entrepriseetdecouverte.fr\/espace-pro\/wp-content\/uploads\/sites\/2\/2026\/02\/logo-made-in-chez-nous-couleur-1200x908.jpg\" alt=\"\" class=\"wp-image-73254\" data-srcset=\"https:\/\/www.entrepriseetdecouverte.fr\/espace-pro\/wp-content\/uploads\/sites\/2\/2026\/02\/logo-made-in-chez-nous-couleur-1200x908.jpg 1200w, https:\/\/www.entrepriseetdecouverte.fr\/espace-pro\/wp-content\/uploads\/sites\/2\/2026\/02\/logo-made-in-chez-nous-couleur-600x454.jpg 600w, https:\/\/www.entrepriseetdecouverte.fr\/espace-pro\/wp-content\/uploads\/sites\/2\/2026\/02\/logo-made-in-chez-nous-couleur-900x681.jpg 900w, https:\/\/www.entrepriseetdecouverte.fr\/espace-pro\/wp-content\/uploads\/sites\/2\/2026\/02\/logo-made-in-chez-nous-couleur-1536x1162.jpg 1536w, https:\/\/www.entrepriseetdecouverte.fr\/espace-pro\/wp-content\/uploads\/sites\/2\/2026\/02\/logo-made-in-chez-nous-couleur-200x151.jpg 200w, https:\/\/www.entrepriseetdecouverte.fr\/espace-pro\/wp-content\/uploads\/sites\/2\/2026\/02\/logo-made-in-chez-nous-couleur-79x60.jpg 79w, https:\/\/www.entrepriseetdecouverte.fr\/espace-pro\/wp-content\/uploads\/sites\/2\/2026\/02\/logo-made-in-chez-nous-couleur.jpg 1600w\" sizes=\"(max-width: 1200px) 100vw, 1200px\" \/><\/figure>\n<\/div>\n<\/div>\n\n\n\n<div class=\"wp-block-columns are-vertically-aligned-center\">\n<div class=\"wp-block-column is-vertically-aligned-center\" style=\"flex-basis:33.33%\">\n<figure class=\"wp-block-image size-full is-style-default\"><img loading=\"lazy\" width=\"422\" height=\"597\" data-src=\"https:\/\/www.entrepriseetdecouverte.fr\/espace-pro\/wp-content\/uploads\/sites\/2\/2026\/02\/affiche-coulisses-de-lindustrie-1.jpg\" alt=\"\" class=\"wp-image-73283\" data-srcset=\"https:\/\/www.entrepriseetdecouverte.fr\/espace-pro\/wp-content\/uploads\/sites\/2\/2026\/02\/affiche-coulisses-de-lindustrie-1.jpg 422w, https:\/\/www.entrepriseetdecouverte.fr\/espace-pro\/wp-content\/uploads\/sites\/2\/2026\/02\/affiche-coulisses-de-lindustrie-1-200x283.jpg 200w, https:\/\/www.entrepriseetdecouverte.fr\/espace-pro\/wp-content\/uploads\/sites\/2\/2026\/02\/affiche-coulisses-de-lindustrie-1-42x60.jpg 42w\" sizes=\"(max-width: 422px) 100vw, 422px\" \/><\/figure>\n<\/div>\n\n\n\n<div class=\"wp-block-column is-vertically-aligned-center\" style=\"flex-basis:66.66%\">\n<h4> \u2699\ufe0f Dans les Coulisses de l&rsquo;Industrie, Le Creusot &#8211; Montceau-les-Mines <\/h4>\n\n\n\n<p class=\"is-style-normal\">Une op\u00e9ration annuelle mise en place depuis 2025, \u00e0 l&rsquo;initiative de Creusot &#8211; Montceau Tourisme. \u00ab\u00a0<a href=\"https:\/\/www.creusotmontceautourisme.fr\/dans-les-coulisses-de-lindustrie\/\" target=\"_blank\" rel=\"noreferrer noopener\">Dans les Coulisses de l&rsquo;Industrie<\/a>\u00a0\u00bb   s&rsquo;adresse aux habitants et aux touristes, et les invite \u00e0 d\u00e9couvrir des savoir-faire parfois m\u00e9connus, de casser les id\u00e9es re\u00e7ues sur le monde industriel, et de mieux comprendre le r\u00f4le essentiel qu\u2019il joue sur le territoire, depuis des g\u00e9n\u00e9rations. <\/p>\n<\/div>\n<\/div>\n\n\n\n<div class=\"wp-block-columns are-vertically-aligned-center\">\n<div class=\"wp-block-column is-vertically-aligned-center\" style=\"flex-basis:66.66%\">\n<h4> \ud83d\udee3 La Route des Savoir-Faire du Pays de Montb\u00e9liard  <\/h4>\n\n\n\n<p class=\"is-style-normal\">\u00ab\u00a0Petit pays, grandes d\u00e9couvertes\u00a0\u00bb. Lanc\u00e9e en 2023 par l&rsquo;Office de Tourisme du Pays de Montb\u00e9liard et Pays de Montb\u00e9liard Agglom\u00e9ration, cette Route des Savoir-Faire regroupe  une trentaine d&rsquo;entreprises du territoire, de l&rsquo;artisanat \u00e0 l&rsquo;industrie. Une initiative permettant de renforcer l&rsquo;attractivit\u00e9 du territoire, et d&rsquo;encourager une consommation locale et responsable. Informations sur <a href=\"https:\/\/www.savoirfaire-paysdemontbeliard.fr\/\" target=\"_blank\" rel=\"noreferrer noopener\">le site d\u00e9di\u00e9<\/a>.     <\/p>\n<\/div>\n\n\n\n<div class=\"wp-block-column is-vertically-aligned-center\" style=\"flex-basis:33.33%\">\n<figure class=\"wp-block-image size-full is-style-default\"><img loading=\"lazy\" width=\"265\" height=\"370\" data-src=\"https:\/\/www.entrepriseetdecouverte.fr\/espace-pro\/wp-content\/uploads\/sites\/2\/2026\/02\/route-des-savoir-faire-du-pays-de-montbeliard_2025.3.png\" alt=\"\" class=\"wp-image-73279\" data-srcset=\"https:\/\/www.entrepriseetdecouverte.fr\/espace-pro\/wp-content\/uploads\/sites\/2\/2026\/02\/route-des-savoir-faire-du-pays-de-montbeliard_2025.3.png 265w, https:\/\/www.entrepriseetdecouverte.fr\/espace-pro\/wp-content\/uploads\/sites\/2\/2026\/02\/route-des-savoir-faire-du-pays-de-montbeliard_2025.3-200x279.png 200w, https:\/\/www.entrepriseetdecouverte.fr\/espace-pro\/wp-content\/uploads\/sites\/2\/2026\/02\/route-des-savoir-faire-du-pays-de-montbeliard_2025.3-43x60.png 43w\" sizes=\"(max-width: 265px) 100vw, 265px\" \/><\/figure>\n<\/div>\n<\/div>\n\n\n\n<h3>Pour aller plus loin <\/h3>\n\n\n\n<div class=\"wp-block-columns\">\n<div class=\"wp-block-column\" style=\"flex-basis:33.33%\">\n<figure class=\"wp-block-image size-large is-style-default\"><img loading=\"lazy\" width=\"800\" height=\"1200\" data-src=\"https:\/\/www.entrepriseetdecouverte.fr\/espace-pro\/wp-content\/uploads\/sites\/2\/2025\/04\/chloe-chabot-ed-800x1200.jpg\" alt=\"\" class=\"wp-image-70991\" data-srcset=\"https:\/\/www.entrepriseetdecouverte.fr\/espace-pro\/wp-content\/uploads\/sites\/2\/2025\/04\/chloe-chabot-ed-800x1200.jpg 800w, https:\/\/www.entrepriseetdecouverte.fr\/espace-pro\/wp-content\/uploads\/sites\/2\/2025\/04\/chloe-chabot-ed-400x600.jpg 400w, https:\/\/www.entrepriseetdecouverte.fr\/espace-pro\/wp-content\/uploads\/sites\/2\/2025\/04\/chloe-chabot-ed-600x900.jpg 600w, https:\/\/www.entrepriseetdecouverte.fr\/espace-pro\/wp-content\/uploads\/sites\/2\/2025\/04\/chloe-chabot-ed-200x300.jpg 200w, https:\/\/www.entrepriseetdecouverte.fr\/espace-pro\/wp-content\/uploads\/sites\/2\/2025\/04\/chloe-chabot-ed-40x60.jpg 40w, https:\/\/www.entrepriseetdecouverte.fr\/espace-pro\/wp-content\/uploads\/sites\/2\/2025\/04\/chloe-chabot-ed.jpg 1000w\" sizes=\"(max-width: 800px) 100vw, 800px\" \/><\/figure>\n<\/div>\n\n\n\n<div class=\"wp-block-column is-vertically-aligned-center\" style=\"flex-basis:66.66%\">\n<h4>\ud83d\udcdd Votre interlocutrice en Bourgogne-Franche-Comt\u00e9 <\/h4>\n\n\n\n<p class=\"is-style-normal\">Entreprise et D\u00e9couverte <a href=\"https:\/\/www.entrepriseetdecouverte.fr\/espace-pro\/laccompagnement\/\" target=\"_blank\" rel=\"noreferrer noopener\">accompagne les entreprises et les territoires<\/a> dans la structuration d\u2019une offre de visite qualitative, au service de l\u2019attractivit\u00e9 des territoires et de la transmission des savoir-faire. Un projet en cours ou une question sur la faisabilit\u00e9 de votre projet ? Prenez contact avec notre \u00e9quipe au plus vite !  <\/p>\n\n\n\n<p class=\"is-style-normal\"><strong>Chlo\u00e9 Chabot<\/strong>, r\u00e9f\u00e9rente Entreprise et D\u00e9couverte en Bourgogne-Franche-Comt\u00e9 \/ <a href=\"mailto:chloe.chabot@entrepriseetdecouverte.fr\">chloe.chabot@entrepriseetdecouverte.fr<\/a><\/p>\n\n\n\n<p class=\"is-style-normal\"><\/p>\n<\/div>\n<\/div>\n\n\n\n<div class=\"wp-block-columns\">\n<div class=\"wp-block-column\" style=\"flex-basis:33.33%\">\n<figure class=\"wp-block-image size-large is-style-default\"><a href=\"https:\/\/www.entrepriseetdecouverte.fr\/espace-pro\/wp-content\/uploads\/sites\/2\/2025\/07\/bfc_observatoire-2025-ve_entreprise-et-decouverte_compressed.pdf\" target=\"_blank\" rel=\"noopener\"><img loading=\"lazy\" width=\"848\" height=\"1200\" data-src=\"https:\/\/www.entrepriseetdecouverte.fr\/espace-pro\/wp-content\/uploads\/sites\/2\/2025\/07\/bfc_couverture-observatoire-2025-ve_entreprise-et-decouverte-848x1200.jpg\" alt=\"\" class=\"wp-image-71962\" data-srcset=\"https:\/\/www.entrepriseetdecouverte.fr\/espace-pro\/wp-content\/uploads\/sites\/2\/2025\/07\/bfc_couverture-observatoire-2025-ve_entreprise-et-decouverte-848x1200.jpg 848w, https:\/\/www.entrepriseetdecouverte.fr\/espace-pro\/wp-content\/uploads\/sites\/2\/2025\/07\/bfc_couverture-observatoire-2025-ve_entreprise-et-decouverte-424x600.jpg 424w, https:\/\/www.entrepriseetdecouverte.fr\/espace-pro\/wp-content\/uploads\/sites\/2\/2025\/07\/bfc_couverture-observatoire-2025-ve_entreprise-et-decouverte-636x900.jpg 636w, https:\/\/www.entrepriseetdecouverte.fr\/espace-pro\/wp-content\/uploads\/sites\/2\/2025\/07\/bfc_couverture-observatoire-2025-ve_entreprise-et-decouverte-1086x1536.jpg 1086w, https:\/\/www.entrepriseetdecouverte.fr\/espace-pro\/wp-content\/uploads\/sites\/2\/2025\/07\/bfc_couverture-observatoire-2025-ve_entreprise-et-decouverte-200x283.jpg 200w, https:\/\/www.entrepriseetdecouverte.fr\/espace-pro\/wp-content\/uploads\/sites\/2\/2025\/07\/bfc_couverture-observatoire-2025-ve_entreprise-et-decouverte-42x60.jpg 42w, https:\/\/www.entrepriseetdecouverte.fr\/espace-pro\/wp-content\/uploads\/sites\/2\/2025\/07\/bfc_couverture-observatoire-2025-ve_entreprise-et-decouverte.jpg 1448w\" sizes=\"(max-width: 848px) 100vw, 848px\" \/><\/a><\/figure>\n<\/div>\n\n\n\n<div class=\"wp-block-column is-vertically-aligned-center\" style=\"flex-basis:66.66%\">\n<h4> \ud83d\udd17 L&rsquo;observatoire de la visite d&rsquo;entreprise en Bourgogne-Franche-Comt\u00e9 <\/h4>\n\n\n\n<p class=\"is-style-normal\"> Retrouvez <a href=\"https:\/\/www.entrepriseetdecouverte.fr\/espace-pro\/wp-content\/uploads\/sites\/2\/2025\/07\/bfc_observatoire-2025-ve_entreprise-et-decouverte_compressed.pdf\" target=\"_blank\" rel=\"noreferrer noopener\">sur le site pro<\/a> l&rsquo;ensemble des Chiffres cl\u00e9s de la visite d&rsquo;entreprise en Bourgogne-Franche-Comt\u00e9.  D\u00e9couvrez \u00e9galement les entreprises ouvertes au public toute l&rsquo;ann\u00e9e en <a href=\"https:\/\/www.entrepriseetdecouverte.fr\/je-trouve-ma-visite\/par-region\/bourgogne-franche-comte\/?shareid=0e03d293-2214-ed5c-446b-471b974e4bc0\" target=\"_blank\" rel=\"noreferrer noopener\">Bourgogne-Franche-Comt\u00e9<\/a> !  <\/p>\n<\/div>\n<\/div>\n","protected":false},"excerpt":{"rendered":"<p>La visite d\u2019entreprise s\u2019impose comme un levier structurant de d\u00e9veloppement territorial. En Bourgogne-Franche-Comt\u00e9, les chiffres 2025 de l\u2019Observatoire Entreprise et D\u00e9couverte confirment une dynamique solide, port\u00e9e par des entreprises engag\u00e9es, des fili\u00e8res identitaires fortes et une fr\u00e9quentation en hausse. D\u00e9cryptage d\u2019un \u00e9cosyst\u00e8me qui conjugue attractivit\u00e9 \u00e9conomique, tourisme durable et valorisation des savoir-faire.<\/p>\n","protected":false},"author":1160,"featured_media":73132,"comment_status":"open","ping_status":"open","sticky":false,"template":"","format":"standard","meta":{"_relevanssi_hide_post":"","_relevanssi_pin_for_all":"","_relevanssi_pin_keywords":"","_relevanssi_unpin_keywords":"","_relevanssi_related_keywords":"","_relevanssi_related_include_ids":"","_relevanssi_related_exclude_ids":"","_relevanssi_related_no_append":"","_relevanssi_related_not_related":"","_relevanssi_related_posts":"69516,70946,60588,68773,71766,62251","_relevanssi_noindex_reason":""},"categories":[34],"tags":[],"yoast_head":"<!-- This site is optimized with the Yoast SEO plugin v17.4 - https:\/\/yoast.com\/wordpress\/plugins\/seo\/ -->\n<meta name=\"description\" content=\"La visite d\u2019entreprise s\u2019impose comme un levier structurant de d\u00e9veloppement territorial. En Bourgogne-Franche-Comt\u00e9, les chiffres 2025 de l\u2019Observatoire Entreprise et D\u00e9couverte confirment une dynamique solide, port\u00e9e par des entreprises engag\u00e9es, des fili\u00e8res identitaires fortes et une fr\u00e9quentation en hausse. D\u00e9cryptage d\u2019un \u00e9cosyst\u00e8me qui conjugue attractivit\u00e9 \u00e9conomique, tourisme durable et valorisation des savoir-faire.\" \/>\n<meta name=\"robots\" content=\"index, follow, max-snippet:-1, max-image-preview:large, max-video-preview:-1\" \/>\n<link rel=\"canonical\" href=\"https:\/\/www.entrepriseetdecouverte.fr\/espace-pro\/2026\/02\/17\/la-visite-dentreprise-en-chiffres-focus-sur-la-bourgogne-franche-comte\/\" \/>\n<meta property=\"og:locale\" content=\"fr_FR\" \/>\n<meta property=\"og:type\" content=\"article\" \/>\n<meta property=\"og:title\" content=\"Visite d&#039;entreprise Bourgogne-Franche-Comt\u00e9 I Chiffres cl\u00e9s et tendances\" \/>\n<meta property=\"og:description\" content=\"La visite d\u2019entreprise s\u2019impose comme un levier structurant de d\u00e9veloppement territorial. En Bourgogne-Franche-Comt\u00e9, les chiffres 2025 de l\u2019Observatoire Entreprise et D\u00e9couverte confirment une dynamique solide, port\u00e9e par des entreprises engag\u00e9es, des fili\u00e8res identitaires fortes et une fr\u00e9quentation en hausse. D\u00e9cryptage d\u2019un \u00e9cosyst\u00e8me qui conjugue attractivit\u00e9 \u00e9conomique, tourisme durable et valorisation des savoir-faire.\" \/>\n<meta property=\"og:url\" content=\"https:\/\/www.entrepriseetdecouverte.fr\/espace-pro\/2026\/02\/17\/la-visite-dentreprise-en-chiffres-focus-sur-la-bourgogne-franche-comte\/\" \/>\n<meta property=\"og:site_name\" content=\"Espace Pro\" \/>\n<meta property=\"article:published_time\" content=\"2026-02-17T09:50:35+00:00\" \/>\n<meta property=\"article:modified_time\" content=\"2026-03-12T09:40:23+00:00\" \/>\n<meta property=\"og:image\" content=\"https:\/\/www.entrepriseetdecouverte.fr\/espace-pro\/wp-content\/uploads\/sites\/2\/2026\/02\/fort-saint-antoine-13-08-13-25.jpg\" \/>\n\t<meta property=\"og:image:width\" content=\"1024\" \/>\n\t<meta property=\"og:image:height\" content=\"683\" \/>\n<meta name=\"twitter:card\" content=\"summary_large_image\" \/>\n<meta name=\"twitter:label1\" content=\"\u00c9crit par\" \/>\n\t<meta name=\"twitter:data1\" content=\"Marie\" \/>\n\t<meta name=\"twitter:label2\" content=\"Dur\u00e9e de lecture estim\u00e9e\" \/>\n\t<meta name=\"twitter:data2\" content=\"7 minutes\" \/>\n<script type=\"application\/ld+json\" class=\"yoast-schema-graph\">{\"@context\":\"https:\/\/schema.org\",\"@graph\":[{\"@type\":\"WebSite\",\"@id\":\"https:\/\/www.entrepriseetdecouverte.fr\/espace-pro\/#website\",\"url\":\"https:\/\/www.entrepriseetdecouverte.fr\/espace-pro\/\",\"name\":\"Espace Pro\",\"description\":\"Un site utilisant Entreprise et D\\u00e9couverte Sites\",\"potentialAction\":[{\"@type\":\"SearchAction\",\"target\":{\"@type\":\"EntryPoint\",\"urlTemplate\":\"https:\/\/www.entrepriseetdecouverte.fr\/espace-pro\/?s={search_term_string}\"},\"query-input\":\"required name=search_term_string\"}],\"inLanguage\":\"fr-FR\"},{\"@type\":\"ImageObject\",\"@id\":\"https:\/\/www.entrepriseetdecouverte.fr\/espace-pro\/2026\/02\/17\/la-visite-dentreprise-en-chiffres-focus-sur-la-bourgogne-franche-comte\/#primaryimage\",\"inLanguage\":\"fr-FR\",\"url\":\"https:\/\/www.entrepriseetdecouverte.fr\/espace-pro\/wp-content\/uploads\/sites\/2\/2026\/02\/fort-saint-antoine-13-08-13-25.jpg\",\"contentUrl\":\"https:\/\/www.entrepriseetdecouverte.fr\/espace-pro\/wp-content\/uploads\/sites\/2\/2026\/02\/fort-saint-antoine-13-08-13-25.jpg\",\"width\":1024,\"height\":683},{\"@type\":\"WebPage\",\"@id\":\"https:\/\/www.entrepriseetdecouverte.fr\/espace-pro\/2026\/02\/17\/la-visite-dentreprise-en-chiffres-focus-sur-la-bourgogne-franche-comte\/#webpage\",\"url\":\"https:\/\/www.entrepriseetdecouverte.fr\/espace-pro\/2026\/02\/17\/la-visite-dentreprise-en-chiffres-focus-sur-la-bourgogne-franche-comte\/\",\"name\":\"Visite d'entreprise Bourgogne-Franche-Comt\\u00e9 I Chiffres cl\\u00e9s et tendances\",\"isPartOf\":{\"@id\":\"https:\/\/www.entrepriseetdecouverte.fr\/espace-pro\/#website\"},\"primaryImageOfPage\":{\"@id\":\"https:\/\/www.entrepriseetdecouverte.fr\/espace-pro\/2026\/02\/17\/la-visite-dentreprise-en-chiffres-focus-sur-la-bourgogne-franche-comte\/#primaryimage\"},\"datePublished\":\"2026-02-17T09:50:35+00:00\",\"dateModified\":\"2026-03-12T09:40:23+00:00\",\"author\":{\"@id\":\"https:\/\/www.entrepriseetdecouverte.fr\/espace-pro\/#\/schema\/person\/3d44b5b8d54214a33448e027b455cd0f\"},\"description\":\"La visite d\\u2019entreprise s\\u2019impose comme un levier structurant de d\\u00e9veloppement territorial. En Bourgogne-Franche-Comt\\u00e9, les chiffres 2025 de l\\u2019Observatoire Entreprise et D\\u00e9couverte confirment une dynamique solide, port\\u00e9e par des entreprises engag\\u00e9es, des fili\\u00e8res identitaires fortes et une fr\\u00e9quentation en hausse. D\\u00e9cryptage d\\u2019un \\u00e9cosyst\\u00e8me qui conjugue attractivit\\u00e9 \\u00e9conomique, tourisme durable et valorisation des savoir-faire.\",\"breadcrumb\":{\"@id\":\"https:\/\/www.entrepriseetdecouverte.fr\/espace-pro\/2026\/02\/17\/la-visite-dentreprise-en-chiffres-focus-sur-la-bourgogne-franche-comte\/#breadcrumb\"},\"inLanguage\":\"fr-FR\",\"potentialAction\":[{\"@type\":\"ReadAction\",\"target\":[\"https:\/\/www.entrepriseetdecouverte.fr\/espace-pro\/2026\/02\/17\/la-visite-dentreprise-en-chiffres-focus-sur-la-bourgogne-franche-comte\/\"]}]},{\"@type\":\"BreadcrumbList\",\"@id\":\"https:\/\/www.entrepriseetdecouverte.fr\/espace-pro\/2026\/02\/17\/la-visite-dentreprise-en-chiffres-focus-sur-la-bourgogne-franche-comte\/#breadcrumb\",\"itemListElement\":[{\"@type\":\"ListItem\",\"position\":1,\"name\":\"Accueil\",\"item\":\"https:\/\/www.entrepriseetdecouverte.fr\/espace-pro\/\"},{\"@type\":\"ListItem\",\"position\":2,\"name\":\"La visite d&rsquo;entreprise en chiffres &#8211; Bourgogne-Franche-Comt\\u00e9\"}]},{\"@type\":\"Person\",\"@id\":\"https:\/\/www.entrepriseetdecouverte.fr\/espace-pro\/#\/schema\/person\/3d44b5b8d54214a33448e027b455cd0f\",\"name\":\"Marie\",\"image\":{\"@type\":\"ImageObject\",\"@id\":\"https:\/\/www.entrepriseetdecouverte.fr\/espace-pro\/#personlogo\",\"inLanguage\":\"fr-FR\",\"url\":\"https:\/\/secure.gravatar.com\/avatar\/2e9d67b0921e033d3b5a8d9435cb686e?s=96&d=mm&r=g\",\"contentUrl\":\"https:\/\/secure.gravatar.com\/avatar\/2e9d67b0921e033d3b5a8d9435cb686e?s=96&d=mm&r=g\",\"caption\":\"Marie\"},\"url\":\"https:\/\/www.entrepriseetdecouverte.fr\/espace-pro\/author\/marie\/\"}]}<\/script>\n<!-- \/ Yoast SEO plugin. -->","yoast_head_json":{"description":"La visite d\u2019entreprise s\u2019impose comme un levier structurant de d\u00e9veloppement territorial. En Bourgogne-Franche-Comt\u00e9, les chiffres 2025 de l\u2019Observatoire Entreprise et D\u00e9couverte confirment une dynamique solide, port\u00e9e par des entreprises engag\u00e9es, des fili\u00e8res identitaires fortes et une fr\u00e9quentation en hausse. D\u00e9cryptage d\u2019un \u00e9cosyst\u00e8me qui conjugue attractivit\u00e9 \u00e9conomique, tourisme durable et valorisation des savoir-faire.","robots":{"index":"index","follow":"follow","max-snippet":"max-snippet:-1","max-image-preview":"max-image-preview:large","max-video-preview":"max-video-preview:-1"},"canonical":"https:\/\/www.entrepriseetdecouverte.fr\/espace-pro\/2026\/02\/17\/la-visite-dentreprise-en-chiffres-focus-sur-la-bourgogne-franche-comte\/","og_locale":"fr_FR","og_type":"article","og_title":"Visite d'entreprise Bourgogne-Franche-Comt\u00e9 I Chiffres cl\u00e9s et tendances","og_description":"La visite d\u2019entreprise s\u2019impose comme un levier structurant de d\u00e9veloppement territorial. En Bourgogne-Franche-Comt\u00e9, les chiffres 2025 de l\u2019Observatoire Entreprise et D\u00e9couverte confirment une dynamique solide, port\u00e9e par des entreprises engag\u00e9es, des fili\u00e8res identitaires fortes et une fr\u00e9quentation en hausse. D\u00e9cryptage d\u2019un \u00e9cosyst\u00e8me qui conjugue attractivit\u00e9 \u00e9conomique, tourisme durable et valorisation des savoir-faire.","og_url":"https:\/\/www.entrepriseetdecouverte.fr\/espace-pro\/2026\/02\/17\/la-visite-dentreprise-en-chiffres-focus-sur-la-bourgogne-franche-comte\/","og_site_name":"Espace Pro","article_published_time":"2026-02-17T09:50:35+00:00","article_modified_time":"2026-03-12T09:40:23+00:00","og_image":[{"width":1024,"height":683,"url":"https:\/\/www.entrepriseetdecouverte.fr\/espace-pro\/wp-content\/uploads\/sites\/2\/2026\/02\/fort-saint-antoine-13-08-13-25.jpg","type":"image\/jpeg"}],"twitter_card":"summary_large_image","twitter_misc":{"\u00c9crit par":"Marie","Dur\u00e9e de lecture estim\u00e9e":"7 minutes"},"schema":{"@context":"https:\/\/schema.org","@graph":[{"@type":"WebSite","@id":"https:\/\/www.entrepriseetdecouverte.fr\/espace-pro\/#website","url":"https:\/\/www.entrepriseetdecouverte.fr\/espace-pro\/","name":"Espace Pro","description":"Un site utilisant Entreprise et D\u00e9couverte Sites","potentialAction":[{"@type":"SearchAction","target":{"@type":"EntryPoint","urlTemplate":"https:\/\/www.entrepriseetdecouverte.fr\/espace-pro\/?s={search_term_string}"},"query-input":"required name=search_term_string"}],"inLanguage":"fr-FR"},{"@type":"ImageObject","@id":"https:\/\/www.entrepriseetdecouverte.fr\/espace-pro\/2026\/02\/17\/la-visite-dentreprise-en-chiffres-focus-sur-la-bourgogne-franche-comte\/#primaryimage","inLanguage":"fr-FR","url":"https:\/\/www.entrepriseetdecouverte.fr\/espace-pro\/wp-content\/uploads\/sites\/2\/2026\/02\/fort-saint-antoine-13-08-13-25.jpg","contentUrl":"https:\/\/www.entrepriseetdecouverte.fr\/espace-pro\/wp-content\/uploads\/sites\/2\/2026\/02\/fort-saint-antoine-13-08-13-25.jpg","width":1024,"height":683},{"@type":"WebPage","@id":"https:\/\/www.entrepriseetdecouverte.fr\/espace-pro\/2026\/02\/17\/la-visite-dentreprise-en-chiffres-focus-sur-la-bourgogne-franche-comte\/#webpage","url":"https:\/\/www.entrepriseetdecouverte.fr\/espace-pro\/2026\/02\/17\/la-visite-dentreprise-en-chiffres-focus-sur-la-bourgogne-franche-comte\/","name":"Visite d'entreprise Bourgogne-Franche-Comt\u00e9 I Chiffres cl\u00e9s et tendances","isPartOf":{"@id":"https:\/\/www.entrepriseetdecouverte.fr\/espace-pro\/#website"},"primaryImageOfPage":{"@id":"https:\/\/www.entrepriseetdecouverte.fr\/espace-pro\/2026\/02\/17\/la-visite-dentreprise-en-chiffres-focus-sur-la-bourgogne-franche-comte\/#primaryimage"},"datePublished":"2026-02-17T09:50:35+00:00","dateModified":"2026-03-12T09:40:23+00:00","author":{"@id":"https:\/\/www.entrepriseetdecouverte.fr\/espace-pro\/#\/schema\/person\/3d44b5b8d54214a33448e027b455cd0f"},"description":"La visite d\u2019entreprise s\u2019impose comme un levier structurant de d\u00e9veloppement territorial. En Bourgogne-Franche-Comt\u00e9, les chiffres 2025 de l\u2019Observatoire Entreprise et D\u00e9couverte confirment une dynamique solide, port\u00e9e par des entreprises engag\u00e9es, des fili\u00e8res identitaires fortes et une fr\u00e9quentation en hausse. D\u00e9cryptage d\u2019un \u00e9cosyst\u00e8me qui conjugue attractivit\u00e9 \u00e9conomique, tourisme durable et valorisation des savoir-faire.","breadcrumb":{"@id":"https:\/\/www.entrepriseetdecouverte.fr\/espace-pro\/2026\/02\/17\/la-visite-dentreprise-en-chiffres-focus-sur-la-bourgogne-franche-comte\/#breadcrumb"},"inLanguage":"fr-FR","potentialAction":[{"@type":"ReadAction","target":["https:\/\/www.entrepriseetdecouverte.fr\/espace-pro\/2026\/02\/17\/la-visite-dentreprise-en-chiffres-focus-sur-la-bourgogne-franche-comte\/"]}]},{"@type":"BreadcrumbList","@id":"https:\/\/www.entrepriseetdecouverte.fr\/espace-pro\/2026\/02\/17\/la-visite-dentreprise-en-chiffres-focus-sur-la-bourgogne-franche-comte\/#breadcrumb","itemListElement":[{"@type":"ListItem","position":1,"name":"Accueil","item":"https:\/\/www.entrepriseetdecouverte.fr\/espace-pro\/"},{"@type":"ListItem","position":2,"name":"La visite d&rsquo;entreprise en chiffres &#8211; Bourgogne-Franche-Comt\u00e9"}]},{"@type":"Person","@id":"https:\/\/www.entrepriseetdecouverte.fr\/espace-pro\/#\/schema\/person\/3d44b5b8d54214a33448e027b455cd0f","name":"Marie","image":{"@type":"ImageObject","@id":"https:\/\/www.entrepriseetdecouverte.fr\/espace-pro\/#personlogo","inLanguage":"fr-FR","url":"https:\/\/secure.gravatar.com\/avatar\/2e9d67b0921e033d3b5a8d9435cb686e?s=96&d=mm&r=g","contentUrl":"https:\/\/secure.gravatar.com\/avatar\/2e9d67b0921e033d3b5a8d9435cb686e?s=96&d=mm&r=g","caption":"Marie"},"url":"https:\/\/www.entrepriseetdecouverte.fr\/espace-pro\/author\/marie\/"}]}},"_links":{"self":[{"href":"https:\/\/www.entrepriseetdecouverte.fr\/espace-pro\/wp-json\/wp\/v2\/posts\/73083"}],"collection":[{"href":"https:\/\/www.entrepriseetdecouverte.fr\/espace-pro\/wp-json\/wp\/v2\/posts"}],"about":[{"href":"https:\/\/www.entrepriseetdecouverte.fr\/espace-pro\/wp-json\/wp\/v2\/types\/post"}],"author":[{"embeddable":true,"href":"https:\/\/www.entrepriseetdecouverte.fr\/espace-pro\/wp-json\/wp\/v2\/users\/1160"}],"replies":[{"embeddable":true,"href":"https:\/\/www.entrepriseetdecouverte.fr\/espace-pro\/wp-json\/wp\/v2\/comments?post=73083"}],"version-history":[{"count":98,"href":"https:\/\/www.entrepriseetdecouverte.fr\/espace-pro\/wp-json\/wp\/v2\/posts\/73083\/revisions"}],"predecessor-version":[{"id":74486,"href":"https:\/\/www.entrepriseetdecouverte.fr\/espace-pro\/wp-json\/wp\/v2\/posts\/73083\/revisions\/74486"}],"wp:featuredmedia":[{"embeddable":true,"href":"https:\/\/www.entrepriseetdecouverte.fr\/espace-pro\/wp-json\/wp\/v2\/media\/73132"}],"wp:attachment":[{"href":"https:\/\/www.entrepriseetdecouverte.fr\/espace-pro\/wp-json\/wp\/v2\/media?parent=73083"}],"wp:term":[{"taxonomy":"category","embeddable":true,"href":"https:\/\/www.entrepriseetdecouverte.fr\/espace-pro\/wp-json\/wp\/v2\/categories?post=73083"},{"taxonomy":"post_tag","embeddable":true,"href":"https:\/\/www.entrepriseetdecouverte.fr\/espace-pro\/wp-json\/wp\/v2\/tags?post=73083"}],"curies":[{"name":"wp","href":"https:\/\/api.w.org\/{rel}","templated":true}]}}