{"id":72680,"date":"2026-01-27T18:38:42","date_gmt":"2026-01-27T17:38:42","guid":{"rendered":"https:\/\/www.entrepriseetdecouverte.fr\/espace-pro\/?p=72680"},"modified":"2026-03-04T12:01:15","modified_gmt":"2026-03-04T11:01:15","slug":"les-territoires-en-action-destination-quimper-cornouaille","status":"publish","type":"post","link":"https:\/\/www.entrepriseetdecouverte.fr\/espace-pro\/2026\/01\/27\/les-territoires-en-action-destination-quimper-cornouaille\/","title":{"rendered":"Les Territoires en action &#8211; Destination Quimper Cornouaille"},"content":{"rendered":"\n<div class=\"wp-block-image is-style-rounded\"><figure class=\"aligncenter size-full\"><img loading=\"lazy\" width=\"334\" height=\"151\" data-src=\"https:\/\/www.entrepriseetdecouverte.fr\/espace-pro\/wp-content\/uploads\/sites\/2\/2025\/11\/telechargement-7.jpg\" alt=\"\" class=\"wp-image-72378\" data-srcset=\"https:\/\/www.entrepriseetdecouverte.fr\/espace-pro\/wp-content\/uploads\/sites\/2\/2025\/11\/telechargement-7.jpg 334w, https:\/\/www.entrepriseetdecouverte.fr\/espace-pro\/wp-content\/uploads\/sites\/2\/2025\/11\/telechargement-7-200x90.jpg 200w, https:\/\/www.entrepriseetdecouverte.fr\/espace-pro\/wp-content\/uploads\/sites\/2\/2025\/11\/telechargement-7-133x60.jpg 133w\" sizes=\"(max-width: 334px) 100vw, 334px\" \/><\/figure><\/div>\n\n\n\n<div class=\"wp-block-media-text alignwide is-stacked-on-mobile is-image-fill\"><figure class=\"wp-block-media-text__media\" style=\"background-image:url(https:\/\/www.entrepriseetdecouverte.fr\/espace-pro\/wp-content\/uploads\/sites\/2\/2026\/03\/carte-qcd-1200x838.jpg);background-position:50% 50%\"><img loading=\"lazy\" width=\"1200\" height=\"838\" data-src=\"https:\/\/www.entrepriseetdecouverte.fr\/espace-pro\/wp-content\/uploads\/sites\/2\/2026\/03\/carte-qcd-1200x838.jpg\" alt=\"\" class=\"wp-image-73503 size-full\" data-srcset=\"https:\/\/www.entrepriseetdecouverte.fr\/espace-pro\/wp-content\/uploads\/sites\/2\/2026\/03\/carte-qcd-1200x838.jpg 1200w, https:\/\/www.entrepriseetdecouverte.fr\/espace-pro\/wp-content\/uploads\/sites\/2\/2026\/03\/carte-qcd-600x419.jpg 600w, https:\/\/www.entrepriseetdecouverte.fr\/espace-pro\/wp-content\/uploads\/sites\/2\/2026\/03\/carte-qcd-900x628.jpg 900w, https:\/\/www.entrepriseetdecouverte.fr\/espace-pro\/wp-content\/uploads\/sites\/2\/2026\/03\/carte-qcd-200x140.jpg 200w, https:\/\/www.entrepriseetdecouverte.fr\/espace-pro\/wp-content\/uploads\/sites\/2\/2026\/03\/carte-qcd-365x255.jpg 365w, https:\/\/www.entrepriseetdecouverte.fr\/espace-pro\/wp-content\/uploads\/sites\/2\/2026\/03\/carte-qcd-86x60.jpg 86w, https:\/\/www.entrepriseetdecouverte.fr\/espace-pro\/wp-content\/uploads\/sites\/2\/2026\/03\/carte-qcd.jpg 1435w\" sizes=\"(max-width: 1200px) 100vw, 1200px\" \/><\/figure><div class=\"wp-block-media-text__content\">\n<h3> Structurer le tourisme de savoir-faire en Cornouaille : un territoire en action <\/h3>\n\n\n\n<p class=\"is-style-normal\">Depuis 2023, Destination Quimper Cornouaille a engag\u00e9 une d\u00e9marche ambitieuse pour faire du tourisme de savoir-faire <strong>un levier structurant de son d\u00e9veloppement territorial.<\/strong> Accompagn\u00e9e par Entreprise et D\u00e9couverte, l\u2019agence Quimper Cornouaille D\u00e9veloppement (QCD) a fait le choix de <strong>structurer et de professionnaliser une fili\u00e8re d\u00e9j\u00e0 bien implant\u00e9e<\/strong> dans l\u2019\u00e9conomie et l\u2019identit\u00e9 locale, <strong>mais dont l\u2019offre de visite restait jusqu\u2019ici peu coordonn\u00e9e et peu lisible.<\/strong><\/p>\n\n\n\n<p class=\"is-style-normal\">Une dynamique collective qui contribue aujourd\u2019hui \u00e0 renforcer l\u2019attractivit\u00e9 du territoire, \u00e0 soutenir ses entreprises et \u00e0 structurer une offre coh\u00e9rente \u00e0 l\u2019\u00e9chelle de la destination.<\/p>\n<\/div><\/div>\n\n\n\n<h3>Un territoire riche de savoir-faire, en qu\u00eate de structuration<\/h3>\n\n\n\n<p class=\"is-style-normal\">La Cornouaille dispose d\u2019un patrimoine artisanal, industriel et artistique remarquable : fa\u00efencerie de Quimper, conserveries, m\u00e9tiers du textile, travail du bois, savoir-faire artistiques\u2026 Autant d\u2019activit\u00e9s qui fa\u00e7onnent l\u2019identit\u00e9 du territoire et constituent <strong>un socle solide pour le d\u00e9veloppement<\/strong> <strong>du tourisme de savoir-faire<\/strong>.<\/p>\n\n\n\n<div class=\"wp-block-columns\">\n<div class=\"wp-block-column\" style=\"flex-basis:33.33%\">\n<figure class=\"wp-block-image size-thumbnail is-style-rounded\"><img loading=\"lazy\" width=\"300\" height=\"300\" data-src=\"https:\/\/www.entrepriseetdecouverte.fr\/espace-pro\/wp-content\/uploads\/sites\/2\/2026\/01\/clemence-gauriveaud_quimper-cornouaille-300x300.jpg\" alt=\"\" class=\"wp-image-72711\" data-srcset=\"https:\/\/www.entrepriseetdecouverte.fr\/espace-pro\/wp-content\/uploads\/sites\/2\/2026\/01\/clemence-gauriveaud_quimper-cornouaille-300x300.jpg 300w, https:\/\/www.entrepriseetdecouverte.fr\/espace-pro\/wp-content\/uploads\/sites\/2\/2026\/01\/clemence-gauriveaud_quimper-cornouaille-24x24.jpg 24w, https:\/\/www.entrepriseetdecouverte.fr\/espace-pro\/wp-content\/uploads\/sites\/2\/2026\/01\/clemence-gauriveaud_quimper-cornouaille-48x48.jpg 48w, https:\/\/www.entrepriseetdecouverte.fr\/espace-pro\/wp-content\/uploads\/sites\/2\/2026\/01\/clemence-gauriveaud_quimper-cornouaille-96x96.jpg 96w, https:\/\/www.entrepriseetdecouverte.fr\/espace-pro\/wp-content\/uploads\/sites\/2\/2026\/01\/clemence-gauriveaud_quimper-cornouaille-150x150.jpg 150w\" sizes=\"(max-width: 300px) 100vw, 300px\" \/><\/figure>\n<\/div>\n\n\n\n<div class=\"wp-block-column is-vertically-aligned-center\" style=\"flex-basis:66.66%\">\n<p class=\"is-style-blockquote\" style=\"font-size:15px\"> \u00ab\u00a0Tr\u00e8s t\u00f4t, les \u00e9lus et les acteurs du territoire ont per\u00e7u dans cette forme de tourisme <strong>un levier pour valoriser l\u2019authenticit\u00e9 et l\u2019\u00e2me du territoire<\/strong>, tout en renfor\u00e7ant son attractivit\u00e9 aupr\u00e8s des visiteurs en qu\u00eate de sens et d\u2019exp\u00e9riences.\u00a0\u00bb &#8211; Cl\u00e9mence Gauriveaud, Quimper Cornouaille D\u00e9veloppement <\/p>\n<\/div>\n<\/div>\n\n\n\n<p class=\"is-style-normal\">Pour Quimper Cornouaille D\u00e9veloppement, ce type de tourisme r\u00e9pond \u00e0 <strong>plusieurs enjeux strat\u00e9giques<\/strong>. <\/p>\n\n\n\n<ul><li><strong>Sur le plan \u00e9conomique<\/strong>, il g\u00e9n\u00e8re des retomb\u00e9es directes pour les entreprises ouvertes \u00e0 la visite, contribue \u00e0 la diversification de leurs revenus et soutient l\u2019emploi local, notamment dans des fili\u00e8res parfois en tension. <\/li><li><strong>Sur le plan touristique<\/strong>, il permet d\u2019enrichir l\u2019offre existante, largement tourn\u00e9e vers le littoral, et d\u2019attirer une client\u00e8le tout au long de l\u2019ann\u00e9e. Un atout majeur pour la d\u00e9saisonnalisation et pour une attractivit\u00e9 plus \u00e9quilibr\u00e9e du territoire.<\/li><\/ul>\n\n\n\n<figure class=\"wp-block-gallery alignwide columns-3 is-cropped\"><ul class=\"blocks-gallery-grid\"><li class=\"blocks-gallery-item\"><figure><img loading=\"lazy\" width=\"1200\" height=\"800\" data-src=\"https:\/\/www.entrepriseetdecouverte.fr\/espace-pro\/wp-content\/uploads\/sites\/2\/2026\/01\/biscuiterie-de-douarnenez_palets-decoupe-2.jpg\" alt=\"\" data-id=\"72694\" data-full-url=\"https:\/\/www.entrepriseetdecouverte.fr\/espace-pro\/wp-content\/uploads\/sites\/2\/2026\/01\/biscuiterie-de-douarnenez_palets-decoupe-2.jpg\" data-link=\"https:\/\/www.entrepriseetdecouverte.fr\/espace-pro\/?attachment_id=72694\" class=\"wp-image-72694\" data-srcset=\"https:\/\/www.entrepriseetdecouverte.fr\/espace-pro\/wp-content\/uploads\/sites\/2\/2026\/01\/biscuiterie-de-douarnenez_palets-decoupe-2.jpg 1200w, https:\/\/www.entrepriseetdecouverte.fr\/espace-pro\/wp-content\/uploads\/sites\/2\/2026\/01\/biscuiterie-de-douarnenez_palets-decoupe-2-600x400.jpg 600w, https:\/\/www.entrepriseetdecouverte.fr\/espace-pro\/wp-content\/uploads\/sites\/2\/2026\/01\/biscuiterie-de-douarnenez_palets-decoupe-2-900x600.jpg 900w, https:\/\/www.entrepriseetdecouverte.fr\/espace-pro\/wp-content\/uploads\/sites\/2\/2026\/01\/biscuiterie-de-douarnenez_palets-decoupe-2-200x133.jpg 200w, https:\/\/www.entrepriseetdecouverte.fr\/espace-pro\/wp-content\/uploads\/sites\/2\/2026\/01\/biscuiterie-de-douarnenez_palets-decoupe-2-90x60.jpg 90w\" sizes=\"(max-width: 1200px) 100vw, 1200px\" \/><\/figure><\/li><li class=\"blocks-gallery-item\"><figure><img loading=\"lazy\" width=\"1000\" height=\"666\" data-src=\"https:\/\/www.entrepriseetdecouverte.fr\/espace-pro\/wp-content\/uploads\/sites\/2\/2026\/01\/haliotika-cite-de-la-peche-haliotika-min.jpg\" alt=\"\" data-id=\"72695\" data-full-url=\"https:\/\/www.entrepriseetdecouverte.fr\/espace-pro\/wp-content\/uploads\/sites\/2\/2026\/01\/haliotika-cite-de-la-peche-haliotika-min.jpg\" data-link=\"https:\/\/www.entrepriseetdecouverte.fr\/espace-pro\/?attachment_id=72695\" class=\"wp-image-72695\" data-srcset=\"https:\/\/www.entrepriseetdecouverte.fr\/espace-pro\/wp-content\/uploads\/sites\/2\/2026\/01\/haliotika-cite-de-la-peche-haliotika-min.jpg 1000w, https:\/\/www.entrepriseetdecouverte.fr\/espace-pro\/wp-content\/uploads\/sites\/2\/2026\/01\/haliotika-cite-de-la-peche-haliotika-min-600x400.jpg 600w, https:\/\/www.entrepriseetdecouverte.fr\/espace-pro\/wp-content\/uploads\/sites\/2\/2026\/01\/haliotika-cite-de-la-peche-haliotika-min-900x599.jpg 900w, https:\/\/www.entrepriseetdecouverte.fr\/espace-pro\/wp-content\/uploads\/sites\/2\/2026\/01\/haliotika-cite-de-la-peche-haliotika-min-200x133.jpg 200w, https:\/\/www.entrepriseetdecouverte.fr\/espace-pro\/wp-content\/uploads\/sites\/2\/2026\/01\/haliotika-cite-de-la-peche-haliotika-min-90x60.jpg 90w\" sizes=\"(max-width: 1000px) 100vw, 1000px\" \/><\/figure><\/li><li class=\"blocks-gallery-item\"><figure><img loading=\"lazy\" width=\"1200\" height=\"820\" data-src=\"https:\/\/www.entrepriseetdecouverte.fr\/espace-pro\/wp-content\/uploads\/sites\/2\/2026\/01\/940_henriot_quimper-3-1-1200x820.jpg\" alt=\"\" data-id=\"72693\" data-full-url=\"https:\/\/www.entrepriseetdecouverte.fr\/espace-pro\/wp-content\/uploads\/sites\/2\/2026\/01\/940_henriot_quimper-3-1.jpg\" data-link=\"https:\/\/www.entrepriseetdecouverte.fr\/espace-pro\/?attachment_id=72693\" class=\"wp-image-72693\" data-srcset=\"https:\/\/www.entrepriseetdecouverte.fr\/espace-pro\/wp-content\/uploads\/sites\/2\/2026\/01\/940_henriot_quimper-3-1-1200x820.jpg 1200w, https:\/\/www.entrepriseetdecouverte.fr\/espace-pro\/wp-content\/uploads\/sites\/2\/2026\/01\/940_henriot_quimper-3-1-600x410.jpg 600w, https:\/\/www.entrepriseetdecouverte.fr\/espace-pro\/wp-content\/uploads\/sites\/2\/2026\/01\/940_henriot_quimper-3-1-900x615.jpg 900w, https:\/\/www.entrepriseetdecouverte.fr\/espace-pro\/wp-content\/uploads\/sites\/2\/2026\/01\/940_henriot_quimper-3-1-1536x1050.jpg 1536w, https:\/\/www.entrepriseetdecouverte.fr\/espace-pro\/wp-content\/uploads\/sites\/2\/2026\/01\/940_henriot_quimper-3-1-200x137.jpg 200w, https:\/\/www.entrepriseetdecouverte.fr\/espace-pro\/wp-content\/uploads\/sites\/2\/2026\/01\/940_henriot_quimper-3-1-88x60.jpg 88w, https:\/\/www.entrepriseetdecouverte.fr\/espace-pro\/wp-content\/uploads\/sites\/2\/2026\/01\/940_henriot_quimper-3-1.jpg 1772w\" sizes=\"(max-width: 1200px) 100vw, 1200px\" \/><\/figure><\/li><\/ul><\/figure>\n\n\n\n<p class=\"is-style-normal\" style=\"font-size:10px\">\u00a9<em>Biscuiterie \/ Haliotika &#8211; Cit\u00e9 de la Mer \/ Henriot Quimper <\/em><\/p>\n\n\n\n<h3>Un double accompagnement pour structurer la fili\u00e8re<\/h3>\n\n\n\n<p class=\"is-style-normal\">Afin de r\u00e9pondre \u00e0 ces enjeux, Entreprise et D\u00e9couverte a d\u00e9ploy\u00e9 un accompagnement \u00e0 deux niveaux : aupr\u00e8s des entreprises et \u00e0 l\u2019\u00e9chelle de la destination.<\/p>\n\n\n\n<h4>C\u00f4t\u00e9 entreprises : d\u00e9velopper et professionnaliser l\u2019ouverture au public<\/h4>\n\n\n\n<p class=\"is-style-normal\"><strong>24 entreprises de Cornouaille ont b\u00e9n\u00e9fici\u00e9 d\u2019un accompagnement individualis\u00e9<\/strong>, qu\u2019il s\u2019agisse d\u2019un projet d\u2019ouverture \u00e0 la visite ou de professionnaliser d&rsquo;une offre existante. Chaque structure a fait l\u2019objet d\u2019un audit sur site, permettant <strong>d\u2019identifier les leviers n\u00e9cessaires \u00e0 la mise en place d\u2019un dispositif de visite efficace :<\/strong> parcours, discours, accueil des publics, s\u00e9curit\u00e9, exp\u00e9rience visiteur.<\/p>\n\n\n\n<p class=\"is-style-normal\">Ces pr\u00e9conisations concr\u00e8tes ont aid\u00e9 les entreprises \u00e0 concevoir des visites plus coh\u00e9rentes, plus immersives et mieux adapt\u00e9es aux attentes des visiteurs. \u00c0 la suite de ces audits, Destination Quimper Cornouaille a lanc\u00e9 un <strong>Appel \u00e0 Manifestation d\u2019Int\u00e9r\u00eat (AMI), permettant aux entreprises accompagn\u00e9es de solliciter une aide \u00e0 l\u2019investissement<\/strong> afin de<strong> <\/strong>mettre en \u0153uvre les recommandations formul\u00e9es.<\/p>\n\n\n\n<figure class=\"wp-block-image size-large is-style-rounded\"><img loading=\"lazy\" width=\"1200\" height=\"325\" data-src=\"https:\/\/www.entrepriseetdecouverte.fr\/espace-pro\/wp-content\/uploads\/sites\/2\/2025\/11\/sans-titre-100-x-50-cm-1-1200x325.png\" alt=\"\" class=\"wp-image-72365\" data-srcset=\"https:\/\/www.entrepriseetdecouverte.fr\/espace-pro\/wp-content\/uploads\/sites\/2\/2025\/11\/sans-titre-100-x-50-cm-1-1200x325.png 1200w, https:\/\/www.entrepriseetdecouverte.fr\/espace-pro\/wp-content\/uploads\/sites\/2\/2025\/11\/sans-titre-100-x-50-cm-1-600x162.png 600w, https:\/\/www.entrepriseetdecouverte.fr\/espace-pro\/wp-content\/uploads\/sites\/2\/2025\/11\/sans-titre-100-x-50-cm-1-900x243.png 900w, https:\/\/www.entrepriseetdecouverte.fr\/espace-pro\/wp-content\/uploads\/sites\/2\/2025\/11\/sans-titre-100-x-50-cm-1-1536x416.png 1536w, https:\/\/www.entrepriseetdecouverte.fr\/espace-pro\/wp-content\/uploads\/sites\/2\/2025\/11\/sans-titre-100-x-50-cm-1-200x54.png 200w, https:\/\/www.entrepriseetdecouverte.fr\/espace-pro\/wp-content\/uploads\/sites\/2\/2025\/11\/sans-titre-100-x-50-cm-1-222x60.png 222w, https:\/\/www.entrepriseetdecouverte.fr\/espace-pro\/wp-content\/uploads\/sites\/2\/2025\/11\/sans-titre-100-x-50-cm-1.png 2048w\" sizes=\"(max-width: 1200px) 100vw, 1200px\" \/><\/figure>\n\n\n\n<h4>C\u00f4t\u00e9 destination : penser la fili\u00e8re \u00e0 l\u2019\u00e9chelle territoriale<\/h4>\n\n\n\n<p class=\"is-style-normal\">Parall\u00e8lement, Quimper Cornouaille D\u00e9veloppement a b\u00e9n\u00e9fici\u00e9 d\u2019un diagnostic territorial approfondi. Celui-ci a permis d\u2019identifier les besoins, les leviers de d\u00e9veloppement et les priorit\u00e9s d\u2019action pour structurer durablement la fili\u00e8re.<\/p>\n\n\n\n<p class=\"is-style-normal\">Les objectifs d\u00e9finis sont clairs :<\/p>\n\n\n\n<ul><li>structurer une offre de tourisme de savoir-faire coh\u00e9rente et lisible,<\/li><li>int\u00e9grer pleinement cette fili\u00e8re dans la strat\u00e9gie territoriale,<\/li><li>consolider et animer le r\u00e9seau d\u2019acteurs, en favorisant les mutualisations,<\/li><li>d\u00e9finir des axes de valorisation communs \u00e0 l\u2019\u00e9chelle de la destination.<\/li><\/ul>\n\n\n\n<figure class=\"wp-block-image size-full is-style-rounded\"><img loading=\"lazy\" width=\"990\" height=\"525\" data-src=\"https:\/\/www.entrepriseetdecouverte.fr\/espace-pro\/wp-content\/uploads\/sites\/2\/2025\/11\/capture-decran-2025-11-21-154205.jpg\" alt=\"\" class=\"wp-image-72366\" data-srcset=\"https:\/\/www.entrepriseetdecouverte.fr\/espace-pro\/wp-content\/uploads\/sites\/2\/2025\/11\/capture-decran-2025-11-21-154205.jpg 990w, https:\/\/www.entrepriseetdecouverte.fr\/espace-pro\/wp-content\/uploads\/sites\/2\/2025\/11\/capture-decran-2025-11-21-154205-600x318.jpg 600w, https:\/\/www.entrepriseetdecouverte.fr\/espace-pro\/wp-content\/uploads\/sites\/2\/2025\/11\/capture-decran-2025-11-21-154205-900x477.jpg 900w, https:\/\/www.entrepriseetdecouverte.fr\/espace-pro\/wp-content\/uploads\/sites\/2\/2025\/11\/capture-decran-2025-11-21-154205-200x106.jpg 200w, https:\/\/www.entrepriseetdecouverte.fr\/espace-pro\/wp-content\/uploads\/sites\/2\/2025\/11\/capture-decran-2025-11-21-154205-113x60.jpg 113w\" sizes=\"(max-width: 990px) 100vw, 990px\" \/><\/figure>\n\n\n\n<h3>Une expertise au service du territoire<\/h3>\n\n\n\n<p class=\"is-style-normal\"><strong>L\u2019accompagnement d\u2019Entreprise et D\u00e9couverte a jou\u00e9 un r\u00f4le structurant tout au long de la d\u00e9marche<\/strong>. Il a permis \u00e0 la destination de prendre du recul sur la logique m\u00eame de la visite d\u2019entreprise, en la pensant non plus uniquement \u00e0 l\u2019\u00e9chelle d\u2019un site, mais comme <strong>un levier d\u2019image et d\u2019attractivit\u00e9 <\/strong>pour l\u2019ensemble du territoire. Cette expertise a permis de professionnaliser l&rsquo;approche de Quimper Cornouaille D\u00e9veloppement, afin de structurer une offre coh\u00e9rente \u00e0 l\u2019\u00e9chelle territoriale, et d&rsquo;accompagner les entreprises dans une d\u00e9marche qualitative.<\/p>\n\n\n\n<p class=\"is-style-normal\">Les audits r\u00e9alis\u00e9s ont \u00e9galement permis aux entreprises de<strong> mieux comprendre les attentes des visiteurs<\/strong>, les bonnes pratiques d\u2019accueil et les points de vigilance \u00e0 anticiper. Pour certaines, cette d\u00e9marche a \u00e9t\u00e9 une v\u00e9ritable r\u00e9v\u00e9lation, mettant en lumi\u00e8re l\u2019int\u00e9r\u00eat de l\u2019ouverture au public, tant sur le plan \u00e9conomique que pour la valorisation de leur histoire, de leurs savoir-faire et de leurs \u00e9quipes.<\/p>\n\n\n\n<div class=\"wp-block-columns\">\n<div class=\"wp-block-column\" style=\"flex-basis:33.33%\">\n<figure class=\"wp-block-image size-thumbnail is-style-rounded\"><img loading=\"lazy\" width=\"300\" height=\"300\" data-src=\"https:\/\/www.entrepriseetdecouverte.fr\/espace-pro\/wp-content\/uploads\/sites\/2\/2026\/01\/clemence-gauriveaud_quimper-cornouaille-300x300.jpg\" alt=\"\" class=\"wp-image-72711\" data-srcset=\"https:\/\/www.entrepriseetdecouverte.fr\/espace-pro\/wp-content\/uploads\/sites\/2\/2026\/01\/clemence-gauriveaud_quimper-cornouaille-300x300.jpg 300w, https:\/\/www.entrepriseetdecouverte.fr\/espace-pro\/wp-content\/uploads\/sites\/2\/2026\/01\/clemence-gauriveaud_quimper-cornouaille-24x24.jpg 24w, https:\/\/www.entrepriseetdecouverte.fr\/espace-pro\/wp-content\/uploads\/sites\/2\/2026\/01\/clemence-gauriveaud_quimper-cornouaille-48x48.jpg 48w, https:\/\/www.entrepriseetdecouverte.fr\/espace-pro\/wp-content\/uploads\/sites\/2\/2026\/01\/clemence-gauriveaud_quimper-cornouaille-96x96.jpg 96w, https:\/\/www.entrepriseetdecouverte.fr\/espace-pro\/wp-content\/uploads\/sites\/2\/2026\/01\/clemence-gauriveaud_quimper-cornouaille-150x150.jpg 150w\" sizes=\"(max-width: 300px) 100vw, 300px\" \/><\/figure>\n<\/div>\n\n\n\n<div class=\"wp-block-column is-vertically-aligned-center\" style=\"flex-basis:66.66%\">\n<p class=\"is-style-blockquote\" style=\"font-size:15px\"> \u00ab\u00a0Gr\u00e2ce \u00e0 Entreprise et D\u00e9couverte, nous avons pu faire \u00e9merger un v\u00e9ritable collectif autour du tourisme de savoir-faire. Ce projet f\u00e9d\u00e8re aujourd\u2019hui des entreprises tr\u00e8s diff\u00e9rentes, qui n\u2019avaient pas forc\u00e9ment l\u2019habitude de travailler ensemble.\u00a0\u00bb &#8211; Cl\u00e9mence Gauriveaud, Quimper Cornouaille D\u00e9veloppement <\/p>\n<\/div>\n<\/div>\n\n\n\n<div class=\"wp-block-media-text alignwide is-stacked-on-mobile is-image-fill\"><figure class=\"wp-block-media-text__media\" style=\"background-image:url(https:\/\/www.entrepriseetdecouverte.fr\/espace-pro\/wp-content\/uploads\/sites\/2\/2025\/10\/1759918844327-1200x983.jpg);background-position:50% 50%\"><img loading=\"lazy\" width=\"1200\" height=\"983\" data-src=\"https:\/\/www.entrepriseetdecouverte.fr\/espace-pro\/wp-content\/uploads\/sites\/2\/2025\/10\/1759918844327-1200x983.jpg\" alt=\"\" class=\"wp-image-72295 size-full\" data-srcset=\"https:\/\/www.entrepriseetdecouverte.fr\/espace-pro\/wp-content\/uploads\/sites\/2\/2025\/10\/1759918844327-1200x983.jpg 1200w, https:\/\/www.entrepriseetdecouverte.fr\/espace-pro\/wp-content\/uploads\/sites\/2\/2025\/10\/1759918844327-600x492.jpg 600w, https:\/\/www.entrepriseetdecouverte.fr\/espace-pro\/wp-content\/uploads\/sites\/2\/2025\/10\/1759918844327-900x737.jpg 900w, https:\/\/www.entrepriseetdecouverte.fr\/espace-pro\/wp-content\/uploads\/sites\/2\/2025\/10\/1759918844327-1536x1258.jpg 1536w, https:\/\/www.entrepriseetdecouverte.fr\/espace-pro\/wp-content\/uploads\/sites\/2\/2025\/10\/1759918844327-200x164.jpg 200w, https:\/\/www.entrepriseetdecouverte.fr\/espace-pro\/wp-content\/uploads\/sites\/2\/2025\/10\/1759918844327-380x310.jpg 380w, https:\/\/www.entrepriseetdecouverte.fr\/espace-pro\/wp-content\/uploads\/sites\/2\/2025\/10\/1759918844327-73x60.jpg 73w, https:\/\/www.entrepriseetdecouverte.fr\/espace-pro\/wp-content\/uploads\/sites\/2\/2025\/10\/1759918844327.jpg 1875w\" sizes=\"(max-width: 1200px) 100vw, 1200px\" \/><\/figure><div class=\"wp-block-media-text__content\">\n<h3>Une nouvelle \u00e9tape pour la Cornouaille<\/h3>\n\n\n\n<p class=\"is-style-normal\">En octobre 2025, Entreprise et D\u00e9couverte a pr\u00e9sent\u00e9 aux \u00e9lus la restitution du diagnostic de la fili\u00e8re du tourisme de savoir-faire en Cornouaille, ainsi qu\u2019<strong>une s\u00e9rie de propositions d\u2019actions concr\u00e8tes <\/strong>pour en poursuivre le d\u00e9veloppement.<\/p>\n\n\n\n<p class=\"is-style-normal\">Cette restitution marque une \u00e9tape cl\u00e9 dans la structuration de la fili\u00e8re \u00e0 l\u2019\u00e9chelle territoriale. Les \u00e9changes ont confirm\u00e9 la volont\u00e9 partag\u00e9e de maintenir la dynamique engag\u00e9e, de renforcer la coop\u00e9ration entre les acteurs et <strong>de faire de la Cornouaille un territoire de r\u00e9f\u00e9rence en mati\u00e8re de tourisme de savoir-faire<\/strong>.<\/p>\n\n\n\n<p class=\"is-style-normal\">L\u2019accompagnement d\u2019Entreprise et D\u00e9couverte se poursuivra dans les mois \u00e0 venir, selon des modalit\u00e9s encore \u00e0 d\u00e9finir, afin de <strong>consolider les actions engag\u00e9es<\/strong> <strong>et d\u2019accompagner de nouvelles entreprises<\/strong> pr\u00eates \u00e0 ouvrir leurs portes et \u00e0 partager leurs savoir-faire.<\/p>\n<\/div><\/div>\n\n\n\n<p class=\"is-style-highlight has-normal-font-size\">\ud83d\udca1 Entreprises, agences de d\u00e9veloppement, collectivit\u00e9s : Entreprise et D\u00e9couverte vous accompagne dans la structuration et la valorisation de vos projets en lien avec la visite d\u2019entreprise. En savoir plus sur nos formules d&rsquo;accompagnement <a href=\"https:\/\/www.entrepriseetdecouverte.fr\/espace-pro\/laccompagnement\/\" target=\"_blank\" rel=\"noreferrer noopener\">ici<\/a><\/p>\n","protected":false},"excerpt":{"rendered":"<p>Les territoires sont des acteurs majeurs du d\u00e9veloppement de la visite d\u2019entreprise. Entre op\u00e9rations ponctuelles, structuration de la fili\u00e8re et accompagnement des entreprises, de nombreux modes d\u2019action sont possibles. Depuis 2023, Destination Quimper Cornouaille en offre une illustration concr\u00e8te : gr\u00e2ce \u00e0 l\u2019accompagnement d\u2019Entreprise et D\u00e9couverte, l\u2019agence Quimper Cornouaille D\u00e9veloppement a mis\u00e9 sur le tourisme de savoir-faire et a engag\u00e9 une dynamique structur\u00e9e qui contribue aujourd\u2019hui \u00e0 l\u2019\u00e9mergence d\u2019une fili\u00e8re territoriale solide et coh\u00e9rente.<\/p>\n","protected":false},"author":72,"featured_media":72295,"comment_status":"open","ping_status":"open","sticky":false,"template":"","format":"standard","meta":{"_relevanssi_hide_post":"","_relevanssi_pin_for_all":"","_relevanssi_pin_keywords":"","_relevanssi_unpin_keywords":"","_relevanssi_related_keywords":"","_relevanssi_related_include_ids":"","_relevanssi_related_exclude_ids":"","_relevanssi_related_no_append":"","_relevanssi_related_not_related":"","_relevanssi_related_posts":"63144,68700,62474,64102,70613,68078","_relevanssi_noindex_reason":""},"categories":[32,35],"tags":[],"yoast_head":"<!-- This site is optimized with the Yoast SEO plugin v17.4 - https:\/\/yoast.com\/wordpress\/plugins\/seo\/ -->\n<meta name=\"description\" content=\"Les territoires sont des acteurs majeurs du d\u00e9veloppement de la visite d\u2019entreprise. Entre op\u00e9rations ponctuelles, structuration de la fili\u00e8re et accompagnement des entreprises, de nombreux modes d\u2019action sont possibles. Depuis 2023, Destination Quimper Cornouaille en offre une illustration concr\u00e8te : gr\u00e2ce \u00e0 l\u2019accompagnement d\u2019Entreprise et D\u00e9couverte, l\u2019agence Quimper Cornouaille D\u00e9veloppement a mis\u00e9 sur le tourisme de savoir-faire et a engag\u00e9 une dynamique structur\u00e9e qui contribue aujourd\u2019hui \u00e0 l\u2019\u00e9mergence d\u2019une fili\u00e8re territoriale solide et coh\u00e9rente.\" \/>\n<meta name=\"robots\" content=\"index, follow, max-snippet:-1, max-image-preview:large, max-video-preview:-1\" \/>\n<link rel=\"canonical\" href=\"https:\/\/www.entrepriseetdecouverte.fr\/espace-pro\/2026\/01\/27\/les-territoires-en-action-destination-quimper-cornouaille\/\" \/>\n<meta property=\"og:locale\" content=\"fr_FR\" \/>\n<meta property=\"og:type\" content=\"article\" \/>\n<meta property=\"og:title\" content=\"Destination Quimper Cornouaille I Les accompagnements Territoires\" \/>\n<meta property=\"og:description\" content=\"Les territoires sont des acteurs majeurs du d\u00e9veloppement de la visite d\u2019entreprise. Entre op\u00e9rations ponctuelles, structuration de la fili\u00e8re et accompagnement des entreprises, de nombreux modes d\u2019action sont possibles. Depuis 2023, Destination Quimper Cornouaille en offre une illustration concr\u00e8te : gr\u00e2ce \u00e0 l\u2019accompagnement d\u2019Entreprise et D\u00e9couverte, l\u2019agence Quimper Cornouaille D\u00e9veloppement a mis\u00e9 sur le tourisme de savoir-faire et a engag\u00e9 une dynamique structur\u00e9e qui contribue aujourd\u2019hui \u00e0 l\u2019\u00e9mergence d\u2019une fili\u00e8re territoriale solide et coh\u00e9rente.\" \/>\n<meta property=\"og:url\" content=\"https:\/\/www.entrepriseetdecouverte.fr\/espace-pro\/2026\/01\/27\/les-territoires-en-action-destination-quimper-cornouaille\/\" \/>\n<meta property=\"og:site_name\" content=\"Espace Pro\" \/>\n<meta property=\"article:published_time\" content=\"2026-01-27T17:38:42+00:00\" \/>\n<meta property=\"article:modified_time\" content=\"2026-03-04T11:01:15+00:00\" \/>\n<meta property=\"og:image\" content=\"https:\/\/www.entrepriseetdecouverte.fr\/espace-pro\/wp-content\/uploads\/sites\/2\/2025\/10\/1759918844327.jpg\" \/>\n\t<meta property=\"og:image:width\" content=\"1875\" \/>\n\t<meta property=\"og:image:height\" content=\"1536\" \/>\n<meta name=\"twitter:card\" content=\"summary_large_image\" \/>\n<meta name=\"twitter:label1\" content=\"\u00c9crit par\" \/>\n\t<meta name=\"twitter:data1\" content=\"Sol\u00e8ne Boeffard\" \/>\n\t<meta name=\"twitter:label2\" content=\"Dur\u00e9e de lecture estim\u00e9e\" \/>\n\t<meta name=\"twitter:data2\" content=\"6 minutes\" \/>\n<script type=\"application\/ld+json\" class=\"yoast-schema-graph\">{\"@context\":\"https:\/\/schema.org\",\"@graph\":[{\"@type\":\"WebSite\",\"@id\":\"https:\/\/www.entrepriseetdecouverte.fr\/espace-pro\/#website\",\"url\":\"https:\/\/www.entrepriseetdecouverte.fr\/espace-pro\/\",\"name\":\"Espace Pro\",\"description\":\"Un site utilisant Entreprise et D\\u00e9couverte Sites\",\"potentialAction\":[{\"@type\":\"SearchAction\",\"target\":{\"@type\":\"EntryPoint\",\"urlTemplate\":\"https:\/\/www.entrepriseetdecouverte.fr\/espace-pro\/?s={search_term_string}\"},\"query-input\":\"required name=search_term_string\"}],\"inLanguage\":\"fr-FR\"},{\"@type\":\"ImageObject\",\"@id\":\"https:\/\/www.entrepriseetdecouverte.fr\/espace-pro\/2026\/01\/27\/les-territoires-en-action-destination-quimper-cornouaille\/#primaryimage\",\"inLanguage\":\"fr-FR\",\"url\":\"https:\/\/www.entrepriseetdecouverte.fr\/espace-pro\/wp-content\/uploads\/sites\/2\/2025\/10\/1759918844327.jpg\",\"contentUrl\":\"https:\/\/www.entrepriseetdecouverte.fr\/espace-pro\/wp-content\/uploads\/sites\/2\/2025\/10\/1759918844327.jpg\",\"width\":1875,\"height\":1536},{\"@type\":\"WebPage\",\"@id\":\"https:\/\/www.entrepriseetdecouverte.fr\/espace-pro\/2026\/01\/27\/les-territoires-en-action-destination-quimper-cornouaille\/#webpage\",\"url\":\"https:\/\/www.entrepriseetdecouverte.fr\/espace-pro\/2026\/01\/27\/les-territoires-en-action-destination-quimper-cornouaille\/\",\"name\":\"Destination Quimper Cornouaille I Les accompagnements Territoires\",\"isPartOf\":{\"@id\":\"https:\/\/www.entrepriseetdecouverte.fr\/espace-pro\/#website\"},\"primaryImageOfPage\":{\"@id\":\"https:\/\/www.entrepriseetdecouverte.fr\/espace-pro\/2026\/01\/27\/les-territoires-en-action-destination-quimper-cornouaille\/#primaryimage\"},\"datePublished\":\"2026-01-27T17:38:42+00:00\",\"dateModified\":\"2026-03-04T11:01:15+00:00\",\"author\":{\"@id\":\"https:\/\/www.entrepriseetdecouverte.fr\/espace-pro\/#\/schema\/person\/36549efc7397d7deb240c5047e92e7df\"},\"description\":\"Les territoires sont des acteurs majeurs du d\\u00e9veloppement de la visite d\\u2019entreprise. Entre op\\u00e9rations ponctuelles, structuration de la fili\\u00e8re et accompagnement des entreprises, de nombreux modes d\\u2019action sont possibles. Depuis 2023, Destination Quimper Cornouaille en offre une illustration concr\\u00e8te : gr\\u00e2ce \\u00e0 l\\u2019accompagnement d\\u2019Entreprise et D\\u00e9couverte, l\\u2019agence Quimper Cornouaille D\\u00e9veloppement a mis\\u00e9 sur le tourisme de savoir-faire et a engag\\u00e9 une dynamique structur\\u00e9e qui contribue aujourd\\u2019hui \\u00e0 l\\u2019\\u00e9mergence d\\u2019une fili\\u00e8re territoriale solide et coh\\u00e9rente.\",\"breadcrumb\":{\"@id\":\"https:\/\/www.entrepriseetdecouverte.fr\/espace-pro\/2026\/01\/27\/les-territoires-en-action-destination-quimper-cornouaille\/#breadcrumb\"},\"inLanguage\":\"fr-FR\",\"potentialAction\":[{\"@type\":\"ReadAction\",\"target\":[\"https:\/\/www.entrepriseetdecouverte.fr\/espace-pro\/2026\/01\/27\/les-territoires-en-action-destination-quimper-cornouaille\/\"]}]},{\"@type\":\"BreadcrumbList\",\"@id\":\"https:\/\/www.entrepriseetdecouverte.fr\/espace-pro\/2026\/01\/27\/les-territoires-en-action-destination-quimper-cornouaille\/#breadcrumb\",\"itemListElement\":[{\"@type\":\"ListItem\",\"position\":1,\"name\":\"Accueil\",\"item\":\"https:\/\/www.entrepriseetdecouverte.fr\/espace-pro\/\"},{\"@type\":\"ListItem\",\"position\":2,\"name\":\"Les Territoires en action &#8211; Destination Quimper Cornouaille\"}]},{\"@type\":\"Person\",\"@id\":\"https:\/\/www.entrepriseetdecouverte.fr\/espace-pro\/#\/schema\/person\/36549efc7397d7deb240c5047e92e7df\",\"name\":\"Sol\\u00e8ne Boeffard\",\"image\":{\"@type\":\"ImageObject\",\"@id\":\"https:\/\/www.entrepriseetdecouverte.fr\/espace-pro\/#personlogo\",\"inLanguage\":\"fr-FR\",\"url\":\"https:\/\/www.entrepriseetdecouverte.fr\/espace-pro\/wp-content\/uploads\/sites\/2\/2022\/07\/1648625959721-96x96.jpg\",\"contentUrl\":\"https:\/\/www.entrepriseetdecouverte.fr\/espace-pro\/wp-content\/uploads\/sites\/2\/2022\/07\/1648625959721-96x96.jpg\",\"caption\":\"Sol\\u00e8ne Boeffard\"},\"url\":\"https:\/\/www.entrepriseetdecouverte.fr\/espace-pro\/author\/solene-boeffardentrepriseetdecouverte-fr\/\"}]}<\/script>\n<!-- \/ Yoast SEO plugin. -->","yoast_head_json":{"description":"Les territoires sont des acteurs majeurs du d\u00e9veloppement de la visite d\u2019entreprise. Entre op\u00e9rations ponctuelles, structuration de la fili\u00e8re et accompagnement des entreprises, de nombreux modes d\u2019action sont possibles. Depuis 2023, Destination Quimper Cornouaille en offre une illustration concr\u00e8te : gr\u00e2ce \u00e0 l\u2019accompagnement d\u2019Entreprise et D\u00e9couverte, l\u2019agence Quimper Cornouaille D\u00e9veloppement a mis\u00e9 sur le tourisme de savoir-faire et a engag\u00e9 une dynamique structur\u00e9e qui contribue aujourd\u2019hui \u00e0 l\u2019\u00e9mergence d\u2019une fili\u00e8re territoriale solide et coh\u00e9rente.","robots":{"index":"index","follow":"follow","max-snippet":"max-snippet:-1","max-image-preview":"max-image-preview:large","max-video-preview":"max-video-preview:-1"},"canonical":"https:\/\/www.entrepriseetdecouverte.fr\/espace-pro\/2026\/01\/27\/les-territoires-en-action-destination-quimper-cornouaille\/","og_locale":"fr_FR","og_type":"article","og_title":"Destination Quimper Cornouaille I Les accompagnements Territoires","og_description":"Les territoires sont des acteurs majeurs du d\u00e9veloppement de la visite d\u2019entreprise. Entre op\u00e9rations ponctuelles, structuration de la fili\u00e8re et accompagnement des entreprises, de nombreux modes d\u2019action sont possibles. Depuis 2023, Destination Quimper Cornouaille en offre une illustration concr\u00e8te : gr\u00e2ce \u00e0 l\u2019accompagnement d\u2019Entreprise et D\u00e9couverte, l\u2019agence Quimper Cornouaille D\u00e9veloppement a mis\u00e9 sur le tourisme de savoir-faire et a engag\u00e9 une dynamique structur\u00e9e qui contribue aujourd\u2019hui \u00e0 l\u2019\u00e9mergence d\u2019une fili\u00e8re territoriale solide et coh\u00e9rente.","og_url":"https:\/\/www.entrepriseetdecouverte.fr\/espace-pro\/2026\/01\/27\/les-territoires-en-action-destination-quimper-cornouaille\/","og_site_name":"Espace Pro","article_published_time":"2026-01-27T17:38:42+00:00","article_modified_time":"2026-03-04T11:01:15+00:00","og_image":[{"width":1875,"height":1536,"url":"https:\/\/www.entrepriseetdecouverte.fr\/espace-pro\/wp-content\/uploads\/sites\/2\/2025\/10\/1759918844327.jpg","type":"image\/jpeg"}],"twitter_card":"summary_large_image","twitter_misc":{"\u00c9crit par":"Sol\u00e8ne Boeffard","Dur\u00e9e de lecture estim\u00e9e":"6 minutes"},"schema":{"@context":"https:\/\/schema.org","@graph":[{"@type":"WebSite","@id":"https:\/\/www.entrepriseetdecouverte.fr\/espace-pro\/#website","url":"https:\/\/www.entrepriseetdecouverte.fr\/espace-pro\/","name":"Espace Pro","description":"Un site utilisant Entreprise et D\u00e9couverte Sites","potentialAction":[{"@type":"SearchAction","target":{"@type":"EntryPoint","urlTemplate":"https:\/\/www.entrepriseetdecouverte.fr\/espace-pro\/?s={search_term_string}"},"query-input":"required name=search_term_string"}],"inLanguage":"fr-FR"},{"@type":"ImageObject","@id":"https:\/\/www.entrepriseetdecouverte.fr\/espace-pro\/2026\/01\/27\/les-territoires-en-action-destination-quimper-cornouaille\/#primaryimage","inLanguage":"fr-FR","url":"https:\/\/www.entrepriseetdecouverte.fr\/espace-pro\/wp-content\/uploads\/sites\/2\/2025\/10\/1759918844327.jpg","contentUrl":"https:\/\/www.entrepriseetdecouverte.fr\/espace-pro\/wp-content\/uploads\/sites\/2\/2025\/10\/1759918844327.jpg","width":1875,"height":1536},{"@type":"WebPage","@id":"https:\/\/www.entrepriseetdecouverte.fr\/espace-pro\/2026\/01\/27\/les-territoires-en-action-destination-quimper-cornouaille\/#webpage","url":"https:\/\/www.entrepriseetdecouverte.fr\/espace-pro\/2026\/01\/27\/les-territoires-en-action-destination-quimper-cornouaille\/","name":"Destination Quimper Cornouaille I Les accompagnements Territoires","isPartOf":{"@id":"https:\/\/www.entrepriseetdecouverte.fr\/espace-pro\/#website"},"primaryImageOfPage":{"@id":"https:\/\/www.entrepriseetdecouverte.fr\/espace-pro\/2026\/01\/27\/les-territoires-en-action-destination-quimper-cornouaille\/#primaryimage"},"datePublished":"2026-01-27T17:38:42+00:00","dateModified":"2026-03-04T11:01:15+00:00","author":{"@id":"https:\/\/www.entrepriseetdecouverte.fr\/espace-pro\/#\/schema\/person\/36549efc7397d7deb240c5047e92e7df"},"description":"Les territoires sont des acteurs majeurs du d\u00e9veloppement de la visite d\u2019entreprise. Entre op\u00e9rations ponctuelles, structuration de la fili\u00e8re et accompagnement des entreprises, de nombreux modes d\u2019action sont possibles. Depuis 2023, Destination Quimper Cornouaille en offre une illustration concr\u00e8te : gr\u00e2ce \u00e0 l\u2019accompagnement d\u2019Entreprise et D\u00e9couverte, l\u2019agence Quimper Cornouaille D\u00e9veloppement a mis\u00e9 sur le tourisme de savoir-faire et a engag\u00e9 une dynamique structur\u00e9e qui contribue aujourd\u2019hui \u00e0 l\u2019\u00e9mergence d\u2019une fili\u00e8re territoriale solide et coh\u00e9rente.","breadcrumb":{"@id":"https:\/\/www.entrepriseetdecouverte.fr\/espace-pro\/2026\/01\/27\/les-territoires-en-action-destination-quimper-cornouaille\/#breadcrumb"},"inLanguage":"fr-FR","potentialAction":[{"@type":"ReadAction","target":["https:\/\/www.entrepriseetdecouverte.fr\/espace-pro\/2026\/01\/27\/les-territoires-en-action-destination-quimper-cornouaille\/"]}]},{"@type":"BreadcrumbList","@id":"https:\/\/www.entrepriseetdecouverte.fr\/espace-pro\/2026\/01\/27\/les-territoires-en-action-destination-quimper-cornouaille\/#breadcrumb","itemListElement":[{"@type":"ListItem","position":1,"name":"Accueil","item":"https:\/\/www.entrepriseetdecouverte.fr\/espace-pro\/"},{"@type":"ListItem","position":2,"name":"Les Territoires en action &#8211; Destination Quimper Cornouaille"}]},{"@type":"Person","@id":"https:\/\/www.entrepriseetdecouverte.fr\/espace-pro\/#\/schema\/person\/36549efc7397d7deb240c5047e92e7df","name":"Sol\u00e8ne Boeffard","image":{"@type":"ImageObject","@id":"https:\/\/www.entrepriseetdecouverte.fr\/espace-pro\/#personlogo","inLanguage":"fr-FR","url":"https:\/\/www.entrepriseetdecouverte.fr\/espace-pro\/wp-content\/uploads\/sites\/2\/2022\/07\/1648625959721-96x96.jpg","contentUrl":"https:\/\/www.entrepriseetdecouverte.fr\/espace-pro\/wp-content\/uploads\/sites\/2\/2022\/07\/1648625959721-96x96.jpg","caption":"Sol\u00e8ne Boeffard"},"url":"https:\/\/www.entrepriseetdecouverte.fr\/espace-pro\/author\/solene-boeffardentrepriseetdecouverte-fr\/"}]}},"_links":{"self":[{"href":"https:\/\/www.entrepriseetdecouverte.fr\/espace-pro\/wp-json\/wp\/v2\/posts\/72680"}],"collection":[{"href":"https:\/\/www.entrepriseetdecouverte.fr\/espace-pro\/wp-json\/wp\/v2\/posts"}],"about":[{"href":"https:\/\/www.entrepriseetdecouverte.fr\/espace-pro\/wp-json\/wp\/v2\/types\/post"}],"author":[{"embeddable":true,"href":"https:\/\/www.entrepriseetdecouverte.fr\/espace-pro\/wp-json\/wp\/v2\/users\/72"}],"replies":[{"embeddable":true,"href":"https:\/\/www.entrepriseetdecouverte.fr\/espace-pro\/wp-json\/wp\/v2\/comments?post=72680"}],"version-history":[{"count":45,"href":"https:\/\/www.entrepriseetdecouverte.fr\/espace-pro\/wp-json\/wp\/v2\/posts\/72680\/revisions"}],"predecessor-version":[{"id":73505,"href":"https:\/\/www.entrepriseetdecouverte.fr\/espace-pro\/wp-json\/wp\/v2\/posts\/72680\/revisions\/73505"}],"wp:featuredmedia":[{"embeddable":true,"href":"https:\/\/www.entrepriseetdecouverte.fr\/espace-pro\/wp-json\/wp\/v2\/media\/72295"}],"wp:attachment":[{"href":"https:\/\/www.entrepriseetdecouverte.fr\/espace-pro\/wp-json\/wp\/v2\/media?parent=72680"}],"wp:term":[{"taxonomy":"category","embeddable":true,"href":"https:\/\/www.entrepriseetdecouverte.fr\/espace-pro\/wp-json\/wp\/v2\/categories?post=72680"},{"taxonomy":"post_tag","embeddable":true,"href":"https:\/\/www.entrepriseetdecouverte.fr\/espace-pro\/wp-json\/wp\/v2\/tags?post=72680"}],"curies":[{"name":"wp","href":"https:\/\/api.w.org\/{rel}","templated":true}]}}