{"id":72007,"date":"2025-07-18T14:24:02","date_gmt":"2025-07-18T12:24:02","guid":{"rendered":"https:\/\/www.entrepriseetdecouverte.fr\/espace-pro\/?p=72007"},"modified":"2025-07-18T14:29:39","modified_gmt":"2025-07-18T12:29:39","slug":"observatoire-de-la-visite-dentreprise-decouvrez-les-chiffres-cles-2025","status":"publish","type":"post","link":"https:\/\/www.entrepriseetdecouverte.fr\/espace-pro\/2025\/07\/18\/observatoire-de-la-visite-dentreprise-decouvrez-les-chiffres-cles-2025\/","title":{"rendered":"Observatoire de la visite d&rsquo;entreprise : d\u00e9couvrez les chiffres cl\u00e9s 2025 !"},"content":{"rendered":"\n<h4>\u2728 La visite d&rsquo;entreprise, une exception culturelle et \u00e9conomique fran\u00e7aise <\/h4>\n\n\n\n<p class=\"is-style-normal\">La visite d&rsquo;entreprise, ou tourisme de savoir-faire, est <strong>une fili\u00e8re de plus en plus pl\u00e9biscit\u00e9e par le grand public<\/strong>. D\u00e9couverte de savoir-faire exceptionnels et embl\u00e9matiques, \u00e9change direct avec celles et ceux qui fabriquent nos produits du quotidien, immersion dans des univers insolites et XXL &#8230; <strong>l&rsquo;int\u00e9r\u00eat est toujours au rendez-vous ! <\/strong><\/p>\n\n\n\n<p class=\"is-style-normal\">C\u00f4t\u00e9 entreprise, <strong>les enjeux sont tr\u00e8s forts<\/strong> : cr\u00e9er ou transformer son image, rassurer et fid\u00e9liser les consommateurs, faire des visiteurs des ambassadeurs. <strong>La visite d\u2019entreprise est la d\u00e9monstration du fabriqu\u00e9 en France<\/strong> et le moyen de d\u00e9montrer ses engagements sociaux et environnementaux. <\/p>\n\n\n\n<p class=\"is-style-normal\">Cette fili\u00e8re prend aujourd\u2019hui toute sa place au sein des entreprises et aupr\u00e8s des publics. Le marqueur du Tourisme de savoir-faire \u00e0 la fran\u00e7aise port\u00e9 par Entreprise et D\u00e9couverte est <strong>une immersion au c\u0153ur des ateliers et des usines, \u00e0 la rencontre des hommes et des femmes au travail.<\/strong><\/p>\n\n\n\n<p class=\"is-style-normal\"><\/p>\n\n\n\n<h4>\ud83d\udcc8 Observatoire de la visite d&rsquo;entreprise : les chiffres cl\u00e9s 2025<\/h4>\n\n\n\n<div class=\"wp-block-media-text alignwide is-stacked-on-mobile\"><figure class=\"wp-block-media-text__media\"><a href=\"https:\/\/www.entrepriseetdecouverte.fr\/espace-pro\/lassociation\/lobservatoire\/lobservatoire-national\/\" target=\"_blank\" rel=\"noopener\"><img loading=\"lazy\" width=\"849\" height=\"1200\" data-src=\"https:\/\/www.entrepriseetdecouverte.fr\/espace-pro\/wp-content\/uploads\/sites\/2\/2025\/07\/ed_couverture-observatoire-2025-849x1200.jpg\" alt=\"\" class=\"wp-image-71942 size-full\" data-srcset=\"https:\/\/www.entrepriseetdecouverte.fr\/espace-pro\/wp-content\/uploads\/sites\/2\/2025\/07\/ed_couverture-observatoire-2025-849x1200.jpg 849w, https:\/\/www.entrepriseetdecouverte.fr\/espace-pro\/wp-content\/uploads\/sites\/2\/2025\/07\/ed_couverture-observatoire-2025-424x600.jpg 424w, https:\/\/www.entrepriseetdecouverte.fr\/espace-pro\/wp-content\/uploads\/sites\/2\/2025\/07\/ed_couverture-observatoire-2025-636x900.jpg 636w, https:\/\/www.entrepriseetdecouverte.fr\/espace-pro\/wp-content\/uploads\/sites\/2\/2025\/07\/ed_couverture-observatoire-2025-200x283.jpg 200w, https:\/\/www.entrepriseetdecouverte.fr\/espace-pro\/wp-content\/uploads\/sites\/2\/2025\/07\/ed_couverture-observatoire-2025-42x60.jpg 42w, https:\/\/www.entrepriseetdecouverte.fr\/espace-pro\/wp-content\/uploads\/sites\/2\/2025\/07\/ed_couverture-observatoire-2025.jpg 1000w\" sizes=\"(max-width: 849px) 100vw, 849px\" \/><\/a><\/figure><div class=\"wp-block-media-text__content\">\n<ul><li><strong>4 000 entreprises ouvertes<\/strong> de mani\u00e8re r\u00e9guli\u00e8re au grand public, contre 2 000 en 2019 : on assiste \u00e0 <strong>un doublement du nombre d&rsquo;entreprises engag\u00e9es<\/strong> sur la fili\u00e8re depuis 5 ans. <\/li><\/ul>\n\n\n\n<ul><li><strong>22 millions de visiteurs<\/strong> : une augmentation tr\u00e8s significative de 30% de visiteurs en 5 ans. Le tourisme de savoir-faire <strong>s\u2019inscrit d\u00e9sormais dans le paysage culturel fran\u00e7ais<\/strong> au m\u00eame titre que les \u00e9glises, ch\u00e2teaux et mus\u00e9es.<\/li><\/ul>\n\n\n\n<ul><li><strong>25% des entreprises ouvertes au public ont plus de 100 an<\/strong>s (45% ont plus de 50 ans). Le tourisme de savoir-faire confirme <strong>son ancrage territorial, patrimonial et culturel.<\/strong> 40% des entreprises disposent d\u2019un mus\u00e9e d\u2019entreprise en compl\u00e9ment de leur offre de visite.<\/li><\/ul>\n\n\n\n<ul><li><strong>R\u00e9partition des entreprises par secteurs d&rsquo;activit\u00e9 : <\/strong><\/li><\/ul>\n\n\n\n<ol><li><strong>Agroalimentaire<\/strong> : 37%<\/li><li><strong>Vins, Bi\u00e8res et Spiritueux<\/strong> : 25%<\/li><li><strong>Artisanat et M\u00e9tiers d&rsquo;Art <\/strong>: 16%<\/li><li><strong>Industrie, Energie et Environnement<\/strong> : 13%<\/li><li><strong>Mode et Cosm\u00e9tique<\/strong> : 9% <\/li><\/ol>\n<\/div><\/div>\n\n\n\n<div class=\"wp-block-columns\">\n<div class=\"wp-block-column is-vertically-aligned-center\" style=\"flex-basis:33.33%\">\n<figure class=\"wp-block-image size-full is-style-rounded\"><img data-src=\"https:\/\/www.entrepriseetdecouverte.fr\/wp-content\/uploads\/2025\/07\/cecile-pierre-_l.mayeux-75.2.jpg\" alt=\"\" class=\"wp-image-132109\"\/><figcaption>C\u00e9cile PIERRE, D\u00e9l\u00e9gu\u00e9e G\u00e9n\u00e9rale d&rsquo;Entreprise et D\u00e9couverte<\/figcaption><\/figure>\n<\/div>\n\n\n\n<div class=\"wp-block-column is-vertically-aligned-center\" style=\"flex-basis:66.66%\">\n<p class=\"is-style-blockquote\" style=\"font-size:15px\">\u00ab\u00a0Les tr\u00e8s bons chiffres de l\u2019observatoire 2025 montrent le travail important r\u00e9alis\u00e9 par Entreprise et D\u00e9couverte en collaboration \u00e9troite avec ses nombreux partenaires. <strong>Le d\u00e9veloppement de la visite d\u2019entreprise est un enjeu fort pour la France :<\/strong> s\u2019engager pour un tourisme durable, r\u00e9concilier les fran\u00e7ais avec leur industrie, transformer les entreprises vers un mod\u00e8le plus responsable et aider les jeunes \u00e0 choisir leur avenir professionnel.\u00a0\u00bb<\/p>\n<\/div>\n<\/div>\n\n\n\n<h4> \ud83c\udfc6 TOP 10 des entreprises les plus visit\u00e9es en France <\/h4>\n\n\n\n<figure class=\"wp-block-table is-style-regular\"><table><tbody><tr><td>  <strong>1<\/strong>. <a href=\"https:\/\/www.entrepriseetdecouverte.fr\/je-trouve-ma-visite\/par-secteur\/energie-et-environnement\/\" target=\"_blank\" rel=\"noreferrer noopener\"><strong>EDF<\/strong><\/a>  (tous sites) <\/td><td> Toute la France<\/td><td><strong>500 000 <\/strong>visiteurs<\/td><\/tr><tr><td>  <strong>2.<\/strong> <strong><a href=\"https:\/\/www.entrepriseetdecouverte.fr\/visite\/la-verrerie-de-biot\/?highlight=Verrerie+de+Biot\" target=\"_blank\" rel=\"noreferrer noopener\">Verrerie de Biot<\/a><\/strong> <\/td><td> Biot, Provence-Alpes-C\u00f4te d\u2019Azur <\/td><td><strong>420 000<\/strong> visiteurs <\/td><\/tr><tr><td>  <strong>3. <a href=\"https:\/\/www.entrepriseetdecouverte.fr\/visite\/confiserie-des-hautes-vosges-cdhv\/\" target=\"_blank\" rel=\"noreferrer noopener\">Confiserie des Hautes-Vosges<\/a><\/strong> <\/td><td> Plainfaing, Grand Est <\/td><td><strong>300 000<\/strong> visiteurs<\/td><\/tr><tr><td>  <strong>4. <a href=\"https:\/\/www.entrepriseetdecouverte.fr\/visite\/cave-de-gan-jurancon\/?highlight=Cave+de+Gan+Juran%C3%A7on\" target=\"_blank\" rel=\"noreferrer noopener\">Cave de Gan Juran\u00e7on<\/a><\/strong> <\/td><td> Gan, Nouvelle-Aquitaine <\/td><td><strong>220 000<\/strong> visiteurs<\/td><\/tr><tr><td>  <strong>5. <a href=\"https:\/\/www.entrepriseetdecouverte.fr\/visite\/le-salin-daigues-mortes\/\" target=\"_blank\" rel=\"noreferrer noopener\">Les Salins d&rsquo;Aigues-Mortes<\/a><\/strong> <\/td><td> Aigues Mortes, Occitanie <\/td><td><strong>195 000<\/strong> visiteurs<\/td><\/tr><tr><td>  <strong>6. <a href=\"https:\/\/www.entrepriseetdecouverte.fr\/visite\/confiserie-bressaude\/?highlight=Confiserie+Bressaude\" target=\"_blank\" rel=\"noreferrer noopener\">Confiserie Bressaude<\/a><\/strong>  <\/td><td> La Bresse, Grand Est <\/td><td><strong>185 000<\/strong> visiteurs<\/td><\/tr><tr><td> <strong> 7. <a href=\"https:\/\/www.entrepriseetdecouverte.fr\/je-trouve-ma-visite\/par-secteur\/metiers-dart-et-artisanat\/?shareid=fd790d28-c4c0-2bea-079d-8fa2bf6067d1\" target=\"_blank\" rel=\"noreferrer noopener\">Manufactures nationales &#8211; S\u00e8vres &amp; <\/a><\/strong><br><strong><a href=\"https:\/\/www.entrepriseetdecouverte.fr\/je-trouve-ma-visite\/par-secteur\/metiers-dart-et-artisanat\/?shareid=fd790d28-c4c0-2bea-079d-8fa2bf6067d1\" target=\"_blank\" rel=\"noreferrer noopener\">Mobilier national<\/a><\/strong><\/td><td> Toute la France<\/td><td><strong>180 000<\/strong> visiteurs<\/td><\/tr><tr><td> <strong> 8. <a href=\"https:\/\/www.entrepriseetdecouverte.fr\/visite\/monnaie-de-paris\/\" target=\"_blank\" rel=\"noreferrer noopener\">Monnaie de Paris<\/a><\/strong> <\/td><td> Paris, Ile de France<\/td><td><strong>170 000 <\/strong>visiteurs<\/td><\/tr><tr><td>  <strong>9. <a href=\"https:\/\/www.entrepriseetdecouverte.fr\/visite\/maison-pelerin\/?highlight=Maison+P%C3%A8lerin\" target=\"_blank\" rel=\"noreferrer noopener\">Maison P\u00e8lerin<\/a><\/strong> <\/td><td> Beauvoir, Normandie <\/td><td><strong>162 000<\/strong> visiteurs<\/td><\/tr><tr><td> <strong>10. <a href=\"https:\/\/www.entrepriseetdecouverte.fr\/visite\/la-cite-du-chocolat-valrhona\/\" target=\"_blank\" rel=\"noreferrer noopener\">Cit\u00e9 du Chocolat Valrhona<\/a><\/strong> <\/td><td> Tain l&rsquo;Hermitage, Auvergne-Rh\u00f4ne-Alpes<\/td><td><strong>127 935<\/strong> visiteurs<\/td><\/tr><\/tbody><\/table><\/figure>\n\n\n\n<figure class=\"wp-block-gallery alignwide columns-3 is-cropped\"><ul class=\"blocks-gallery-grid\"><li class=\"blocks-gallery-item\"><figure><img data-src=\"https:\/\/www.entrepriseetdecouverte.fr\/wp-content\/uploads\/2023\/05\/entreprise_et_decouverte_edf_cnpe_bugey-edf-patrice-dhumes-4-1.jpg\" alt=\"\" data-id=\"92214\" data-full-url=\"https:\/\/www.entrepriseetdecouverte.fr\/wp-content\/uploads\/2023\/05\/entreprise_et_decouverte_edf_cnpe_bugey-edf-patrice-dhumes-4-1.jpg\" data-link=\"https:\/\/www.entrepriseetdecouverte.fr\/edf-fete-la-nature\/entreprise_et_decouverte_edf_cnpe_bugey-edf-patrice-dhumes-4-1\/\" class=\"wp-image-92214\"\/><\/figure><\/li><li class=\"blocks-gallery-item\"><figure><img data-src=\"https:\/\/www.entrepriseetdecouverte.fr\/wp-content\/uploads\/2019\/07\/le-mobilier-national-manufacture-des-gobelins-800x1200.jpg\" alt=\"\" data-id=\"61898\" data-full-url=\"https:\/\/www.entrepriseetdecouverte.fr\/wp-content\/uploads\/2019\/07\/le-mobilier-national-manufacture-des-gobelins.jpg\" data-link=\"https:\/\/www.entrepriseetdecouverte.fr\/visite\/manufacture-des-gobelins-les-ateliers-du-mobilier-national\/le-mobilier-national-manufacture-des-gobelins\/\" class=\"wp-image-61898\"\/><\/figure><\/li><li class=\"blocks-gallery-item\"><figure><img data-src=\"https:\/\/www.entrepriseetdecouverte.fr\/wp-content\/uploads\/2025\/07\/confiserie-des-hautes-vosges_francis-monet_siteed-821x1200.jpg\" alt=\"\" data-id=\"132081\" data-full-url=\"https:\/\/www.entrepriseetdecouverte.fr\/wp-content\/uploads\/2025\/07\/confiserie-des-hautes-vosges_francis-monet_siteed.jpg\" data-link=\"https:\/\/www.entrepriseetdecouverte.fr\/?attachment_id=132081\" class=\"wp-image-132081\"\/><\/figure><\/li><\/ul><\/figure>\n\n\n\n<p class=\"is-style-normal\" style=\"font-size:10px\"><em>\u00a9EDF Bugey &#8211; P.Dhumes \/ Les Gobelins, Manufactures nationales S\u00e8vres &amp; Mobilier national &#8211; Y.Moreau \/ Confiserie des Hautes Vosges &#8211; F.Monet<\/em><\/p>\n\n\n\n<h4>\ud83c\udfaf Les observatoires r\u00e9gionaux, pour d\u00e9couvrir les tendances dans les territoires<\/h4>\n\n\n\n<p class=\"is-style-normal\">D\u00e9couvrez <strong><a href=\"https:\/\/www.entrepriseetdecouverte.fr\/espace-pro\/lassociation\/lobservatoire\/les-observatoires-regionaux\/\" target=\"_blank\" rel=\"noreferrer noopener\">les Observatoires r\u00e9gionaux 2025<\/a><\/strong> de la visite d\u2019entreprise :<br>\ud83d\udcca Les chiffres cl\u00e9s<br>\ud83d\udcc8 Les tendances et les dynamiques propres \u00e0 chaque territoire<br>\ud83c\udfc6 Les entreprises les plus visit\u00e9es<br><br>\u00c0 travers ces publications, <a href=\"https:\/\/www.linkedin.com\/company\/entrepriseetdecouverte\/\">Entreprise et D\u00e9couverte<\/a> met en lumi\u00e8re <strong>une fili\u00e8re en plein essor, ancr\u00e9e dans nos r\u00e9gions,<\/strong>&nbsp;port\u00e9e par des femmes et des hommes engag\u00e9s, et pl\u00e9biscit\u00e9e par le grand public.<\/p>\n\n\n\n<figure class=\"wp-block-image size-full is-style-default\"><img data-src=\"https:\/\/www.entrepriseetdecouverte.fr\/wp-content\/uploads\/2025\/07\/carrousel-site-web_observatoires-regionaux-2025-3.gif\" alt=\"\" class=\"wp-image-132103\"\/><\/figure>\n\n\n\n<p class=\"is-style-highlight has-medium-font-size\">\ud83d\udca1 <strong>D\u00e9couvrir <a href=\"https:\/\/www.entrepriseetdecouverte.fr\/espace-pro\/lassociation\/lobservatoire\/\" target=\"_blank\" rel=\"noreferrer noopener\">les chiffres cl\u00e9s de la visite d&rsquo;entreprise 2025<\/a><\/strong><\/p>\n","protected":false},"excerpt":{"rendered":"<p>Dans le cadre de ses missions de communication, Entreprise et D\u00e9couverte r\u00e9alise tous les 2 ans un observatoire de la visite d\u2019entreprise en France. Des chiffres cl\u00e9s qui permettent de mesurer l&rsquo;\u00e9volution et les grandes tendances de la fili\u00e8re, au national et dans les r\u00e9gions. <\/p>\n","protected":false},"author":1160,"featured_media":71942,"comment_status":"open","ping_status":"open","sticky":false,"template":"","format":"standard","meta":{"_relevanssi_hide_post":"","_relevanssi_pin_for_all":"","_relevanssi_pin_keywords":"","_relevanssi_unpin_keywords":"","_relevanssi_related_keywords":"","_relevanssi_related_include_ids":"","_relevanssi_related_exclude_ids":"","_relevanssi_related_no_append":"","_relevanssi_related_not_related":"","_relevanssi_related_posts":"68914,68466,69316,68134,68641,69099","_relevanssi_noindex_reason":""},"categories":[34],"tags":[],"yoast_head":"<!-- This site is optimized with the Yoast SEO plugin v17.4 - https:\/\/yoast.com\/wordpress\/plugins\/seo\/ -->\n<meta name=\"description\" content=\"Dans le cadre de ses missions de communication, Entreprise et D\u00e9couverte r\u00e9alise tous les 2 ans un observatoire de la visite d\u2019entreprise en France. Des chiffres cl\u00e9s qui permettent de mesurer l&#039;\u00e9volution et les grandes tendances de la fili\u00e8re, au national et dans les r\u00e9gions.\" \/>\n<meta name=\"robots\" content=\"index, follow, max-snippet:-1, max-image-preview:large, max-video-preview:-1\" \/>\n<link rel=\"canonical\" href=\"https:\/\/www.entrepriseetdecouverte.fr\/espace-pro\/2025\/07\/18\/observatoire-de-la-visite-dentreprise-decouvrez-les-chiffres-cles-2025\/\" \/>\n<meta property=\"og:locale\" content=\"fr_FR\" \/>\n<meta property=\"og:type\" content=\"article\" \/>\n<meta property=\"og:title\" content=\"Observatoire 2025 de la visite d&#039;entreprise - Entreprise et D\u00e9couverte\" \/>\n<meta property=\"og:description\" content=\"Dans le cadre de ses missions de communication, Entreprise et D\u00e9couverte r\u00e9alise tous les 2 ans un observatoire de la visite d\u2019entreprise en France. Des chiffres cl\u00e9s qui permettent de mesurer l&#039;\u00e9volution et les grandes tendances de la fili\u00e8re, au national et dans les r\u00e9gions.\" \/>\n<meta property=\"og:url\" content=\"https:\/\/www.entrepriseetdecouverte.fr\/espace-pro\/2025\/07\/18\/observatoire-de-la-visite-dentreprise-decouvrez-les-chiffres-cles-2025\/\" \/>\n<meta property=\"og:site_name\" content=\"Espace Pro\" \/>\n<meta property=\"article:published_time\" content=\"2025-07-18T12:24:02+00:00\" \/>\n<meta property=\"article:modified_time\" content=\"2025-07-18T12:29:39+00:00\" \/>\n<meta property=\"og:image\" content=\"https:\/\/www.entrepriseetdecouverte.fr\/espace-pro\/wp-content\/uploads\/sites\/2\/2025\/07\/ed_couverture-observatoire-2025.jpg\" \/>\n\t<meta property=\"og:image:width\" content=\"1000\" \/>\n\t<meta property=\"og:image:height\" content=\"1414\" \/>\n<meta name=\"twitter:card\" content=\"summary_large_image\" \/>\n<meta name=\"twitter:label1\" content=\"\u00c9crit par\" \/>\n\t<meta name=\"twitter:data1\" content=\"Marie\" \/>\n\t<meta name=\"twitter:label2\" content=\"Dur\u00e9e de lecture estim\u00e9e\" \/>\n\t<meta name=\"twitter:data2\" content=\"4 minutes\" \/>\n<script type=\"application\/ld+json\" class=\"yoast-schema-graph\">{\"@context\":\"https:\/\/schema.org\",\"@graph\":[{\"@type\":\"WebSite\",\"@id\":\"https:\/\/www.entrepriseetdecouverte.fr\/espace-pro\/#website\",\"url\":\"https:\/\/www.entrepriseetdecouverte.fr\/espace-pro\/\",\"name\":\"Espace Pro\",\"description\":\"Un site utilisant Entreprise et D\\u00e9couverte Sites\",\"potentialAction\":[{\"@type\":\"SearchAction\",\"target\":{\"@type\":\"EntryPoint\",\"urlTemplate\":\"https:\/\/www.entrepriseetdecouverte.fr\/espace-pro\/?s={search_term_string}\"},\"query-input\":\"required name=search_term_string\"}],\"inLanguage\":\"fr-FR\"},{\"@type\":\"ImageObject\",\"@id\":\"https:\/\/www.entrepriseetdecouverte.fr\/espace-pro\/2025\/07\/18\/observatoire-de-la-visite-dentreprise-decouvrez-les-chiffres-cles-2025\/#primaryimage\",\"inLanguage\":\"fr-FR\",\"url\":\"https:\/\/www.entrepriseetdecouverte.fr\/espace-pro\/wp-content\/uploads\/sites\/2\/2025\/07\/ed_couverture-observatoire-2025.jpg\",\"contentUrl\":\"https:\/\/www.entrepriseetdecouverte.fr\/espace-pro\/wp-content\/uploads\/sites\/2\/2025\/07\/ed_couverture-observatoire-2025.jpg\",\"width\":1000,\"height\":1414},{\"@type\":\"WebPage\",\"@id\":\"https:\/\/www.entrepriseetdecouverte.fr\/espace-pro\/2025\/07\/18\/observatoire-de-la-visite-dentreprise-decouvrez-les-chiffres-cles-2025\/#webpage\",\"url\":\"https:\/\/www.entrepriseetdecouverte.fr\/espace-pro\/2025\/07\/18\/observatoire-de-la-visite-dentreprise-decouvrez-les-chiffres-cles-2025\/\",\"name\":\"Observatoire 2025 de la visite d'entreprise - Entreprise et D\\u00e9couverte\",\"isPartOf\":{\"@id\":\"https:\/\/www.entrepriseetdecouverte.fr\/espace-pro\/#website\"},\"primaryImageOfPage\":{\"@id\":\"https:\/\/www.entrepriseetdecouverte.fr\/espace-pro\/2025\/07\/18\/observatoire-de-la-visite-dentreprise-decouvrez-les-chiffres-cles-2025\/#primaryimage\"},\"datePublished\":\"2025-07-18T12:24:02+00:00\",\"dateModified\":\"2025-07-18T12:29:39+00:00\",\"author\":{\"@id\":\"https:\/\/www.entrepriseetdecouverte.fr\/espace-pro\/#\/schema\/person\/3d44b5b8d54214a33448e027b455cd0f\"},\"description\":\"Dans le cadre de ses missions de communication, Entreprise et D\\u00e9couverte r\\u00e9alise tous les 2 ans un observatoire de la visite d\\u2019entreprise en France. Des chiffres cl\\u00e9s qui permettent de mesurer l'\\u00e9volution et les grandes tendances de la fili\\u00e8re, au national et dans les r\\u00e9gions.\",\"breadcrumb\":{\"@id\":\"https:\/\/www.entrepriseetdecouverte.fr\/espace-pro\/2025\/07\/18\/observatoire-de-la-visite-dentreprise-decouvrez-les-chiffres-cles-2025\/#breadcrumb\"},\"inLanguage\":\"fr-FR\",\"potentialAction\":[{\"@type\":\"ReadAction\",\"target\":[\"https:\/\/www.entrepriseetdecouverte.fr\/espace-pro\/2025\/07\/18\/observatoire-de-la-visite-dentreprise-decouvrez-les-chiffres-cles-2025\/\"]}]},{\"@type\":\"BreadcrumbList\",\"@id\":\"https:\/\/www.entrepriseetdecouverte.fr\/espace-pro\/2025\/07\/18\/observatoire-de-la-visite-dentreprise-decouvrez-les-chiffres-cles-2025\/#breadcrumb\",\"itemListElement\":[{\"@type\":\"ListItem\",\"position\":1,\"name\":\"Accueil\",\"item\":\"https:\/\/www.entrepriseetdecouverte.fr\/espace-pro\/\"},{\"@type\":\"ListItem\",\"position\":2,\"name\":\"Observatoire de la visite d&rsquo;entreprise : d\\u00e9couvrez les chiffres cl\\u00e9s 2025 !\"}]},{\"@type\":\"Person\",\"@id\":\"https:\/\/www.entrepriseetdecouverte.fr\/espace-pro\/#\/schema\/person\/3d44b5b8d54214a33448e027b455cd0f\",\"name\":\"Marie\",\"image\":{\"@type\":\"ImageObject\",\"@id\":\"https:\/\/www.entrepriseetdecouverte.fr\/espace-pro\/#personlogo\",\"inLanguage\":\"fr-FR\",\"url\":\"https:\/\/secure.gravatar.com\/avatar\/2e9d67b0921e033d3b5a8d9435cb686e?s=96&d=mm&r=g\",\"contentUrl\":\"https:\/\/secure.gravatar.com\/avatar\/2e9d67b0921e033d3b5a8d9435cb686e?s=96&d=mm&r=g\",\"caption\":\"Marie\"},\"url\":\"https:\/\/www.entrepriseetdecouverte.fr\/espace-pro\/author\/marie\/\"}]}<\/script>\n<!-- \/ Yoast SEO plugin. -->","yoast_head_json":{"description":"Dans le cadre de ses missions de communication, Entreprise et D\u00e9couverte r\u00e9alise tous les 2 ans un observatoire de la visite d\u2019entreprise en France. Des chiffres cl\u00e9s qui permettent de mesurer l'\u00e9volution et les grandes tendances de la fili\u00e8re, au national et dans les r\u00e9gions.","robots":{"index":"index","follow":"follow","max-snippet":"max-snippet:-1","max-image-preview":"max-image-preview:large","max-video-preview":"max-video-preview:-1"},"canonical":"https:\/\/www.entrepriseetdecouverte.fr\/espace-pro\/2025\/07\/18\/observatoire-de-la-visite-dentreprise-decouvrez-les-chiffres-cles-2025\/","og_locale":"fr_FR","og_type":"article","og_title":"Observatoire 2025 de la visite d'entreprise - Entreprise et D\u00e9couverte","og_description":"Dans le cadre de ses missions de communication, Entreprise et D\u00e9couverte r\u00e9alise tous les 2 ans un observatoire de la visite d\u2019entreprise en France. Des chiffres cl\u00e9s qui permettent de mesurer l'\u00e9volution et les grandes tendances de la fili\u00e8re, au national et dans les r\u00e9gions.","og_url":"https:\/\/www.entrepriseetdecouverte.fr\/espace-pro\/2025\/07\/18\/observatoire-de-la-visite-dentreprise-decouvrez-les-chiffres-cles-2025\/","og_site_name":"Espace Pro","article_published_time":"2025-07-18T12:24:02+00:00","article_modified_time":"2025-07-18T12:29:39+00:00","og_image":[{"width":1000,"height":1414,"url":"https:\/\/www.entrepriseetdecouverte.fr\/espace-pro\/wp-content\/uploads\/sites\/2\/2025\/07\/ed_couverture-observatoire-2025.jpg","type":"image\/jpeg"}],"twitter_card":"summary_large_image","twitter_misc":{"\u00c9crit par":"Marie","Dur\u00e9e de lecture estim\u00e9e":"4 minutes"},"schema":{"@context":"https:\/\/schema.org","@graph":[{"@type":"WebSite","@id":"https:\/\/www.entrepriseetdecouverte.fr\/espace-pro\/#website","url":"https:\/\/www.entrepriseetdecouverte.fr\/espace-pro\/","name":"Espace Pro","description":"Un site utilisant Entreprise et D\u00e9couverte Sites","potentialAction":[{"@type":"SearchAction","target":{"@type":"EntryPoint","urlTemplate":"https:\/\/www.entrepriseetdecouverte.fr\/espace-pro\/?s={search_term_string}"},"query-input":"required name=search_term_string"}],"inLanguage":"fr-FR"},{"@type":"ImageObject","@id":"https:\/\/www.entrepriseetdecouverte.fr\/espace-pro\/2025\/07\/18\/observatoire-de-la-visite-dentreprise-decouvrez-les-chiffres-cles-2025\/#primaryimage","inLanguage":"fr-FR","url":"https:\/\/www.entrepriseetdecouverte.fr\/espace-pro\/wp-content\/uploads\/sites\/2\/2025\/07\/ed_couverture-observatoire-2025.jpg","contentUrl":"https:\/\/www.entrepriseetdecouverte.fr\/espace-pro\/wp-content\/uploads\/sites\/2\/2025\/07\/ed_couverture-observatoire-2025.jpg","width":1000,"height":1414},{"@type":"WebPage","@id":"https:\/\/www.entrepriseetdecouverte.fr\/espace-pro\/2025\/07\/18\/observatoire-de-la-visite-dentreprise-decouvrez-les-chiffres-cles-2025\/#webpage","url":"https:\/\/www.entrepriseetdecouverte.fr\/espace-pro\/2025\/07\/18\/observatoire-de-la-visite-dentreprise-decouvrez-les-chiffres-cles-2025\/","name":"Observatoire 2025 de la visite d'entreprise - Entreprise et D\u00e9couverte","isPartOf":{"@id":"https:\/\/www.entrepriseetdecouverte.fr\/espace-pro\/#website"},"primaryImageOfPage":{"@id":"https:\/\/www.entrepriseetdecouverte.fr\/espace-pro\/2025\/07\/18\/observatoire-de-la-visite-dentreprise-decouvrez-les-chiffres-cles-2025\/#primaryimage"},"datePublished":"2025-07-18T12:24:02+00:00","dateModified":"2025-07-18T12:29:39+00:00","author":{"@id":"https:\/\/www.entrepriseetdecouverte.fr\/espace-pro\/#\/schema\/person\/3d44b5b8d54214a33448e027b455cd0f"},"description":"Dans le cadre de ses missions de communication, Entreprise et D\u00e9couverte r\u00e9alise tous les 2 ans un observatoire de la visite d\u2019entreprise en France. Des chiffres cl\u00e9s qui permettent de mesurer l'\u00e9volution et les grandes tendances de la fili\u00e8re, au national et dans les r\u00e9gions.","breadcrumb":{"@id":"https:\/\/www.entrepriseetdecouverte.fr\/espace-pro\/2025\/07\/18\/observatoire-de-la-visite-dentreprise-decouvrez-les-chiffres-cles-2025\/#breadcrumb"},"inLanguage":"fr-FR","potentialAction":[{"@type":"ReadAction","target":["https:\/\/www.entrepriseetdecouverte.fr\/espace-pro\/2025\/07\/18\/observatoire-de-la-visite-dentreprise-decouvrez-les-chiffres-cles-2025\/"]}]},{"@type":"BreadcrumbList","@id":"https:\/\/www.entrepriseetdecouverte.fr\/espace-pro\/2025\/07\/18\/observatoire-de-la-visite-dentreprise-decouvrez-les-chiffres-cles-2025\/#breadcrumb","itemListElement":[{"@type":"ListItem","position":1,"name":"Accueil","item":"https:\/\/www.entrepriseetdecouverte.fr\/espace-pro\/"},{"@type":"ListItem","position":2,"name":"Observatoire de la visite d&rsquo;entreprise : d\u00e9couvrez les chiffres cl\u00e9s 2025 !"}]},{"@type":"Person","@id":"https:\/\/www.entrepriseetdecouverte.fr\/espace-pro\/#\/schema\/person\/3d44b5b8d54214a33448e027b455cd0f","name":"Marie","image":{"@type":"ImageObject","@id":"https:\/\/www.entrepriseetdecouverte.fr\/espace-pro\/#personlogo","inLanguage":"fr-FR","url":"https:\/\/secure.gravatar.com\/avatar\/2e9d67b0921e033d3b5a8d9435cb686e?s=96&d=mm&r=g","contentUrl":"https:\/\/secure.gravatar.com\/avatar\/2e9d67b0921e033d3b5a8d9435cb686e?s=96&d=mm&r=g","caption":"Marie"},"url":"https:\/\/www.entrepriseetdecouverte.fr\/espace-pro\/author\/marie\/"}]}},"_links":{"self":[{"href":"https:\/\/www.entrepriseetdecouverte.fr\/espace-pro\/wp-json\/wp\/v2\/posts\/72007"}],"collection":[{"href":"https:\/\/www.entrepriseetdecouverte.fr\/espace-pro\/wp-json\/wp\/v2\/posts"}],"about":[{"href":"https:\/\/www.entrepriseetdecouverte.fr\/espace-pro\/wp-json\/wp\/v2\/types\/post"}],"author":[{"embeddable":true,"href":"https:\/\/www.entrepriseetdecouverte.fr\/espace-pro\/wp-json\/wp\/v2\/users\/1160"}],"replies":[{"embeddable":true,"href":"https:\/\/www.entrepriseetdecouverte.fr\/espace-pro\/wp-json\/wp\/v2\/comments?post=72007"}],"version-history":[{"count":11,"href":"https:\/\/www.entrepriseetdecouverte.fr\/espace-pro\/wp-json\/wp\/v2\/posts\/72007\/revisions"}],"predecessor-version":[{"id":72056,"href":"https:\/\/www.entrepriseetdecouverte.fr\/espace-pro\/wp-json\/wp\/v2\/posts\/72007\/revisions\/72056"}],"wp:featuredmedia":[{"embeddable":true,"href":"https:\/\/www.entrepriseetdecouverte.fr\/espace-pro\/wp-json\/wp\/v2\/media\/71942"}],"wp:attachment":[{"href":"https:\/\/www.entrepriseetdecouverte.fr\/espace-pro\/wp-json\/wp\/v2\/media?parent=72007"}],"wp:term":[{"taxonomy":"category","embeddable":true,"href":"https:\/\/www.entrepriseetdecouverte.fr\/espace-pro\/wp-json\/wp\/v2\/categories?post=72007"},{"taxonomy":"post_tag","embeddable":true,"href":"https:\/\/www.entrepriseetdecouverte.fr\/espace-pro\/wp-json\/wp\/v2\/tags?post=72007"}],"curies":[{"name":"wp","href":"https:\/\/api.w.org\/{rel}","templated":true}]}}