{"id":71486,"date":"2025-06-03T14:40:03","date_gmt":"2025-06-03T12:40:03","guid":{"rendered":"https:\/\/www.entrepriseetdecouverte.fr\/espace-pro\/?p=71486"},"modified":"2025-07-24T12:25:36","modified_gmt":"2025-07-24T10:25:36","slug":"routard-de-la-visite-dentreprise-un-beau-succes-mediatique","status":"publish","type":"post","link":"https:\/\/www.entrepriseetdecouverte.fr\/espace-pro\/2025\/06\/03\/routard-de-la-visite-dentreprise-un-beau-succes-mediatique\/","title":{"rendered":"Routard de la Visite d&rsquo;Entreprise, un beau succ\u00e8s m\u00e9diatique !"},"content":{"rendered":"\n<h3>\ud83c\udfaf Le Routard de la Visite d&rsquo;Entreprise, un guide th\u00e9matique \u00e0 succ\u00e8s <\/h3>\n\n\n\n<p class=\"is-style-normal\">Fruit du partenariat entre Entreprise et D\u00e9couverte, le Routard et Hachette, le Guide du Routard de la Visite d&rsquo;Entreprise a \u00e9t\u00e9 <strong>publi\u00e9 pour la premi\u00e8re fois en 2016.<\/strong> <\/p>\n\n\n\n<p class=\"is-style-normal\"><strong>100% consacr\u00e9 \u00e0 la visite d&rsquo;entreprise, ce titre th\u00e9matique met en avant une s\u00e9lection de 450 entreprises en France<\/strong>, qui ouvrent leurs portes tout au long de l&rsquo;ann\u00e9e dans le cadre de visites guid\u00e9es. Pour les entreprises, ces visites sont un formidable outil de communication directe avec le grand public, et la d\u00e9monstration in situ de leurs engagements et leur savoir-faire. Pour les visiteurs, c&rsquo;est l&rsquo;occasion de d\u00e9couvrir des univers insoup\u00e7onn\u00e9s et <strong>la richesse de notre patrimoine \u00e9conomique. <\/strong><\/p>\n\n\n\n<p class=\"is-style-normal\">Les entreprises s\u00e9lectionn\u00e9es dans ce Routard <strong>r\u00e9pondent \u00e0 des crit\u00e8res de qualit\u00e9,<\/strong> et proposent des visites guid\u00e9es culturelles, au coeur de la production. Cette \u00e9dition 2025 est plus qu&rsquo;une simple r\u00e9\u00e9dition, puisqu&rsquo;environ <strong>40% de nouvelles entreprises ont fait leur entr\u00e9e dans ce nouveau titre ! <\/strong><\/p>\n\n\n\n<figure class=\"wp-block-gallery columns-3 is-cropped\"><ul class=\"blocks-gallery-grid\"><li class=\"blocks-gallery-item\"><figure><img loading=\"lazy\" width=\"600\" height=\"1012\" data-src=\"https:\/\/www.entrepriseetdecouverte.fr\/espace-pro\/wp-content\/uploads\/sites\/2\/2025\/06\/routard-ve-2016.jpg\" alt=\"\" data-id=\"71495\" data-full-url=\"https:\/\/www.entrepriseetdecouverte.fr\/espace-pro\/wp-content\/uploads\/sites\/2\/2025\/06\/routard-ve-2016.jpg\" data-link=\"https:\/\/www.entrepriseetdecouverte.fr\/espace-pro\/?attachment_id=71495\" class=\"wp-image-71495\" data-srcset=\"https:\/\/www.entrepriseetdecouverte.fr\/espace-pro\/wp-content\/uploads\/sites\/2\/2025\/06\/routard-ve-2016.jpg 600w, https:\/\/www.entrepriseetdecouverte.fr\/espace-pro\/wp-content\/uploads\/sites\/2\/2025\/06\/routard-ve-2016-356x600.jpg 356w, https:\/\/www.entrepriseetdecouverte.fr\/espace-pro\/wp-content\/uploads\/sites\/2\/2025\/06\/routard-ve-2016-534x900.jpg 534w, https:\/\/www.entrepriseetdecouverte.fr\/espace-pro\/wp-content\/uploads\/sites\/2\/2025\/06\/routard-ve-2016-200x337.jpg 200w, https:\/\/www.entrepriseetdecouverte.fr\/espace-pro\/wp-content\/uploads\/sites\/2\/2025\/06\/routard-ve-2016-36x60.jpg 36w\" sizes=\"(max-width: 600px) 100vw, 600px\" \/><\/figure><\/li><li class=\"blocks-gallery-item\"><figure><img loading=\"lazy\" width=\"306\" height=\"512\" data-src=\"https:\/\/www.entrepriseetdecouverte.fr\/espace-pro\/wp-content\/uploads\/sites\/2\/2025\/06\/routard-ve-2019.jpg\" alt=\"\" data-id=\"71496\" data-full-url=\"https:\/\/www.entrepriseetdecouverte.fr\/espace-pro\/wp-content\/uploads\/sites\/2\/2025\/06\/routard-ve-2019.jpg\" data-link=\"https:\/\/www.entrepriseetdecouverte.fr\/espace-pro\/?attachment_id=71496\" class=\"wp-image-71496\" data-srcset=\"https:\/\/www.entrepriseetdecouverte.fr\/espace-pro\/wp-content\/uploads\/sites\/2\/2025\/06\/routard-ve-2019.jpg 306w, https:\/\/www.entrepriseetdecouverte.fr\/espace-pro\/wp-content\/uploads\/sites\/2\/2025\/06\/routard-ve-2019-200x335.jpg 200w, https:\/\/www.entrepriseetdecouverte.fr\/espace-pro\/wp-content\/uploads\/sites\/2\/2025\/06\/routard-ve-2019-36x60.jpg 36w\" sizes=\"(max-width: 306px) 100vw, 306px\" \/><\/figure><\/li><li class=\"blocks-gallery-item\"><figure><img loading=\"lazy\" width=\"404\" height=\"675\" data-src=\"https:\/\/www.entrepriseetdecouverte.fr\/espace-pro\/wp-content\/uploads\/sites\/2\/2025\/06\/routard-ve-2025.jpg\" alt=\"\" data-id=\"71497\" data-full-url=\"https:\/\/www.entrepriseetdecouverte.fr\/espace-pro\/wp-content\/uploads\/sites\/2\/2025\/06\/routard-ve-2025.jpg\" data-link=\"https:\/\/www.entrepriseetdecouverte.fr\/espace-pro\/?attachment_id=71497\" class=\"wp-image-71497\" data-srcset=\"https:\/\/www.entrepriseetdecouverte.fr\/espace-pro\/wp-content\/uploads\/sites\/2\/2025\/06\/routard-ve-2025.jpg 404w, https:\/\/www.entrepriseetdecouverte.fr\/espace-pro\/wp-content\/uploads\/sites\/2\/2025\/06\/routard-ve-2025-359x600.jpg 359w, https:\/\/www.entrepriseetdecouverte.fr\/espace-pro\/wp-content\/uploads\/sites\/2\/2025\/06\/routard-ve-2025-200x334.jpg 200w, https:\/\/www.entrepriseetdecouverte.fr\/espace-pro\/wp-content\/uploads\/sites\/2\/2025\/06\/routard-ve-2025-36x60.jpg 36w\" sizes=\"(max-width: 404px) 100vw, 404px\" \/><\/figure><\/li><\/ul><\/figure>\n\n\n\n<p class=\"is-style-normal\" style=\"font-size:12px\"><em>La collection des Routard Visite d&rsquo;Entreprise, 2016, 2019 et 2025<\/em><\/p>\n\n\n\n<h3>\ud83d\udcf0  Les m\u00e9dias en parle ! <\/h3>\n\n\n\n<h4>\ud83d\udcfa <strong>Presse TV<\/strong> et radio <\/h4>\n\n\n\n<div class=\"wp-block-media-text alignwide is-stacked-on-mobile\"><figure class=\"wp-block-media-text__media\"><img loading=\"lazy\" width=\"800\" height=\"450\" data-src=\"https:\/\/www.entrepriseetdecouverte.fr\/espace-pro\/wp-content\/uploads\/sites\/2\/2025\/06\/telematin-mai-2025.jpg\" alt=\"\" class=\"wp-image-71525 size-full\" data-srcset=\"https:\/\/www.entrepriseetdecouverte.fr\/espace-pro\/wp-content\/uploads\/sites\/2\/2025\/06\/telematin-mai-2025.jpg 800w, https:\/\/www.entrepriseetdecouverte.fr\/espace-pro\/wp-content\/uploads\/sites\/2\/2025\/06\/telematin-mai-2025-600x338.jpg 600w, https:\/\/www.entrepriseetdecouverte.fr\/espace-pro\/wp-content\/uploads\/sites\/2\/2025\/06\/telematin-mai-2025-200x113.jpg 200w, https:\/\/www.entrepriseetdecouverte.fr\/espace-pro\/wp-content\/uploads\/sites\/2\/2025\/06\/telematin-mai-2025-107x60.jpg 107w\" sizes=\"(max-width: 800px) 100vw, 800px\" \/><\/figure><div class=\"wp-block-media-text__content\">\n<ul><li><strong>France 2, T\u00e9l\u00e9matin<\/strong><\/li><\/ul>\n\n\n\n<p class=\"is-style-normal\">Gavin&rsquo;s Clemente Ruiz, secr\u00e9taire g\u00e9n\u00e9ral du Routard, \u00e9tait l&rsquo;invit\u00e9 de Flavie Flament et Julien Arnaud dans l&rsquo;\u00e9mission T\u00e9l\u00e9matin sur France 2, o\u00f9 il a pu pr\u00e9senter quelques-unes de ses visites favorites !<\/p>\n\n\n\n<p class=\"is-style-normal\"><strong>&gt; Emission du 28 mai 2025, replay <a href=\"https:\/\/www.france.tv\/france-2\/telematin\/7169228-emission-du-mercredi-28-mai-2025.html\" target=\"_blank\" rel=\"noreferrer noopener\">ici<\/a><\/strong><\/p>\n<\/div><\/div>\n\n\n\n<div class=\"wp-block-media-text alignwide is-stacked-on-mobile\"><figure class=\"wp-block-media-text__media\"><img loading=\"lazy\" width=\"1200\" height=\"661\" data-src=\"https:\/\/www.entrepriseetdecouverte.fr\/espace-pro\/wp-content\/uploads\/sites\/2\/2025\/06\/m6_la-grande-semaine_10mai2025-1200x661.png\" alt=\"\" class=\"wp-image-71542 size-full\" data-srcset=\"https:\/\/www.entrepriseetdecouverte.fr\/espace-pro\/wp-content\/uploads\/sites\/2\/2025\/06\/m6_la-grande-semaine_10mai2025-1200x661.png 1200w, https:\/\/www.entrepriseetdecouverte.fr\/espace-pro\/wp-content\/uploads\/sites\/2\/2025\/06\/m6_la-grande-semaine_10mai2025-600x331.png 600w, https:\/\/www.entrepriseetdecouverte.fr\/espace-pro\/wp-content\/uploads\/sites\/2\/2025\/06\/m6_la-grande-semaine_10mai2025-900x496.png 900w, https:\/\/www.entrepriseetdecouverte.fr\/espace-pro\/wp-content\/uploads\/sites\/2\/2025\/06\/m6_la-grande-semaine_10mai2025-1536x846.png 1536w, https:\/\/www.entrepriseetdecouverte.fr\/espace-pro\/wp-content\/uploads\/sites\/2\/2025\/06\/m6_la-grande-semaine_10mai2025-200x110.png 200w, https:\/\/www.entrepriseetdecouverte.fr\/espace-pro\/wp-content\/uploads\/sites\/2\/2025\/06\/m6_la-grande-semaine_10mai2025-109x60.png 109w, https:\/\/www.entrepriseetdecouverte.fr\/espace-pro\/wp-content\/uploads\/sites\/2\/2025\/06\/m6_la-grande-semaine_10mai2025.png 1888w\" sizes=\"(max-width: 1200px) 100vw, 1200px\" \/><\/figure><div class=\"wp-block-media-text__content\">\n<ul><li><strong>M6, La Grande Semaine<\/strong><\/li><\/ul>\n\n\n\n<p class=\"is-style-normal\">Gavin&rsquo;s Clemente Ruiz, secr\u00e9taire g\u00e9n\u00e9ral du Routard, \u00e9tait l&rsquo;invit\u00e9 d&rsquo;Oph\u00e9lie Meunier dans l&rsquo;\u00e9mission \u00ab\u00a0La Grande Semaine\u00a0\u00bb diffus\u00e9e sur M6. L&rsquo;occasion de parler du Routard Visite d&rsquo;Entreprise en avant-premi\u00e8re avant sa sortie. A partir de 14&rsquo;41\u00a0\u00bb. <\/p>\n\n\n\n<p class=\"is-style-normal\"><strong>&gt; Emission du 10 mai 2025, replay <a href=\"https:\/\/www.m6.fr\/la-grande-semaine-p_25643\/emission-27-c_13123196\" target=\"_blank\" rel=\"noreferrer noopener\">ici<\/a> <\/strong><em>(\u00e0 partir de 14&rsquo;41\u00a0\u00bb)<\/em><\/p>\n<\/div><\/div>\n\n\n\n<div class=\"wp-block-media-text alignwide has-media-on-the-right is-stacked-on-mobile\"><figure class=\"wp-block-media-text__media\"><img loading=\"lazy\" width=\"1148\" height=\"542\" data-src=\"https:\/\/www.entrepriseetdecouverte.fr\/espace-pro\/wp-content\/uploads\/sites\/2\/2025\/06\/france-info_mai-2025.2.png\" alt=\"\" class=\"wp-image-71829 size-full\" data-srcset=\"https:\/\/www.entrepriseetdecouverte.fr\/espace-pro\/wp-content\/uploads\/sites\/2\/2025\/06\/france-info_mai-2025.2.png 1148w, https:\/\/www.entrepriseetdecouverte.fr\/espace-pro\/wp-content\/uploads\/sites\/2\/2025\/06\/france-info_mai-2025.2-600x283.png 600w, https:\/\/www.entrepriseetdecouverte.fr\/espace-pro\/wp-content\/uploads\/sites\/2\/2025\/06\/france-info_mai-2025.2-900x425.png 900w, https:\/\/www.entrepriseetdecouverte.fr\/espace-pro\/wp-content\/uploads\/sites\/2\/2025\/06\/france-info_mai-2025.2-200x94.png 200w, https:\/\/www.entrepriseetdecouverte.fr\/espace-pro\/wp-content\/uploads\/sites\/2\/2025\/06\/france-info_mai-2025.2-127x60.png 127w\" sizes=\"(max-width: 1148px) 100vw, 1148px\" \/><\/figure><div class=\"wp-block-media-text__content\">\n<ul><li><strong>France Info, \u00e9mission \u00ab\u00a0C&rsquo;est mon week-end\u00a0\u00bb <\/strong><\/li><\/ul>\n\n\n\n<p class=\"is-style-normal\">C\u00e9cile Pierre, d\u00e9l\u00e9gu\u00e9e g\u00e9n\u00e9rale d&rsquo;Entreprise et D\u00e9couverte, \u00e9tait l&rsquo;invit\u00e9e d&rsquo;Ingrid Pohu dans l&rsquo;\u00e9mission \u00ab\u00a0C&rsquo;est mon week-end\u00a0\u00bb \u00e0 l&rsquo;occasion de la sortie du nouveau Routard de la Visite d&rsquo;Entreprise. Avec les t\u00e9moignages de Philippe Gloaguen, co-fondateur du Routard, et Xavier Delerue, responsable du p\u00f4le P\u00e9dagogie et Patrimoine d&rsquo;EDF. <\/p>\n\n\n\n<p class=\"is-style-normal\"><strong>&gt; Emission du 24 mai 2025, replay <a href=\"https:\/\/www.franceinfo.fr\/replay-radio\/c-est-mon-week-end\/pourquoi-ne-pas-visiter-une-entreprise-en-activite_7259664.html\" target=\"_blank\" rel=\"noreferrer noopener\">ici<\/a> <\/strong><\/p>\n<\/div><\/div>\n\n\n\n<div class=\"wp-block-media-text alignwide has-media-on-the-right is-stacked-on-mobile\"><figure class=\"wp-block-media-text__media\"><img loading=\"lazy\" width=\"1083\" height=\"615\" data-src=\"https:\/\/www.entrepriseetdecouverte.fr\/espace-pro\/wp-content\/uploads\/sites\/2\/2025\/06\/ici_france-bleu_emmanuelle-bauquis_juin-2025.png\" alt=\"\" class=\"wp-image-71825 size-full\" data-srcset=\"https:\/\/www.entrepriseetdecouverte.fr\/espace-pro\/wp-content\/uploads\/sites\/2\/2025\/06\/ici_france-bleu_emmanuelle-bauquis_juin-2025.png 1083w, https:\/\/www.entrepriseetdecouverte.fr\/espace-pro\/wp-content\/uploads\/sites\/2\/2025\/06\/ici_france-bleu_emmanuelle-bauquis_juin-2025-600x341.png 600w, https:\/\/www.entrepriseetdecouverte.fr\/espace-pro\/wp-content\/uploads\/sites\/2\/2025\/06\/ici_france-bleu_emmanuelle-bauquis_juin-2025-900x511.png 900w, https:\/\/www.entrepriseetdecouverte.fr\/espace-pro\/wp-content\/uploads\/sites\/2\/2025\/06\/ici_france-bleu_emmanuelle-bauquis_juin-2025-200x114.png 200w, https:\/\/www.entrepriseetdecouverte.fr\/espace-pro\/wp-content\/uploads\/sites\/2\/2025\/06\/ici_france-bleu_emmanuelle-bauquis_juin-2025-106x60.png 106w\" sizes=\"(max-width: 1083px) 100vw, 1083px\" \/><\/figure><div class=\"wp-block-media-text__content\">\n<ul><li><strong>Ici, \u00e9mission \u00ab\u00a0Ma France<\/strong>, <strong>le Journal des r\u00e9gions\u00a0\u00bb<\/strong><\/li><\/ul>\n\n\n\n<p class=\"is-style-normal\">Emmanuelle Bauquis, auteure du Routard de la Visite d&rsquo;Entreprise, \u00e9tait l&rsquo;invit\u00e9e de Manuelle Calmat dans l&rsquo;\u00e9mission \u00ab\u00a0Ma France, le Journal des R\u00e9gions\u00a0\u00bb. Avec les t\u00e9moignages de Corinne Sellier de la Biscuiterie de l&rsquo;Abbaye et  de Claire Jubert, de la Monnaie de Paris. <\/p>\n\n\n\n<p class=\"is-style-normal\"><strong>&gt; Emission du 10 juin 2025, replay <a href=\"https:\/\/www.radiofrance.fr\/francebleu\/podcasts\/ma-france-le-journal-des-regions\/le-tourisme-d-entreprise-peut-reveiller-des-vocations-explique-emmanuelle-bauquis-autrice-d-un-guide-au-routard-7391707\" target=\"_blank\" rel=\"noreferrer noopener\">ici<\/a><\/strong> <\/p>\n<\/div><\/div>\n\n\n\n<h4>\ud83c\udf99 Presse nationale et r\u00e9gionale<\/h4>\n\n\n\n<div class=\"wp-block-columns alignfull\">\n<div class=\"wp-block-column\">\n<h4> <a href=\"https:\/\/www.ouest-france.fr\/tourisme\/450-entreprises-partout-en-france-ce-que-contient-le-nouveau-routard-de-la-visite-dentreprise-962d747e-2fe6-11f0-a780-38f15a8a5638\" target=\"_blank\" rel=\"noreferrer noopener\">Ouest France<\/a>, le 13 mai  <\/h4>\n\n\n\n<figure class=\"wp-block-image size-full is-style-default\"><img loading=\"lazy\" width=\"597\" height=\"695\" data-src=\"https:\/\/www.entrepriseetdecouverte.fr\/espace-pro\/wp-content\/uploads\/sites\/2\/2025\/06\/capture-decran-2025-06-03-125648-1.png\" alt=\"\" class=\"wp-image-71566\" data-srcset=\"https:\/\/www.entrepriseetdecouverte.fr\/espace-pro\/wp-content\/uploads\/sites\/2\/2025\/06\/capture-decran-2025-06-03-125648-1.png 597w, https:\/\/www.entrepriseetdecouverte.fr\/espace-pro\/wp-content\/uploads\/sites\/2\/2025\/06\/capture-decran-2025-06-03-125648-1-515x600.png 515w, https:\/\/www.entrepriseetdecouverte.fr\/espace-pro\/wp-content\/uploads\/sites\/2\/2025\/06\/capture-decran-2025-06-03-125648-1-200x233.png 200w, https:\/\/www.entrepriseetdecouverte.fr\/espace-pro\/wp-content\/uploads\/sites\/2\/2025\/06\/capture-decran-2025-06-03-125648-1-52x60.png 52w\" sizes=\"(max-width: 597px) 100vw, 597px\" \/><\/figure>\n<\/div>\n\n\n\n<div class=\"wp-block-column\">\n<h4>Le Figaro, le 03 juin<\/h4>\n\n\n\n<figure class=\"wp-block-image size-large is-style-default\"><img loading=\"lazy\" width=\"1022\" height=\"1200\" data-src=\"https:\/\/www.entrepriseetdecouverte.fr\/espace-pro\/wp-content\/uploads\/sites\/2\/2025\/06\/le-figaro_juin-2025-1022x1200.jpeg\" alt=\"\" class=\"wp-image-71564\" data-srcset=\"https:\/\/www.entrepriseetdecouverte.fr\/espace-pro\/wp-content\/uploads\/sites\/2\/2025\/06\/le-figaro_juin-2025-1022x1200.jpeg 1022w, https:\/\/www.entrepriseetdecouverte.fr\/espace-pro\/wp-content\/uploads\/sites\/2\/2025\/06\/le-figaro_juin-2025-511x600.jpeg 511w, https:\/\/www.entrepriseetdecouverte.fr\/espace-pro\/wp-content\/uploads\/sites\/2\/2025\/06\/le-figaro_juin-2025-767x900.jpeg 767w, https:\/\/www.entrepriseetdecouverte.fr\/espace-pro\/wp-content\/uploads\/sites\/2\/2025\/06\/le-figaro_juin-2025-200x235.jpeg 200w, https:\/\/www.entrepriseetdecouverte.fr\/espace-pro\/wp-content\/uploads\/sites\/2\/2025\/06\/le-figaro_juin-2025-51x60.jpeg 51w, https:\/\/www.entrepriseetdecouverte.fr\/espace-pro\/wp-content\/uploads\/sites\/2\/2025\/06\/le-figaro_juin-2025.jpeg 1133w\" sizes=\"(max-width: 1022px) 100vw, 1022px\" \/><\/figure>\n<\/div>\n\n\n\n<div class=\"wp-block-column\">\n<h4> <a href=\"https:\/\/www.ouest-france.fr\/pays-de-la-loire\/villeneuve-en-retz-44580\/pres-de-pornic-la-savonnerie-de-marcel-integre-le-guide-du-routard-pro-cb1060c8-407d-11f0-b3ef-649b90336114\" target=\"_blank\" rel=\"noreferrer noopener\">Ouest France<\/a>, le 04 juin <\/h4>\n\n\n\n<figure class=\"wp-block-image size-full is-style-default\"><img loading=\"lazy\" width=\"613\" height=\"737\" data-src=\"https:\/\/www.entrepriseetdecouverte.fr\/espace-pro\/wp-content\/uploads\/sites\/2\/2025\/06\/ouest-france_04-juin.png\" alt=\"\" class=\"wp-image-71681\" data-srcset=\"https:\/\/www.entrepriseetdecouverte.fr\/espace-pro\/wp-content\/uploads\/sites\/2\/2025\/06\/ouest-france_04-juin.png 613w, https:\/\/www.entrepriseetdecouverte.fr\/espace-pro\/wp-content\/uploads\/sites\/2\/2025\/06\/ouest-france_04-juin-499x600.png 499w, https:\/\/www.entrepriseetdecouverte.fr\/espace-pro\/wp-content\/uploads\/sites\/2\/2025\/06\/ouest-france_04-juin-200x240.png 200w, https:\/\/www.entrepriseetdecouverte.fr\/espace-pro\/wp-content\/uploads\/sites\/2\/2025\/06\/ouest-france_04-juin-50x60.png 50w\" sizes=\"(max-width: 613px) 100vw, 613px\" \/><\/figure>\n<\/div>\n<\/div>\n\n\n\n<div class=\"wp-block-columns alignfull\">\n<div class=\"wp-block-column\">\n<h4> Le<a href=\"https:\/\/www.lejournaldesentreprises.com\/breve\/la-societe-vosgienne-de-buyer-integre-le-guide-du-routard-de-la-visite-dentreprise-2121168\" target=\"_blank\" rel=\"noreferrer noopener\"> Journal des Entreprises<\/a>, le 06 juin <\/h4>\n\n\n\n<figure class=\"wp-block-image size-full is-style-default\"><img loading=\"lazy\" width=\"562\" height=\"785\" data-src=\"https:\/\/www.entrepriseetdecouverte.fr\/espace-pro\/wp-content\/uploads\/sites\/2\/2025\/06\/jde_juin-2025_debuyer.png\" alt=\"\" class=\"wp-image-71763\" data-srcset=\"https:\/\/www.entrepriseetdecouverte.fr\/espace-pro\/wp-content\/uploads\/sites\/2\/2025\/06\/jde_juin-2025_debuyer.png 562w, https:\/\/www.entrepriseetdecouverte.fr\/espace-pro\/wp-content\/uploads\/sites\/2\/2025\/06\/jde_juin-2025_debuyer-430x600.png 430w, https:\/\/www.entrepriseetdecouverte.fr\/espace-pro\/wp-content\/uploads\/sites\/2\/2025\/06\/jde_juin-2025_debuyer-200x279.png 200w, https:\/\/www.entrepriseetdecouverte.fr\/espace-pro\/wp-content\/uploads\/sites\/2\/2025\/06\/jde_juin-2025_debuyer-43x60.png 43w\" sizes=\"(max-width: 562px) 100vw, 562px\" \/><\/figure>\n<\/div>\n\n\n\n<div class=\"wp-block-column\"><\/div>\n\n\n\n<div class=\"wp-block-column\"><\/div>\n<\/div>\n\n\n\n<h3>\ud83d\udcf2 Le Routard sur les r\u00e9seaux sociaux<\/h3>\n\n\n\n<div class=\"wp-block-columns\">\n<div class=\"wp-block-column\" style=\"flex-basis:100%\">\n<div class=\"wp-block-columns\">\n<div class=\"wp-block-column is-vertically-aligned-top\" style=\"flex-basis:66.66%\">\n<p class=\"is-style-normal\"><\/p>\n\n\n\n<p class=\"is-style-normal\"><strong>Entreprise et D\u00e9couverte a r\u00e9alis\u00e9 un <a href=\"\/\/drive.google.com\/drive\/folders\/1V2GlwQcW-0h6jb_BEISnZ4UGICAxpSL-?usp=drive_link\" target=\"_blank\" rel=\"noreferrer noopener\">kit de communication<\/a><\/strong>, destin\u00e9 aux entreprises et aux territoires, afin de valoriser cette publication sur les r\u00e9seaux sociaux. Compos\u00e9 de visuels (macaron, bandeau) et de posts type, <strong>il permet \u00e0 chaque entreprise de valoriser sa pr\u00e9sence dans l&rsquo;ouvrage, et \u00e0 chaque territoire de relayer ses visites s\u00e9lectionn\u00e9es. <\/strong><\/p>\n\n\n\n<figure class=\"wp-block-gallery columns-1 is-cropped\"><ul class=\"blocks-gallery-grid\"><li class=\"blocks-gallery-item\"><figure><img loading=\"lazy\" width=\"846\" height=\"687\" data-src=\"https:\/\/www.entrepriseetdecouverte.fr\/espace-pro\/wp-content\/uploads\/sites\/2\/2025\/06\/post-makhila_fb.png\" alt=\"\" data-id=\"71596\" data-full-url=\"https:\/\/www.entrepriseetdecouverte.fr\/espace-pro\/wp-content\/uploads\/sites\/2\/2025\/06\/post-makhila_fb.png\" data-link=\"https:\/\/www.entrepriseetdecouverte.fr\/espace-pro\/2025\/06\/03\/routard-de-la-visite-dentreprise-un-beau-succes-mediatique\/post-makhila_fb\/\" class=\"wp-image-71596\" data-srcset=\"https:\/\/www.entrepriseetdecouverte.fr\/espace-pro\/wp-content\/uploads\/sites\/2\/2025\/06\/post-makhila_fb.png 846w, https:\/\/www.entrepriseetdecouverte.fr\/espace-pro\/wp-content\/uploads\/sites\/2\/2025\/06\/post-makhila_fb-600x487.png 600w, https:\/\/www.entrepriseetdecouverte.fr\/espace-pro\/wp-content\/uploads\/sites\/2\/2025\/06\/post-makhila_fb-200x162.png 200w, https:\/\/www.entrepriseetdecouverte.fr\/espace-pro\/wp-content\/uploads\/sites\/2\/2025\/06\/post-makhila_fb-380x310.png 380w, https:\/\/www.entrepriseetdecouverte.fr\/espace-pro\/wp-content\/uploads\/sites\/2\/2025\/06\/post-makhila_fb-74x60.png 74w\" sizes=\"(max-width: 846px) 100vw, 846px\" \/><\/figure><\/li><\/ul><\/figure>\n\n\n\n<p class=\"is-style-normal\"><\/p>\n\n\n\n<p class=\"has-text-align-left is-style-normal\"><\/p>\n<\/div>\n\n\n\n<div class=\"wp-block-column is-vertically-aligned-center\" style=\"flex-basis:40%\"><\/div>\n<\/div>\n<\/div>\n<\/div>\n\n\n\n<div class=\"wp-block-columns\">\n<div class=\"wp-block-column\"><blockquote class=\"instagram-media\" data-instgrm-permalink=\"https:\/\/www.instagram.com\/p\/DJ9j3NwtXXc\/?utm_source=ig_embed&amp;utm_campaign=loading\" data-instgrm-version=\"14\" style=\"background:#FFF;border:0;border-radius:3px;margin: 1px;max-width:540px;min-width:326px;padding:0;width:99.375%;width:-webkit-calc(100% - 2px);width:calc(100% - 2px)\">\n<div style=\"padding:16px\"> <a href=\"https:\/\/www.instagram.com\/p\/DJ9j3NwtXXc\/?utm_source=ig_embed&amp;utm_campaign=loading\" style=\"background:#FFFFFF;line-height:0;padding:0 0;text-align:center;text-decoration:none;width:100%\" target=\"_blank\" rel=\"noopener\"> <\/p>\n<div style=\"flex-direction: row;align-items: center\">\n<div style=\"background-color: #F4F4F4;border-radius: 50%;flex-grow: 0;height: 40px;margin-right: 14px;width: 40px\"><\/div>\n<div style=\"flex-direction: column;flex-grow: 1;justify-content: center\">\n<div style=\"background-color: #F4F4F4;border-radius: 4px;flex-grow: 0;height: 14px;margin-bottom: 6px;width: 100px\"><\/div>\n<div style=\"background-color: #F4F4F4;border-radius: 4px;flex-grow: 0;height: 14px;width: 60px\"><\/div>\n<\/div>\n<\/div>\n<div style=\"padding: 19% 0\"><\/div>\n<div style=\"height:50px;margin:0 auto 12px;width:50px\"><\/div>\n<div style=\"padding-top: 8px\">\n<div style=\"color:#3897f0;font-family:Arial,sans-serif;font-size:14px;font-style:normal;font-weight:550;line-height:18px\">Voir cette publication sur Instagram<\/div>\n<\/div>\n<div style=\"padding: 12.5% 0\"><\/div>\n<div style=\"flex-direction: row;margin-bottom: 14px;align-items: center\">\n<div>\n<div style=\"background-color: #F4F4F4;border-radius: 50%;height: 12.5px;width: 12.5px\"><\/div>\n<div style=\"background-color: #F4F4F4;height: 12.5px;width: 12.5px;flex-grow: 0;margin-right: 14px;margin-left: 2px\"><\/div>\n<div style=\"background-color: #F4F4F4;border-radius: 50%;height: 12.5px;width: 12.5px\"><\/div>\n<\/div>\n<div style=\"margin-left: 8px\">\n<div style=\"background-color: #F4F4F4;border-radius: 50%;flex-grow: 0;height: 20px;width: 20px\"><\/div>\n<div style=\"width: 0;height: 0;border-top: 2px solid transparent;border-left: 6px solid #f4f4f4;border-bottom: 2px solid transparent\"><\/div>\n<\/div>\n<div style=\"margin-left: auto\">\n<div style=\"width: 0px;border-top: 8px solid #F4F4F4;border-right: 8px solid transparent\"><\/div>\n<div style=\"background-color: #F4F4F4;flex-grow: 0;height: 12px;width: 16px\"><\/div>\n<div style=\"width: 0;height: 0;border-top: 8px solid #F4F4F4;border-left: 8px solid transparent\"><\/div>\n<\/div>\n<\/div>\n<div style=\"flex-direction: column;flex-grow: 1;justify-content: center;margin-bottom: 24px\">\n<div style=\"background-color: #F4F4F4;border-radius: 4px;flex-grow: 0;height: 14px;margin-bottom: 6px;width: 224px\"><\/div>\n<div style=\"background-color: #F4F4F4;border-radius: 4px;flex-grow: 0;height: 14px;width: 144px\"><\/div>\n<\/div>\n<p><\/a><\/p>\n<p style=\"color:#c9c8cd;font-family:Arial,sans-serif;font-size:14px;line-height:17px;margin-bottom:0;margin-top:8px;overflow:hidden;padding:8px 0 7px;text-align:center\"><a href=\"https:\/\/www.instagram.com\/p\/DJ9j3NwtXXc\/?utm_source=ig_embed&amp;utm_campaign=loading\" style=\"color:#c9c8cd;font-family:Arial,sans-serif;font-size:14px;font-style:normal;font-weight:normal;line-height:17px;text-decoration:none\" target=\"_blank\" rel=\"noopener\">Une publication partag\u00e9e par Haliotika &#8211; Cite\u0301 de la Pe\u0302che (@haliotika)<\/a><\/p>\n<\/div>\n<\/blockquote>\n<\/div>\n\n\n\n<div class=\"wp-block-column\"><blockquote class=\"instagram-media\" data-instgrm-permalink=\"https:\/\/www.instagram.com\/p\/DJ92XOkNHQA\/?utm_source=ig_embed&amp;utm_campaign=loading\" data-instgrm-version=\"14\" style=\"background:#FFF;border:0;border-radius:3px;margin: 1px;max-width:540px;min-width:326px;padding:0;width:99.375%;width:-webkit-calc(100% - 2px);width:calc(100% - 2px)\">\n<div style=\"padding:16px\"> <a href=\"https:\/\/www.instagram.com\/p\/DJ92XOkNHQA\/?utm_source=ig_embed&amp;utm_campaign=loading\" style=\"background:#FFFFFF;line-height:0;padding:0 0;text-align:center;text-decoration:none;width:100%\" target=\"_blank\" rel=\"noopener\"> <\/p>\n<div style=\"flex-direction: row;align-items: center\">\n<div style=\"background-color: #F4F4F4;border-radius: 50%;flex-grow: 0;height: 40px;margin-right: 14px;width: 40px\"><\/div>\n<div style=\"flex-direction: column;flex-grow: 1;justify-content: center\">\n<div style=\"background-color: #F4F4F4;border-radius: 4px;flex-grow: 0;height: 14px;margin-bottom: 6px;width: 100px\"><\/div>\n<div style=\"background-color: #F4F4F4;border-radius: 4px;flex-grow: 0;height: 14px;width: 60px\"><\/div>\n<\/div>\n<\/div>\n<div style=\"padding: 19% 0\"><\/div>\n<div style=\"height:50px;margin:0 auto 12px;width:50px\"><\/div>\n<div style=\"padding-top: 8px\">\n<div style=\"color:#3897f0;font-family:Arial,sans-serif;font-size:14px;font-style:normal;font-weight:550;line-height:18px\">Voir cette publication sur Instagram<\/div>\n<\/div>\n<div style=\"padding: 12.5% 0\"><\/div>\n<div style=\"flex-direction: row;margin-bottom: 14px;align-items: center\">\n<div>\n<div style=\"background-color: #F4F4F4;border-radius: 50%;height: 12.5px;width: 12.5px\"><\/div>\n<div style=\"background-color: #F4F4F4;height: 12.5px;width: 12.5px;flex-grow: 0;margin-right: 14px;margin-left: 2px\"><\/div>\n<div style=\"background-color: #F4F4F4;border-radius: 50%;height: 12.5px;width: 12.5px\"><\/div>\n<\/div>\n<div style=\"margin-left: 8px\">\n<div style=\"background-color: #F4F4F4;border-radius: 50%;flex-grow: 0;height: 20px;width: 20px\"><\/div>\n<div style=\"width: 0;height: 0;border-top: 2px solid transparent;border-left: 6px solid #f4f4f4;border-bottom: 2px solid transparent\"><\/div>\n<\/div>\n<div style=\"margin-left: auto\">\n<div style=\"width: 0px;border-top: 8px solid #F4F4F4;border-right: 8px solid transparent\"><\/div>\n<div style=\"background-color: #F4F4F4;flex-grow: 0;height: 12px;width: 16px\"><\/div>\n<div style=\"width: 0;height: 0;border-top: 8px solid #F4F4F4;border-left: 8px solid transparent\"><\/div>\n<\/div>\n<\/div>\n<div style=\"flex-direction: column;flex-grow: 1;justify-content: center;margin-bottom: 24px\">\n<div style=\"background-color: #F4F4F4;border-radius: 4px;flex-grow: 0;height: 14px;margin-bottom: 6px;width: 224px\"><\/div>\n<div style=\"background-color: #F4F4F4;border-radius: 4px;flex-grow: 0;height: 14px;width: 144px\"><\/div>\n<\/div>\n<p><\/a><\/p>\n<p style=\"color:#c9c8cd;font-family:Arial,sans-serif;font-size:14px;line-height:17px;margin-bottom:0;margin-top:8px;overflow:hidden;padding:8px 0 7px;text-align:center\"><a href=\"https:\/\/www.instagram.com\/p\/DJ92XOkNHQA\/?utm_source=ig_embed&amp;utm_campaign=loading\" style=\"color:#c9c8cd;font-family:Arial,sans-serif;font-size:14px;font-style:normal;font-weight:normal;line-height:17px;text-decoration:none\" target=\"_blank\" rel=\"noopener\">Une publication partag\u00e9e par La Ferme des Delices Foreziens (@lafermedesdelices.foreziens)<\/a><\/p>\n<\/div>\n<\/blockquote>\n<\/div>\n\n\n\n<div class=\"wp-block-column\"><blockquote class=\"instagram-media\" data-instgrm-permalink=\"https:\/\/www.instagram.com\/p\/DKMEwnxxHJ6\/?utm_source=ig_embed&amp;utm_campaign=loading\" data-instgrm-version=\"14\" style=\"background:#FFF;border:0;border-radius:3px;margin: 1px;max-width:540px;min-width:326px;padding:0;width:99.375%;width:-webkit-calc(100% - 2px);width:calc(100% - 2px)\">\n<div style=\"padding:16px\"> <a href=\"https:\/\/www.instagram.com\/p\/DKMEwnxxHJ6\/?utm_source=ig_embed&amp;utm_campaign=loading\" style=\"background:#FFFFFF;line-height:0;padding:0 0;text-align:center;text-decoration:none;width:100%\" target=\"_blank\" rel=\"noopener\"> <\/p>\n<div style=\"flex-direction: row;align-items: center\">\n<div style=\"background-color: #F4F4F4;border-radius: 50%;flex-grow: 0;height: 40px;margin-right: 14px;width: 40px\"><\/div>\n<div style=\"flex-direction: column;flex-grow: 1;justify-content: center\">\n<div style=\"background-color: #F4F4F4;border-radius: 4px;flex-grow: 0;height: 14px;margin-bottom: 6px;width: 100px\"><\/div>\n<div style=\"background-color: #F4F4F4;border-radius: 4px;flex-grow: 0;height: 14px;width: 60px\"><\/div>\n<\/div>\n<\/div>\n<div style=\"padding: 19% 0\"><\/div>\n<div style=\"height:50px;margin:0 auto 12px;width:50px\"><\/div>\n<div style=\"padding-top: 8px\">\n<div style=\"color:#3897f0;font-family:Arial,sans-serif;font-size:14px;font-style:normal;font-weight:550;line-height:18px\">Voir cette publication sur Instagram<\/div>\n<\/div>\n<div style=\"padding: 12.5% 0\"><\/div>\n<div style=\"flex-direction: row;margin-bottom: 14px;align-items: center\">\n<div>\n<div style=\"background-color: #F4F4F4;border-radius: 50%;height: 12.5px;width: 12.5px\"><\/div>\n<div style=\"background-color: #F4F4F4;height: 12.5px;width: 12.5px;flex-grow: 0;margin-right: 14px;margin-left: 2px\"><\/div>\n<div style=\"background-color: #F4F4F4;border-radius: 50%;height: 12.5px;width: 12.5px\"><\/div>\n<\/div>\n<div style=\"margin-left: 8px\">\n<div style=\"background-color: #F4F4F4;border-radius: 50%;flex-grow: 0;height: 20px;width: 20px\"><\/div>\n<div style=\"width: 0;height: 0;border-top: 2px solid transparent;border-left: 6px solid #f4f4f4;border-bottom: 2px solid transparent\"><\/div>\n<\/div>\n<div style=\"margin-left: auto\">\n<div style=\"width: 0px;border-top: 8px solid #F4F4F4;border-right: 8px solid transparent\"><\/div>\n<div style=\"background-color: #F4F4F4;flex-grow: 0;height: 12px;width: 16px\"><\/div>\n<div style=\"width: 0;height: 0;border-top: 8px solid #F4F4F4;border-left: 8px solid transparent\"><\/div>\n<\/div>\n<\/div>\n<div style=\"flex-direction: column;flex-grow: 1;justify-content: center;margin-bottom: 24px\">\n<div style=\"background-color: #F4F4F4;border-radius: 4px;flex-grow: 0;height: 14px;margin-bottom: 6px;width: 224px\"><\/div>\n<div style=\"background-color: #F4F4F4;border-radius: 4px;flex-grow: 0;height: 14px;width: 144px\"><\/div>\n<\/div>\n<p><\/a><\/p>\n<p style=\"color:#c9c8cd;font-family:Arial,sans-serif;font-size:14px;line-height:17px;margin-bottom:0;margin-top:8px;overflow:hidden;padding:8px 0 7px;text-align:center\"><a href=\"https:\/\/www.instagram.com\/p\/DKMEwnxxHJ6\/?utm_source=ig_embed&amp;utm_campaign=loading\" style=\"color:#c9c8cd;font-family:Arial,sans-serif;font-size:14px;font-style:normal;font-weight:normal;line-height:17px;text-decoration:none\" target=\"_blank\" rel=\"noopener\">Une publication partag\u00e9e par Moutardes Fallot (@moutardesfallot)<\/a><\/p>\n<\/div>\n<\/blockquote>\n<\/div>\n<\/div>\n\n\n\n<p class=\"is-style-normal\"><\/p>\n\n\n\n<p class=\"is-style-highlight has-medium-font-size\">\ud83d\udca1 <a href=\"\/\/drive.google.com\/drive\/folders\/1V2GlwQcW-0h6jb_BEISnZ4UGICAxpSL-?usp=drive_link\" target=\"_blank\" rel=\"noreferrer noopener\">J&rsquo;acc\u00e8de au kit de communication<\/a>  <\/p>\n\n\n\n<p class=\"is-style-normal\"><\/p>\n","protected":false},"excerpt":{"rendered":"<p>La nouvelle \u00e9dition du Guide du Routard Visite d&rsquo;Entreprise est disponible depuis le 14 mai. R\u00e9alis\u00e9 en partenariat avec Hachette et l&rsquo;\u00e9quipe du Routard, cette nouvelle \u00e9dition conna\u00eet d\u00e9j\u00e0 un beau succ\u00e8s presse et sur les r\u00e9seaux sociaux. <\/p>\n","protected":false},"author":1160,"featured_media":71525,"comment_status":"open","ping_status":"open","sticky":false,"template":"","format":"standard","meta":{"_relevanssi_hide_post":"","_relevanssi_pin_for_all":"","_relevanssi_pin_keywords":"","_relevanssi_unpin_keywords":"","_relevanssi_related_keywords":"","_relevanssi_related_include_ids":"","_relevanssi_related_exclude_ids":"","_relevanssi_related_no_append":"","_relevanssi_related_not_related":"","_relevanssi_related_posts":"61625,63002,63293,68231,62002,70156","_relevanssi_noindex_reason":""},"categories":[34],"tags":[],"yoast_head":"<!-- This site is optimized with the Yoast SEO plugin v17.4 - https:\/\/yoast.com\/wordpress\/plugins\/seo\/ -->\n<meta name=\"description\" content=\"La nouvelle \u00e9dition du Guide du Routard Visite d&#039;Entreprise est disponible depuis le 14 mai. R\u00e9alis\u00e9 en partenariat avec Hachette et l&#039;\u00e9quipe du Routard, cette nouvelle \u00e9dition conna\u00eet d\u00e9j\u00e0 un beau succ\u00e8s presse et sur les r\u00e9seaux sociaux.\" \/>\n<meta name=\"robots\" content=\"index, follow, max-snippet:-1, max-image-preview:large, max-video-preview:-1\" \/>\n<link rel=\"canonical\" href=\"https:\/\/www.entrepriseetdecouverte.fr\/espace-pro\/2025\/06\/03\/routard-de-la-visite-dentreprise-un-beau-succes-mediatique\/\" \/>\n<meta property=\"og:locale\" content=\"fr_FR\" \/>\n<meta property=\"og:type\" content=\"article\" \/>\n<meta property=\"og:title\" content=\"Le Routard Visite d&#039;Entreprise dans les m\u00e9dias ! Entreprise et D\u00e9couverte\" \/>\n<meta property=\"og:description\" content=\"La nouvelle \u00e9dition du Guide du Routard Visite d&#039;Entreprise est disponible depuis le 14 mai. R\u00e9alis\u00e9 en partenariat avec Hachette et l&#039;\u00e9quipe du Routard, cette nouvelle \u00e9dition conna\u00eet d\u00e9j\u00e0 un beau succ\u00e8s presse et sur les r\u00e9seaux sociaux.\" \/>\n<meta property=\"og:url\" content=\"https:\/\/www.entrepriseetdecouverte.fr\/espace-pro\/2025\/06\/03\/routard-de-la-visite-dentreprise-un-beau-succes-mediatique\/\" \/>\n<meta property=\"og:site_name\" content=\"Espace Pro\" \/>\n<meta property=\"article:published_time\" content=\"2025-06-03T12:40:03+00:00\" \/>\n<meta property=\"article:modified_time\" content=\"2025-07-24T10:25:36+00:00\" \/>\n<meta property=\"og:image\" content=\"https:\/\/www.entrepriseetdecouverte.fr\/espace-pro\/wp-content\/uploads\/sites\/2\/2025\/06\/telematin-mai-2025.jpg\" \/>\n\t<meta property=\"og:image:width\" content=\"800\" \/>\n\t<meta property=\"og:image:height\" content=\"450\" \/>\n<meta name=\"twitter:card\" content=\"summary_large_image\" \/>\n<meta name=\"twitter:label1\" content=\"\u00c9crit par\" \/>\n\t<meta name=\"twitter:data1\" content=\"Marie\" \/>\n\t<meta name=\"twitter:label2\" content=\"Dur\u00e9e de lecture estim\u00e9e\" \/>\n\t<meta name=\"twitter:data2\" content=\"5 minutes\" \/>\n<script type=\"application\/ld+json\" class=\"yoast-schema-graph\">{\"@context\":\"https:\/\/schema.org\",\"@graph\":[{\"@type\":\"WebSite\",\"@id\":\"https:\/\/www.entrepriseetdecouverte.fr\/espace-pro\/#website\",\"url\":\"https:\/\/www.entrepriseetdecouverte.fr\/espace-pro\/\",\"name\":\"Espace Pro\",\"description\":\"Un site utilisant Entreprise et D\\u00e9couverte Sites\",\"potentialAction\":[{\"@type\":\"SearchAction\",\"target\":{\"@type\":\"EntryPoint\",\"urlTemplate\":\"https:\/\/www.entrepriseetdecouverte.fr\/espace-pro\/?s={search_term_string}\"},\"query-input\":\"required name=search_term_string\"}],\"inLanguage\":\"fr-FR\"},{\"@type\":\"ImageObject\",\"@id\":\"https:\/\/www.entrepriseetdecouverte.fr\/espace-pro\/2025\/06\/03\/routard-de-la-visite-dentreprise-un-beau-succes-mediatique\/#primaryimage\",\"inLanguage\":\"fr-FR\",\"url\":\"https:\/\/www.entrepriseetdecouverte.fr\/espace-pro\/wp-content\/uploads\/sites\/2\/2025\/06\/telematin-mai-2025.jpg\",\"contentUrl\":\"https:\/\/www.entrepriseetdecouverte.fr\/espace-pro\/wp-content\/uploads\/sites\/2\/2025\/06\/telematin-mai-2025.jpg\",\"width\":800,\"height\":450},{\"@type\":\"WebPage\",\"@id\":\"https:\/\/www.entrepriseetdecouverte.fr\/espace-pro\/2025\/06\/03\/routard-de-la-visite-dentreprise-un-beau-succes-mediatique\/#webpage\",\"url\":\"https:\/\/www.entrepriseetdecouverte.fr\/espace-pro\/2025\/06\/03\/routard-de-la-visite-dentreprise-un-beau-succes-mediatique\/\",\"name\":\"Le Routard Visite d'Entreprise dans les m\\u00e9dias ! Entreprise et D\\u00e9couverte\",\"isPartOf\":{\"@id\":\"https:\/\/www.entrepriseetdecouverte.fr\/espace-pro\/#website\"},\"primaryImageOfPage\":{\"@id\":\"https:\/\/www.entrepriseetdecouverte.fr\/espace-pro\/2025\/06\/03\/routard-de-la-visite-dentreprise-un-beau-succes-mediatique\/#primaryimage\"},\"datePublished\":\"2025-06-03T12:40:03+00:00\",\"dateModified\":\"2025-07-24T10:25:36+00:00\",\"author\":{\"@id\":\"https:\/\/www.entrepriseetdecouverte.fr\/espace-pro\/#\/schema\/person\/3d44b5b8d54214a33448e027b455cd0f\"},\"description\":\"La nouvelle \\u00e9dition du Guide du Routard Visite d'Entreprise est disponible depuis le 14 mai. R\\u00e9alis\\u00e9 en partenariat avec Hachette et l'\\u00e9quipe du Routard, cette nouvelle \\u00e9dition conna\\u00eet d\\u00e9j\\u00e0 un beau succ\\u00e8s presse et sur les r\\u00e9seaux sociaux.\",\"breadcrumb\":{\"@id\":\"https:\/\/www.entrepriseetdecouverte.fr\/espace-pro\/2025\/06\/03\/routard-de-la-visite-dentreprise-un-beau-succes-mediatique\/#breadcrumb\"},\"inLanguage\":\"fr-FR\",\"potentialAction\":[{\"@type\":\"ReadAction\",\"target\":[\"https:\/\/www.entrepriseetdecouverte.fr\/espace-pro\/2025\/06\/03\/routard-de-la-visite-dentreprise-un-beau-succes-mediatique\/\"]}]},{\"@type\":\"BreadcrumbList\",\"@id\":\"https:\/\/www.entrepriseetdecouverte.fr\/espace-pro\/2025\/06\/03\/routard-de-la-visite-dentreprise-un-beau-succes-mediatique\/#breadcrumb\",\"itemListElement\":[{\"@type\":\"ListItem\",\"position\":1,\"name\":\"Accueil\",\"item\":\"https:\/\/www.entrepriseetdecouverte.fr\/espace-pro\/\"},{\"@type\":\"ListItem\",\"position\":2,\"name\":\"Routard de la Visite d&rsquo;Entreprise, un beau succ\\u00e8s m\\u00e9diatique !\"}]},{\"@type\":\"Person\",\"@id\":\"https:\/\/www.entrepriseetdecouverte.fr\/espace-pro\/#\/schema\/person\/3d44b5b8d54214a33448e027b455cd0f\",\"name\":\"Marie\",\"image\":{\"@type\":\"ImageObject\",\"@id\":\"https:\/\/www.entrepriseetdecouverte.fr\/espace-pro\/#personlogo\",\"inLanguage\":\"fr-FR\",\"url\":\"https:\/\/secure.gravatar.com\/avatar\/2e9d67b0921e033d3b5a8d9435cb686e?s=96&d=mm&r=g\",\"contentUrl\":\"https:\/\/secure.gravatar.com\/avatar\/2e9d67b0921e033d3b5a8d9435cb686e?s=96&d=mm&r=g\",\"caption\":\"Marie\"},\"url\":\"https:\/\/www.entrepriseetdecouverte.fr\/espace-pro\/author\/marie\/\"}]}<\/script>\n<!-- \/ Yoast SEO plugin. -->","yoast_head_json":{"description":"La nouvelle \u00e9dition du Guide du Routard Visite d'Entreprise est disponible depuis le 14 mai. R\u00e9alis\u00e9 en partenariat avec Hachette et l'\u00e9quipe du Routard, cette nouvelle \u00e9dition conna\u00eet d\u00e9j\u00e0 un beau succ\u00e8s presse et sur les r\u00e9seaux sociaux.","robots":{"index":"index","follow":"follow","max-snippet":"max-snippet:-1","max-image-preview":"max-image-preview:large","max-video-preview":"max-video-preview:-1"},"canonical":"https:\/\/www.entrepriseetdecouverte.fr\/espace-pro\/2025\/06\/03\/routard-de-la-visite-dentreprise-un-beau-succes-mediatique\/","og_locale":"fr_FR","og_type":"article","og_title":"Le Routard Visite d'Entreprise dans les m\u00e9dias ! Entreprise et D\u00e9couverte","og_description":"La nouvelle \u00e9dition du Guide du Routard Visite d'Entreprise est disponible depuis le 14 mai. R\u00e9alis\u00e9 en partenariat avec Hachette et l'\u00e9quipe du Routard, cette nouvelle \u00e9dition conna\u00eet d\u00e9j\u00e0 un beau succ\u00e8s presse et sur les r\u00e9seaux sociaux.","og_url":"https:\/\/www.entrepriseetdecouverte.fr\/espace-pro\/2025\/06\/03\/routard-de-la-visite-dentreprise-un-beau-succes-mediatique\/","og_site_name":"Espace Pro","article_published_time":"2025-06-03T12:40:03+00:00","article_modified_time":"2025-07-24T10:25:36+00:00","og_image":[{"width":800,"height":450,"url":"https:\/\/www.entrepriseetdecouverte.fr\/espace-pro\/wp-content\/uploads\/sites\/2\/2025\/06\/telematin-mai-2025.jpg","type":"image\/jpeg"}],"twitter_card":"summary_large_image","twitter_misc":{"\u00c9crit par":"Marie","Dur\u00e9e de lecture estim\u00e9e":"5 minutes"},"schema":{"@context":"https:\/\/schema.org","@graph":[{"@type":"WebSite","@id":"https:\/\/www.entrepriseetdecouverte.fr\/espace-pro\/#website","url":"https:\/\/www.entrepriseetdecouverte.fr\/espace-pro\/","name":"Espace Pro","description":"Un site utilisant Entreprise et D\u00e9couverte Sites","potentialAction":[{"@type":"SearchAction","target":{"@type":"EntryPoint","urlTemplate":"https:\/\/www.entrepriseetdecouverte.fr\/espace-pro\/?s={search_term_string}"},"query-input":"required name=search_term_string"}],"inLanguage":"fr-FR"},{"@type":"ImageObject","@id":"https:\/\/www.entrepriseetdecouverte.fr\/espace-pro\/2025\/06\/03\/routard-de-la-visite-dentreprise-un-beau-succes-mediatique\/#primaryimage","inLanguage":"fr-FR","url":"https:\/\/www.entrepriseetdecouverte.fr\/espace-pro\/wp-content\/uploads\/sites\/2\/2025\/06\/telematin-mai-2025.jpg","contentUrl":"https:\/\/www.entrepriseetdecouverte.fr\/espace-pro\/wp-content\/uploads\/sites\/2\/2025\/06\/telematin-mai-2025.jpg","width":800,"height":450},{"@type":"WebPage","@id":"https:\/\/www.entrepriseetdecouverte.fr\/espace-pro\/2025\/06\/03\/routard-de-la-visite-dentreprise-un-beau-succes-mediatique\/#webpage","url":"https:\/\/www.entrepriseetdecouverte.fr\/espace-pro\/2025\/06\/03\/routard-de-la-visite-dentreprise-un-beau-succes-mediatique\/","name":"Le Routard Visite d'Entreprise dans les m\u00e9dias ! Entreprise et D\u00e9couverte","isPartOf":{"@id":"https:\/\/www.entrepriseetdecouverte.fr\/espace-pro\/#website"},"primaryImageOfPage":{"@id":"https:\/\/www.entrepriseetdecouverte.fr\/espace-pro\/2025\/06\/03\/routard-de-la-visite-dentreprise-un-beau-succes-mediatique\/#primaryimage"},"datePublished":"2025-06-03T12:40:03+00:00","dateModified":"2025-07-24T10:25:36+00:00","author":{"@id":"https:\/\/www.entrepriseetdecouverte.fr\/espace-pro\/#\/schema\/person\/3d44b5b8d54214a33448e027b455cd0f"},"description":"La nouvelle \u00e9dition du Guide du Routard Visite d'Entreprise est disponible depuis le 14 mai. R\u00e9alis\u00e9 en partenariat avec Hachette et l'\u00e9quipe du Routard, cette nouvelle \u00e9dition conna\u00eet d\u00e9j\u00e0 un beau succ\u00e8s presse et sur les r\u00e9seaux sociaux.","breadcrumb":{"@id":"https:\/\/www.entrepriseetdecouverte.fr\/espace-pro\/2025\/06\/03\/routard-de-la-visite-dentreprise-un-beau-succes-mediatique\/#breadcrumb"},"inLanguage":"fr-FR","potentialAction":[{"@type":"ReadAction","target":["https:\/\/www.entrepriseetdecouverte.fr\/espace-pro\/2025\/06\/03\/routard-de-la-visite-dentreprise-un-beau-succes-mediatique\/"]}]},{"@type":"BreadcrumbList","@id":"https:\/\/www.entrepriseetdecouverte.fr\/espace-pro\/2025\/06\/03\/routard-de-la-visite-dentreprise-un-beau-succes-mediatique\/#breadcrumb","itemListElement":[{"@type":"ListItem","position":1,"name":"Accueil","item":"https:\/\/www.entrepriseetdecouverte.fr\/espace-pro\/"},{"@type":"ListItem","position":2,"name":"Routard de la Visite d&rsquo;Entreprise, un beau succ\u00e8s m\u00e9diatique !"}]},{"@type":"Person","@id":"https:\/\/www.entrepriseetdecouverte.fr\/espace-pro\/#\/schema\/person\/3d44b5b8d54214a33448e027b455cd0f","name":"Marie","image":{"@type":"ImageObject","@id":"https:\/\/www.entrepriseetdecouverte.fr\/espace-pro\/#personlogo","inLanguage":"fr-FR","url":"https:\/\/secure.gravatar.com\/avatar\/2e9d67b0921e033d3b5a8d9435cb686e?s=96&d=mm&r=g","contentUrl":"https:\/\/secure.gravatar.com\/avatar\/2e9d67b0921e033d3b5a8d9435cb686e?s=96&d=mm&r=g","caption":"Marie"},"url":"https:\/\/www.entrepriseetdecouverte.fr\/espace-pro\/author\/marie\/"}]}},"_links":{"self":[{"href":"https:\/\/www.entrepriseetdecouverte.fr\/espace-pro\/wp-json\/wp\/v2\/posts\/71486"}],"collection":[{"href":"https:\/\/www.entrepriseetdecouverte.fr\/espace-pro\/wp-json\/wp\/v2\/posts"}],"about":[{"href":"https:\/\/www.entrepriseetdecouverte.fr\/espace-pro\/wp-json\/wp\/v2\/types\/post"}],"author":[{"embeddable":true,"href":"https:\/\/www.entrepriseetdecouverte.fr\/espace-pro\/wp-json\/wp\/v2\/users\/1160"}],"replies":[{"embeddable":true,"href":"https:\/\/www.entrepriseetdecouverte.fr\/espace-pro\/wp-json\/wp\/v2\/comments?post=71486"}],"version-history":[{"count":89,"href":"https:\/\/www.entrepriseetdecouverte.fr\/espace-pro\/wp-json\/wp\/v2\/posts\/71486\/revisions"}],"predecessor-version":[{"id":72027,"href":"https:\/\/www.entrepriseetdecouverte.fr\/espace-pro\/wp-json\/wp\/v2\/posts\/71486\/revisions\/72027"}],"wp:featuredmedia":[{"embeddable":true,"href":"https:\/\/www.entrepriseetdecouverte.fr\/espace-pro\/wp-json\/wp\/v2\/media\/71525"}],"wp:attachment":[{"href":"https:\/\/www.entrepriseetdecouverte.fr\/espace-pro\/wp-json\/wp\/v2\/media?parent=71486"}],"wp:term":[{"taxonomy":"category","embeddable":true,"href":"https:\/\/www.entrepriseetdecouverte.fr\/espace-pro\/wp-json\/wp\/v2\/categories?post=71486"},{"taxonomy":"post_tag","embeddable":true,"href":"https:\/\/www.entrepriseetdecouverte.fr\/espace-pro\/wp-json\/wp\/v2\/tags?post=71486"}],"curies":[{"name":"wp","href":"https:\/\/api.w.org\/{rel}","templated":true}]}}