{"id":71468,"date":"2025-05-14T12:00:00","date_gmt":"2025-05-14T10:00:00","guid":{"rendered":"https:\/\/www.entrepriseetdecouverte.fr\/espace-pro\/?p=71468"},"modified":"2025-05-15T16:11:43","modified_gmt":"2025-05-15T14:11:43","slug":"nouvelle-edition-routard-visite-dentreprise","status":"publish","type":"post","link":"https:\/\/www.entrepriseetdecouverte.fr\/espace-pro\/2025\/05\/14\/nouvelle-edition-routard-visite-dentreprise\/","title":{"rendered":"Une nouvelle \u00e9dition du Routard de la Visite d&rsquo;Entreprise !"},"content":{"rendered":"\n<div class=\"wp-block-image is-style-default\"><figure class=\"aligncenter size-full is-resized\"><img loading=\"lazy\" data-src=\"https:\/\/www.entrepriseetdecouverte.fr\/wp-content\/uploads\/2025\/05\/visuel-article-routard-2025.jpg\" alt=\"\" class=\"wp-image-130683\" width=\"630\" height=\"420\"\/><\/figure><\/div>\n\n\n\n<h4>Un Guide pour explorer la France des savoir-faire<\/h4>\n\n\n\n<p class=\"is-style-normal\">Le Routard et Entreprise et D\u00e9couverte s\u2019associent \u00e0 nouveau pour vous faire d\u00e9couvrir la France \u00e0 travers ses savoir-faire ! Depuis 10 ans, <strong>l&rsquo;association est le partenaire th\u00e9matique du Routard<\/strong> pour l&rsquo;ensemble des titres th\u00e9matiques publi\u00e9s sur la visite d&rsquo;entreprise. <\/p>\n\n\n\n<p class=\"is-style-normal\"><strong>Cette 3\u00e8me \u00e9dition nationale vient enrichir une collection d\u00e9j\u00e0 bien ancr\u00e9e : <\/strong><\/p>\n\n\n\n<ul><li>2 titres nationaux publi\u00e9s en 2016 et 2019;  <\/li><li><strong>3 titres r\u00e9gionaux<\/strong> publi\u00e9s entre 20217 et 2023 : Provence-Alpes-C\u00f4te d&rsquo;Azur, Nouvelle-Aquitaine et Occitanie. <\/li><\/ul>\n\n\n\n<p class=\"is-style-normal\">Cette \u00e9dition 2025 propose une s\u00e9lection enti\u00e8rement mise \u00e0 jour, avec <strong>pr\u00e8s de 40 % de nouvelles entreprises<\/strong>. Artisans d\u2019art, PME innovantes, g\u00e9ants industriels ou entreprises familiales&#8230; <strong>toutes incarnent l\u2019excellence des savoir-faire fran\u00e7ais.<\/strong><\/p>\n\n\n\n<figure class=\"wp-block-gallery alignwide columns-3 is-cropped\"><ul class=\"blocks-gallery-grid\"><li class=\"blocks-gallery-item\"><figure><img data-src=\"https:\/\/www.entrepriseetdecouverte.fr\/wp-content\/uploads\/2025\/05\/486376112_1111623934340185_978541007609187824_n.jpg\" alt=\"\" data-id=\"130597\" data-full-url=\"https:\/\/www.entrepriseetdecouverte.fr\/wp-content\/uploads\/2025\/05\/486376112_1111623934340185_978541007609187824_n.jpg\" data-link=\"https:\/\/www.entrepriseetdecouverte.fr\/visite\/biscuiterie-du-pays-de-douarnenez\/486376112_1111623934340185_978541007609187824_n\/\" class=\"wp-image-130597\"\/><\/figure><\/li><li class=\"blocks-gallery-item\"><figure><img data-src=\"https:\/\/www.entrepriseetdecouverte.fr\/wp-content\/uploads\/2025\/04\/63bff00137455e.jpg\" alt=\"\" data-id=\"130079\" data-full-url=\"https:\/\/www.entrepriseetdecouverte.fr\/wp-content\/uploads\/2025\/04\/63bff00137455e.jpg\" data-link=\"https:\/\/www.entrepriseetdecouverte.fr\/?attachment_id=130079\" class=\"wp-image-130079\"\/><\/figure><\/li><li class=\"blocks-gallery-item\"><figure><img data-src=\"https:\/\/www.entrepriseetdecouverte.fr\/wp-content\/uploads\/2019\/07\/verrerie-la-rochere-050-800x1200.jpg\" alt=\"\" data-id=\"130617\" data-full-url=\"https:\/\/www.entrepriseetdecouverte.fr\/wp-content\/uploads\/2019\/07\/verrerie-la-rochere-050.jpg\" data-link=\"https:\/\/www.entrepriseetdecouverte.fr\/visite\/visite-verrerie-la-rochere\/verrerie-la-rochere-050\/\" class=\"wp-image-130617\"\/><\/figure><\/li><\/ul><\/figure>\n\n\n\n<p class=\"is-style-normal\" style=\"font-size:10px\"> \u00a9<em>Biscuiterie Marin Coathalem \/ Savonnerie Marius Fabre \/ Verrerie La Roch\u00e8re<\/em> <\/p>\n\n\n\n<h4>Un tourisme qui s\u00e9duit 20 millions de visiteurs par an <\/h4>\n\n\n\n<p class=\"is-style-normal\">La visite d\u2019entreprise ou tourisme de savoir-faire a le vent en poupe :&nbsp;selon les derniers chiffres de l&rsquo;observatoire Entreprise et D\u00e9couverte, <strong>plus de 3 500 entreprises fran\u00e7aises&nbsp;<\/strong>sont r\u00e9guli\u00e8rement ouvertes au public, r\u00e9parties sur tout le territoire. Et il y a de quoi faire&nbsp;: <strong>l\u2019ensemble des secteurs d\u2019activit\u00e9 sont  accessibles aux visiteurs<\/strong>, de l\u2019agriculture \u00e0 l\u2019industrie en passant par les m\u00e9tiers d\u2019art et la gastronomie. <strong>Cette nouvelle pratique culturelle, touristique et p\u00e9dagogique s\u00e9duit de plus en plus le grand public. <\/strong>Ainsi,&nbsp;<strong><a href=\"https:\/\/www.entrepriseetdecouverte.fr\/espace-pro\/lassociation\/lobservatoire\/lobservatoire-national\/\" target=\"_blank\" rel=\"noreferrer noopener\">20 millions de personnes<\/a><\/strong>&nbsp;franchissent chaque ann\u00e9e la porte d\u2019une entreprise pour une visite.<\/p>\n\n\n\n<p class=\"is-style-normal\">Envie de comprendre comment \u00e7a marche ? <strong>La visite d\u2019entreprise est l\u00e0 pour satisfaire les curiosit\u00e9s du voyageur et les interrogations du consommateur.<\/strong> Elle permet aux visiteurs de d\u00e9couvrir les&nbsp;<strong>processus de fabrication<\/strong>&nbsp;des produits de consommation et d&rsquo;explorer les&nbsp;<strong>coulisses du monde du travail<\/strong>&nbsp;dans des secteurs aussi divers que la confiserie, l\u2019\u00e9nergie, la parfumerie, le textile\u2026 Une exp\u00e9rience unique qui nous fait&nbsp;<strong>mieux comprendre le monde<\/strong>&nbsp;qui nous entoure, en rencontrant les acteurs au quotidien de notre \u00e9conomie et en mesurant <strong>l\u2019\u00e9tonnante diversit\u00e9 des savoir-faire fran\u00e7ais.<\/strong><\/p>\n\n\n\n<p class=\"is-style-normal\">Allez-y en famille&nbsp;! La visite d\u2019entreprise fait \u00e9galement conna\u00eetre aux jeunes un univers qui est \u00e0 m\u00eame d\u2019\u00e9veiller des vocations\u2026 C\u2019est un&nbsp;<strong>tourisme exp\u00e9rientiel, \u00e9ducatif et responsable<\/strong>&nbsp;gr\u00e2ce auquel les entreprises peuvent communiquer avec le public en \u00e9changeant directement avec les visiteurs.<\/p>\n\n\n\n<figure class=\"wp-block-gallery alignfull columns-2 is-cropped\"><ul class=\"blocks-gallery-grid\"><li class=\"blocks-gallery-item\"><figure><img data-src=\"https:\/\/www.entrepriseetdecouverte.fr\/wp-content\/uploads\/2019\/07\/airbus-saint-nazaire-farid-makhlouf-2022-bd-45-2.jpg\" alt=\"\" data-id=\"86055\" data-full-url=\"https:\/\/www.entrepriseetdecouverte.fr\/wp-content\/uploads\/2019\/07\/airbus-saint-nazaire-farid-makhlouf-2022-bd-45-2.jpg\" data-link=\"https:\/\/www.entrepriseetdecouverte.fr\/visite\/airbus-saint-nazaire\/airbus-saint-nazaire-farid-makhlouf-2022-bd-45-2\/\" class=\"wp-image-86055\"\/><\/figure><\/li><li class=\"blocks-gallery-item\"><figure><img data-src=\"https:\/\/www.entrepriseetdecouverte.fr\/wp-content\/uploads\/2024\/07\/manufacture-bohin-2021_julie-limont.9-edited.jpg\" alt=\"\" data-id=\"123779\" data-full-url=\"https:\/\/www.entrepriseetdecouverte.fr\/wp-content\/uploads\/2024\/07\/manufacture-bohin-2021_julie-limont.9-edited.jpg\" data-link=\"https:\/\/www.entrepriseetdecouverte.fr\/manufacture-bohin-2021_julie-limont-9-2\/\" class=\"wp-image-123779\"\/><\/figure><\/li><\/ul><\/figure>\n\n\n\n<p class=\"is-style-normal\" style=\"font-size:10px\"> <em>\u00a9Airbus Atlantic &#8211; F.Makhlouf \/ Les Ateliers Bohin &#8211; J.Limont <\/em><\/p>\n\n\n\n<div class=\"wp-block-columns\">\n<div class=\"wp-block-column\" style=\"flex-basis:33.33%\">\n<figure class=\"wp-block-image size-full is-style-default\"><img data-src=\"https:\/\/www.entrepriseetdecouverte.fr\/wp-content\/uploads\/2025\/05\/couverture_routard-2025.2-1.png\" alt=\"\" class=\"wp-image-130693\"\/><\/figure>\n<\/div>\n\n\n\n<div class=\"wp-block-column is-vertically-aligned-center\" style=\"flex-basis:66.66%\">\n<h4>\ud83d\udccd En librairie depuis le 14 mai : le Guide du Routard de la Visite d\u2019Entreprise<\/h4>\n\n\n\n<p class=\"is-style-normal\">Le <strong>Guide du Routard de la Visite d\u2019Entreprise<\/strong> est disponible d\u00e8s maintenant dans toutes les librairies et sur <a href=\"https:\/\/www.fnac.com\/a21192168\/Collectif-Guide-du-Routard-Visite-d-entreprise-en-France?eaf-publisher=AWIN&amp;eaf-name=generiqueaff&amp;eaf-creative=visiteentreprisefrancegeneriqueaff&amp;eaf-creativetype=1x1&amp;eseg-name=AWINID&amp;eseg-item=742185&amp;Origin=Awin742185&amp;sv1=affiliate&amp;sv_campaign_id=742185&amp;awc=12665_1747300028_048fa73166ecb5af22b7fb4213ac75c0\" target=\"_blank\" rel=\"noreferrer noopener\">les plateformes en ligne<\/a>.<\/p>\n\n\n\n<p class=\"is-style-normal\">\ud83d\udc49 <strong>Feuilletez-le, offrez-le, ou glissez-le dans vos valises pour vos prochaines escapades<\/strong> ! <br>Partez \u00e0 la rencontre des femmes et des hommes qui font la richesse des territoires\u2026 et <strong>laissez-vous surprendre par l\u2019incroyable diversit\u00e9 des savoir-faire fran\u00e7ais.<\/strong><\/p>\n<\/div>\n<\/div>\n\n\n\n<p class=\"is-style-highlight has-medium-font-size\"> \ud83d\udca1 Consulter le communiqu\u00e9 de presse <a href=\"https:\/\/www.entrepriseetdecouverte.fr\/espace-pro\/wp-content\/uploads\/sites\/2\/2025\/05\/cp-routard-visite-entreprise-en-france-1.pdf\" target=\"_blank\" rel=\"noreferrer noopener\">ici<\/a>  <\/p>\n","protected":false},"excerpt":{"rendered":"<p>Et si votre prochain voyage commen\u00e7ait &#8230; dans une entreprise ? Publi\u00e9 ce mercredi 14 mai, ce guide est le fruit d\u2019un partenariat de longue date entre Entreprise et D\u00e9couverte et Le Routard. Il met \u00e0 l\u2019honneur les savoir-faire fran\u00e7ais \u00e0 travers plus de 450 entreprises ouvertes \u00e0 la visite, r\u00e9parties sur tout le territoire. Un support pr\u00e9cieux pour faire conna\u00eetre la visite d\u2019entreprise au grand public, encourager les vocations et dynamiser les territoires.<\/p>\n","protected":false},"author":1160,"featured_media":71472,"comment_status":"open","ping_status":"open","sticky":false,"template":"","format":"standard","meta":{"_relevanssi_hide_post":"","_relevanssi_pin_for_all":"","_relevanssi_pin_keywords":"","_relevanssi_unpin_keywords":"","_relevanssi_related_keywords":"","_relevanssi_related_include_ids":"","_relevanssi_related_exclude_ids":"","_relevanssi_related_no_append":"","_relevanssi_related_not_related":"","_relevanssi_related_posts":"68914,62002,70017,62843,71083,70059","_relevanssi_noindex_reason":""},"categories":[33],"tags":[],"yoast_head":"<!-- This site is optimized with the Yoast SEO plugin v17.4 - https:\/\/yoast.com\/wordpress\/plugins\/seo\/ -->\n<meta name=\"description\" content=\"Et si votre prochain voyage commen\u00e7ait ... dans une entreprise ? Publi\u00e9 ce mercredi 14 mai, ce guide est le fruit d\u2019un partenariat de longue date entre Entreprise et D\u00e9couverte et Le Routard. Il met \u00e0 l\u2019honneur les savoir-faire fran\u00e7ais \u00e0 travers plus de 450 entreprises ouvertes \u00e0 la visite, r\u00e9parties sur tout le territoire. Un support pr\u00e9cieux pour faire conna\u00eetre la visite d\u2019entreprise au grand public, encourager les vocations et dynamiser les territoires.\" \/>\n<meta name=\"robots\" content=\"index, follow, max-snippet:-1, max-image-preview:large, max-video-preview:-1\" \/>\n<link rel=\"canonical\" href=\"https:\/\/www.entrepriseetdecouverte.fr\/espace-pro\/2025\/05\/14\/nouvelle-edition-routard-visite-dentreprise\/\" \/>\n<meta property=\"og:locale\" content=\"fr_FR\" \/>\n<meta property=\"og:type\" content=\"article\" \/>\n<meta property=\"og:title\" content=\"Guide du Routard de la Visite d&#039;Entreprise - Entreprise et D\u00e9couverte\" \/>\n<meta property=\"og:description\" content=\"Et si votre prochain voyage commen\u00e7ait ... dans une entreprise ? Publi\u00e9 ce mercredi 14 mai, ce guide est le fruit d\u2019un partenariat de longue date entre Entreprise et D\u00e9couverte et Le Routard. Il met \u00e0 l\u2019honneur les savoir-faire fran\u00e7ais \u00e0 travers plus de 450 entreprises ouvertes \u00e0 la visite, r\u00e9parties sur tout le territoire. Un support pr\u00e9cieux pour faire conna\u00eetre la visite d\u2019entreprise au grand public, encourager les vocations et dynamiser les territoires.\" \/>\n<meta property=\"og:url\" content=\"https:\/\/www.entrepriseetdecouverte.fr\/espace-pro\/2025\/05\/14\/nouvelle-edition-routard-visite-dentreprise\/\" \/>\n<meta property=\"og:site_name\" content=\"Espace Pro\" \/>\n<meta property=\"article:published_time\" content=\"2025-05-14T10:00:00+00:00\" \/>\n<meta property=\"article:modified_time\" content=\"2025-05-15T14:11:43+00:00\" \/>\n<meta property=\"og:image\" content=\"https:\/\/www.entrepriseetdecouverte.fr\/espace-pro\/wp-content\/uploads\/sites\/2\/2025\/05\/visuel-article-routard-2025.jpg\" \/>\n\t<meta property=\"og:image:width\" content=\"630\" \/>\n\t<meta property=\"og:image:height\" content=\"420\" \/>\n<meta name=\"twitter:card\" content=\"summary_large_image\" \/>\n<meta name=\"twitter:label1\" content=\"\u00c9crit par\" \/>\n\t<meta name=\"twitter:data1\" content=\"Marie\" \/>\n\t<meta name=\"twitter:label2\" content=\"Dur\u00e9e de lecture estim\u00e9e\" \/>\n\t<meta name=\"twitter:data2\" content=\"4 minutes\" \/>\n<script type=\"application\/ld+json\" class=\"yoast-schema-graph\">{\"@context\":\"https:\/\/schema.org\",\"@graph\":[{\"@type\":\"WebSite\",\"@id\":\"https:\/\/www.entrepriseetdecouverte.fr\/espace-pro\/#website\",\"url\":\"https:\/\/www.entrepriseetdecouverte.fr\/espace-pro\/\",\"name\":\"Espace Pro\",\"description\":\"Un site utilisant Entreprise et D\\u00e9couverte Sites\",\"potentialAction\":[{\"@type\":\"SearchAction\",\"target\":{\"@type\":\"EntryPoint\",\"urlTemplate\":\"https:\/\/www.entrepriseetdecouverte.fr\/espace-pro\/?s={search_term_string}\"},\"query-input\":\"required name=search_term_string\"}],\"inLanguage\":\"fr-FR\"},{\"@type\":\"ImageObject\",\"@id\":\"https:\/\/www.entrepriseetdecouverte.fr\/espace-pro\/2025\/05\/14\/nouvelle-edition-routard-visite-dentreprise\/#primaryimage\",\"inLanguage\":\"fr-FR\",\"url\":\"https:\/\/www.entrepriseetdecouverte.fr\/espace-pro\/wp-content\/uploads\/sites\/2\/2025\/05\/visuel-article-routard-2025.jpg\",\"contentUrl\":\"https:\/\/www.entrepriseetdecouverte.fr\/espace-pro\/wp-content\/uploads\/sites\/2\/2025\/05\/visuel-article-routard-2025.jpg\",\"width\":630,\"height\":420},{\"@type\":\"WebPage\",\"@id\":\"https:\/\/www.entrepriseetdecouverte.fr\/espace-pro\/2025\/05\/14\/nouvelle-edition-routard-visite-dentreprise\/#webpage\",\"url\":\"https:\/\/www.entrepriseetdecouverte.fr\/espace-pro\/2025\/05\/14\/nouvelle-edition-routard-visite-dentreprise\/\",\"name\":\"Guide du Routard de la Visite d'Entreprise - Entreprise et D\\u00e9couverte\",\"isPartOf\":{\"@id\":\"https:\/\/www.entrepriseetdecouverte.fr\/espace-pro\/#website\"},\"primaryImageOfPage\":{\"@id\":\"https:\/\/www.entrepriseetdecouverte.fr\/espace-pro\/2025\/05\/14\/nouvelle-edition-routard-visite-dentreprise\/#primaryimage\"},\"datePublished\":\"2025-05-14T10:00:00+00:00\",\"dateModified\":\"2025-05-15T14:11:43+00:00\",\"author\":{\"@id\":\"https:\/\/www.entrepriseetdecouverte.fr\/espace-pro\/#\/schema\/person\/3d44b5b8d54214a33448e027b455cd0f\"},\"description\":\"Et si votre prochain voyage commen\\u00e7ait ... dans une entreprise ? Publi\\u00e9 ce mercredi 14 mai, ce guide est le fruit d\\u2019un partenariat de longue date entre Entreprise et D\\u00e9couverte et Le Routard. Il met \\u00e0 l\\u2019honneur les savoir-faire fran\\u00e7ais \\u00e0 travers plus de 450 entreprises ouvertes \\u00e0 la visite, r\\u00e9parties sur tout le territoire. Un support pr\\u00e9cieux pour faire conna\\u00eetre la visite d\\u2019entreprise au grand public, encourager les vocations et dynamiser les territoires.\",\"breadcrumb\":{\"@id\":\"https:\/\/www.entrepriseetdecouverte.fr\/espace-pro\/2025\/05\/14\/nouvelle-edition-routard-visite-dentreprise\/#breadcrumb\"},\"inLanguage\":\"fr-FR\",\"potentialAction\":[{\"@type\":\"ReadAction\",\"target\":[\"https:\/\/www.entrepriseetdecouverte.fr\/espace-pro\/2025\/05\/14\/nouvelle-edition-routard-visite-dentreprise\/\"]}]},{\"@type\":\"BreadcrumbList\",\"@id\":\"https:\/\/www.entrepriseetdecouverte.fr\/espace-pro\/2025\/05\/14\/nouvelle-edition-routard-visite-dentreprise\/#breadcrumb\",\"itemListElement\":[{\"@type\":\"ListItem\",\"position\":1,\"name\":\"Accueil\",\"item\":\"https:\/\/www.entrepriseetdecouverte.fr\/espace-pro\/\"},{\"@type\":\"ListItem\",\"position\":2,\"name\":\"Une nouvelle \\u00e9dition du Routard de la Visite d&rsquo;Entreprise !\"}]},{\"@type\":\"Person\",\"@id\":\"https:\/\/www.entrepriseetdecouverte.fr\/espace-pro\/#\/schema\/person\/3d44b5b8d54214a33448e027b455cd0f\",\"name\":\"Marie\",\"image\":{\"@type\":\"ImageObject\",\"@id\":\"https:\/\/www.entrepriseetdecouverte.fr\/espace-pro\/#personlogo\",\"inLanguage\":\"fr-FR\",\"url\":\"https:\/\/secure.gravatar.com\/avatar\/2e9d67b0921e033d3b5a8d9435cb686e?s=96&d=mm&r=g\",\"contentUrl\":\"https:\/\/secure.gravatar.com\/avatar\/2e9d67b0921e033d3b5a8d9435cb686e?s=96&d=mm&r=g\",\"caption\":\"Marie\"},\"url\":\"https:\/\/www.entrepriseetdecouverte.fr\/espace-pro\/author\/marie\/\"}]}<\/script>\n<!-- \/ Yoast SEO plugin. -->","yoast_head_json":{"description":"Et si votre prochain voyage commen\u00e7ait ... dans une entreprise ? Publi\u00e9 ce mercredi 14 mai, ce guide est le fruit d\u2019un partenariat de longue date entre Entreprise et D\u00e9couverte et Le Routard. Il met \u00e0 l\u2019honneur les savoir-faire fran\u00e7ais \u00e0 travers plus de 450 entreprises ouvertes \u00e0 la visite, r\u00e9parties sur tout le territoire. Un support pr\u00e9cieux pour faire conna\u00eetre la visite d\u2019entreprise au grand public, encourager les vocations et dynamiser les territoires.","robots":{"index":"index","follow":"follow","max-snippet":"max-snippet:-1","max-image-preview":"max-image-preview:large","max-video-preview":"max-video-preview:-1"},"canonical":"https:\/\/www.entrepriseetdecouverte.fr\/espace-pro\/2025\/05\/14\/nouvelle-edition-routard-visite-dentreprise\/","og_locale":"fr_FR","og_type":"article","og_title":"Guide du Routard de la Visite d'Entreprise - Entreprise et D\u00e9couverte","og_description":"Et si votre prochain voyage commen\u00e7ait ... dans une entreprise ? Publi\u00e9 ce mercredi 14 mai, ce guide est le fruit d\u2019un partenariat de longue date entre Entreprise et D\u00e9couverte et Le Routard. Il met \u00e0 l\u2019honneur les savoir-faire fran\u00e7ais \u00e0 travers plus de 450 entreprises ouvertes \u00e0 la visite, r\u00e9parties sur tout le territoire. Un support pr\u00e9cieux pour faire conna\u00eetre la visite d\u2019entreprise au grand public, encourager les vocations et dynamiser les territoires.","og_url":"https:\/\/www.entrepriseetdecouverte.fr\/espace-pro\/2025\/05\/14\/nouvelle-edition-routard-visite-dentreprise\/","og_site_name":"Espace Pro","article_published_time":"2025-05-14T10:00:00+00:00","article_modified_time":"2025-05-15T14:11:43+00:00","og_image":[{"width":630,"height":420,"url":"https:\/\/www.entrepriseetdecouverte.fr\/espace-pro\/wp-content\/uploads\/sites\/2\/2025\/05\/visuel-article-routard-2025.jpg","type":"image\/jpeg"}],"twitter_card":"summary_large_image","twitter_misc":{"\u00c9crit par":"Marie","Dur\u00e9e de lecture estim\u00e9e":"4 minutes"},"schema":{"@context":"https:\/\/schema.org","@graph":[{"@type":"WebSite","@id":"https:\/\/www.entrepriseetdecouverte.fr\/espace-pro\/#website","url":"https:\/\/www.entrepriseetdecouverte.fr\/espace-pro\/","name":"Espace Pro","description":"Un site utilisant Entreprise et D\u00e9couverte Sites","potentialAction":[{"@type":"SearchAction","target":{"@type":"EntryPoint","urlTemplate":"https:\/\/www.entrepriseetdecouverte.fr\/espace-pro\/?s={search_term_string}"},"query-input":"required name=search_term_string"}],"inLanguage":"fr-FR"},{"@type":"ImageObject","@id":"https:\/\/www.entrepriseetdecouverte.fr\/espace-pro\/2025\/05\/14\/nouvelle-edition-routard-visite-dentreprise\/#primaryimage","inLanguage":"fr-FR","url":"https:\/\/www.entrepriseetdecouverte.fr\/espace-pro\/wp-content\/uploads\/sites\/2\/2025\/05\/visuel-article-routard-2025.jpg","contentUrl":"https:\/\/www.entrepriseetdecouverte.fr\/espace-pro\/wp-content\/uploads\/sites\/2\/2025\/05\/visuel-article-routard-2025.jpg","width":630,"height":420},{"@type":"WebPage","@id":"https:\/\/www.entrepriseetdecouverte.fr\/espace-pro\/2025\/05\/14\/nouvelle-edition-routard-visite-dentreprise\/#webpage","url":"https:\/\/www.entrepriseetdecouverte.fr\/espace-pro\/2025\/05\/14\/nouvelle-edition-routard-visite-dentreprise\/","name":"Guide du Routard de la Visite d'Entreprise - Entreprise et D\u00e9couverte","isPartOf":{"@id":"https:\/\/www.entrepriseetdecouverte.fr\/espace-pro\/#website"},"primaryImageOfPage":{"@id":"https:\/\/www.entrepriseetdecouverte.fr\/espace-pro\/2025\/05\/14\/nouvelle-edition-routard-visite-dentreprise\/#primaryimage"},"datePublished":"2025-05-14T10:00:00+00:00","dateModified":"2025-05-15T14:11:43+00:00","author":{"@id":"https:\/\/www.entrepriseetdecouverte.fr\/espace-pro\/#\/schema\/person\/3d44b5b8d54214a33448e027b455cd0f"},"description":"Et si votre prochain voyage commen\u00e7ait ... dans une entreprise ? Publi\u00e9 ce mercredi 14 mai, ce guide est le fruit d\u2019un partenariat de longue date entre Entreprise et D\u00e9couverte et Le Routard. Il met \u00e0 l\u2019honneur les savoir-faire fran\u00e7ais \u00e0 travers plus de 450 entreprises ouvertes \u00e0 la visite, r\u00e9parties sur tout le territoire. Un support pr\u00e9cieux pour faire conna\u00eetre la visite d\u2019entreprise au grand public, encourager les vocations et dynamiser les territoires.","breadcrumb":{"@id":"https:\/\/www.entrepriseetdecouverte.fr\/espace-pro\/2025\/05\/14\/nouvelle-edition-routard-visite-dentreprise\/#breadcrumb"},"inLanguage":"fr-FR","potentialAction":[{"@type":"ReadAction","target":["https:\/\/www.entrepriseetdecouverte.fr\/espace-pro\/2025\/05\/14\/nouvelle-edition-routard-visite-dentreprise\/"]}]},{"@type":"BreadcrumbList","@id":"https:\/\/www.entrepriseetdecouverte.fr\/espace-pro\/2025\/05\/14\/nouvelle-edition-routard-visite-dentreprise\/#breadcrumb","itemListElement":[{"@type":"ListItem","position":1,"name":"Accueil","item":"https:\/\/www.entrepriseetdecouverte.fr\/espace-pro\/"},{"@type":"ListItem","position":2,"name":"Une nouvelle \u00e9dition du Routard de la Visite d&rsquo;Entreprise !"}]},{"@type":"Person","@id":"https:\/\/www.entrepriseetdecouverte.fr\/espace-pro\/#\/schema\/person\/3d44b5b8d54214a33448e027b455cd0f","name":"Marie","image":{"@type":"ImageObject","@id":"https:\/\/www.entrepriseetdecouverte.fr\/espace-pro\/#personlogo","inLanguage":"fr-FR","url":"https:\/\/secure.gravatar.com\/avatar\/2e9d67b0921e033d3b5a8d9435cb686e?s=96&d=mm&r=g","contentUrl":"https:\/\/secure.gravatar.com\/avatar\/2e9d67b0921e033d3b5a8d9435cb686e?s=96&d=mm&r=g","caption":"Marie"},"url":"https:\/\/www.entrepriseetdecouverte.fr\/espace-pro\/author\/marie\/"}]}},"_links":{"self":[{"href":"https:\/\/www.entrepriseetdecouverte.fr\/espace-pro\/wp-json\/wp\/v2\/posts\/71468"}],"collection":[{"href":"https:\/\/www.entrepriseetdecouverte.fr\/espace-pro\/wp-json\/wp\/v2\/posts"}],"about":[{"href":"https:\/\/www.entrepriseetdecouverte.fr\/espace-pro\/wp-json\/wp\/v2\/types\/post"}],"author":[{"embeddable":true,"href":"https:\/\/www.entrepriseetdecouverte.fr\/espace-pro\/wp-json\/wp\/v2\/users\/1160"}],"replies":[{"embeddable":true,"href":"https:\/\/www.entrepriseetdecouverte.fr\/espace-pro\/wp-json\/wp\/v2\/comments?post=71468"}],"version-history":[{"count":8,"href":"https:\/\/www.entrepriseetdecouverte.fr\/espace-pro\/wp-json\/wp\/v2\/posts\/71468\/revisions"}],"predecessor-version":[{"id":71477,"href":"https:\/\/www.entrepriseetdecouverte.fr\/espace-pro\/wp-json\/wp\/v2\/posts\/71468\/revisions\/71477"}],"wp:featuredmedia":[{"embeddable":true,"href":"https:\/\/www.entrepriseetdecouverte.fr\/espace-pro\/wp-json\/wp\/v2\/media\/71472"}],"wp:attachment":[{"href":"https:\/\/www.entrepriseetdecouverte.fr\/espace-pro\/wp-json\/wp\/v2\/media?parent=71468"}],"wp:term":[{"taxonomy":"category","embeddable":true,"href":"https:\/\/www.entrepriseetdecouverte.fr\/espace-pro\/wp-json\/wp\/v2\/categories?post=71468"},{"taxonomy":"post_tag","embeddable":true,"href":"https:\/\/www.entrepriseetdecouverte.fr\/espace-pro\/wp-json\/wp\/v2\/tags?post=71468"}],"curies":[{"name":"wp","href":"https:\/\/api.w.org\/{rel}","templated":true}]}}