{"id":69316,"date":"2024-09-11T11:51:56","date_gmt":"2024-09-11T09:51:56","guid":{"rendered":"https:\/\/www.entrepriseetdecouverte.fr\/espace-pro\/?p=69316"},"modified":"2024-09-11T14:42:02","modified_gmt":"2024-09-11T12:42:02","slug":"reseau-alliances-devient-partenaire-de-lantenne-entreprise-et-decouverte-hauts-de-france","status":"publish","type":"post","link":"https:\/\/www.entrepriseetdecouverte.fr\/espace-pro\/2024\/09\/11\/reseau-alliances-devient-partenaire-de-lantenne-entreprise-et-decouverte-hauts-de-france\/","title":{"rendered":"R\u00e9seau Alliances devient partenaire de l\u2019antenne Entreprise et D\u00e9couverte Hauts-de-France"},"content":{"rendered":"\n<p class=\"is-style-intro\"><\/p>\n\n\n\n<div class=\"wp-block-media-text alignwide has-media-on-the-right is-stacked-on-mobile is-image-fill\"><figure class=\"wp-block-media-text__media\" style=\"background-image:url(https:\/\/www.entrepriseetdecouverte.fr\/espace-pro\/wp-content\/uploads\/sites\/2\/2024\/09\/20220929_121948-900x1200.jpg);background-position:50% 50%\"><img loading=\"lazy\" width=\"900\" height=\"1200\" data-src=\"https:\/\/www.entrepriseetdecouverte.fr\/espace-pro\/wp-content\/uploads\/sites\/2\/2024\/09\/20220929_121948-900x1200.jpg\" alt=\"\" class=\"wp-image-69401 size-full\" data-srcset=\"https:\/\/www.entrepriseetdecouverte.fr\/espace-pro\/wp-content\/uploads\/sites\/2\/2024\/09\/20220929_121948-900x1200.jpg 900w, https:\/\/www.entrepriseetdecouverte.fr\/espace-pro\/wp-content\/uploads\/sites\/2\/2024\/09\/20220929_121948-450x600.jpg 450w, https:\/\/www.entrepriseetdecouverte.fr\/espace-pro\/wp-content\/uploads\/sites\/2\/2024\/09\/20220929_121948-675x900.jpg 675w, https:\/\/www.entrepriseetdecouverte.fr\/espace-pro\/wp-content\/uploads\/sites\/2\/2024\/09\/20220929_121948-1152x1536.jpg 1152w, https:\/\/www.entrepriseetdecouverte.fr\/espace-pro\/wp-content\/uploads\/sites\/2\/2024\/09\/20220929_121948-200x267.jpg 200w, https:\/\/www.entrepriseetdecouverte.fr\/espace-pro\/wp-content\/uploads\/sites\/2\/2024\/09\/20220929_121948-45x60.jpg 45w, https:\/\/www.entrepriseetdecouverte.fr\/espace-pro\/wp-content\/uploads\/sites\/2\/2024\/09\/20220929_121948.jpg 1536w\" sizes=\"(max-width: 900px) 100vw, 900px\" \/><\/figure><div class=\"wp-block-media-text__content\">\n<p class=\"is-style-normal\"><\/p>\n\n\n\n<p class=\"is-style-normal\">Depuis 2022, <a href=\"https:\/\/www.entrepriseetdecouverte.fr\/espace-pro\/lassociation\/nos-antennes-regionales\/hauts-de-france\/\" target=\"_blank\" rel=\"noreferrer noopener\">l\u2019antenne r\u00e9gionale<\/a> d\u2019Entreprise et D\u00e9couverte anime et d\u00e9veloppe le r\u00e9seau et les actions autour de la visite d\u2019entreprise dans les Hauts-de-France. <\/p>\n\n\n\n<p class=\"is-style-normal\"><strong>Une dynamique forte s\u2019est mise en place depuis sa cr\u00e9ation pour r\u00e9pondre \u00e0 des enjeux importants<\/strong> : <\/p>\n\n\n\n<ul><li>Porter un nouveau regard sur le territoire, accompagner et valoriser la mutation qui est en cours; <\/li><li> <strong>Faire prendre conscience aux habitants des atouts et des engagements port\u00e9s par les acteurs \u00e9conomiques de leur territoire<\/strong>.<\/li><li>Accompagner l&rsquo;ouverture aux publics des entreprises r\u00e9gionales<\/li><\/ul>\n<\/div><\/div>\n\n\n\n<div class=\"wp-block-columns are-vertically-aligned-center\">\n<div class=\"wp-block-column is-vertically-aligned-center\" style=\"flex-basis:33.33%\">\n<figure class=\"wp-block-image size-full is-resized is-style-rounded\"><img loading=\"lazy\" data-src=\"https:\/\/www.entrepriseetdecouverte.fr\/espace-pro\/wp-content\/uploads\/sites\/2\/2024\/01\/2022-06-14-blh_6523-ed-la-felicita-photo-bruno-le-hir-de-fallois-300x300-1.jpg\" alt=\"Entreprise et D\u00e9couverte Val\u00e9rie Lefranc Hauts-de-France\" class=\"wp-image-68509\" width=\"225\" height=\"225\" data-srcset=\"https:\/\/www.entrepriseetdecouverte.fr\/espace-pro\/wp-content\/uploads\/sites\/2\/2024\/01\/2022-06-14-blh_6523-ed-la-felicita-photo-bruno-le-hir-de-fallois-300x300-1.jpg 300w, https:\/\/www.entrepriseetdecouverte.fr\/espace-pro\/wp-content\/uploads\/sites\/2\/2024\/01\/2022-06-14-blh_6523-ed-la-felicita-photo-bruno-le-hir-de-fallois-300x300-1-24x24.jpg 24w, https:\/\/www.entrepriseetdecouverte.fr\/espace-pro\/wp-content\/uploads\/sites\/2\/2024\/01\/2022-06-14-blh_6523-ed-la-felicita-photo-bruno-le-hir-de-fallois-300x300-1-48x48.jpg 48w, https:\/\/www.entrepriseetdecouverte.fr\/espace-pro\/wp-content\/uploads\/sites\/2\/2024\/01\/2022-06-14-blh_6523-ed-la-felicita-photo-bruno-le-hir-de-fallois-300x300-1-96x96.jpg 96w, https:\/\/www.entrepriseetdecouverte.fr\/espace-pro\/wp-content\/uploads\/sites\/2\/2024\/01\/2022-06-14-blh_6523-ed-la-felicita-photo-bruno-le-hir-de-fallois-300x300-1-150x150.jpg 150w, https:\/\/www.entrepriseetdecouverte.fr\/espace-pro\/wp-content\/uploads\/sites\/2\/2024\/01\/2022-06-14-blh_6523-ed-la-felicita-photo-bruno-le-hir-de-fallois-300x300-1-200x200.jpg 200w, https:\/\/www.entrepriseetdecouverte.fr\/espace-pro\/wp-content\/uploads\/sites\/2\/2024\/01\/2022-06-14-blh_6523-ed-la-felicita-photo-bruno-le-hir-de-fallois-300x300-1-60x60.jpg 60w\" sizes=\"(max-width: 225px) 100vw, 225px\" \/><\/figure>\n<\/div>\n\n\n\n<div class=\"wp-block-column is-vertically-aligned-center\" style=\"flex-basis:66.66%\">\n<p class=\"is-style-blockquote\" style=\"font-size:15px\"><em><strong>\u201cLa visite d\u2019entreprise est un outil particuli\u00e8rement efficace pour passer du discours \u00e0 la d\u00e9monstration in situ. Ce partenariat s\u2019inscrit pleinement dans la d\u00e9marche que nous impulsons depuis 2 ans dans les Hauts-de-France aupr\u00e8s des acteurs \u00e9conomiques et institutionnels.\u201d <\/strong><\/em> Val\u00e9rie LEFRANC, D\u00e9l\u00e9gu\u00e9e r\u00e9gionale Hauts-de-France<\/p>\n\n\n\n<p class=\"is-style-normal\"> <\/p>\n<\/div>\n<\/div>\n\n\n\n<div class=\"wp-block-media-text alignwide has-media-on-the-right is-stacked-on-mobile is-image-fill\"><figure class=\"wp-block-media-text__media\" style=\"background-image:url(https:\/\/www.entrepriseetdecouverte.fr\/espace-pro\/wp-content\/uploads\/sites\/2\/2024\/09\/world-forum-2-credit-maxime-dufour-photographies-1200x800.jpg);background-position:100% 100%\"><img loading=\"lazy\" width=\"1200\" height=\"800\" data-src=\"https:\/\/www.entrepriseetdecouverte.fr\/espace-pro\/wp-content\/uploads\/sites\/2\/2024\/09\/world-forum-2-credit-maxime-dufour-photographies-1200x800.jpg\" alt=\"\" class=\"wp-image-69344 size-full\" data-srcset=\"https:\/\/www.entrepriseetdecouverte.fr\/espace-pro\/wp-content\/uploads\/sites\/2\/2024\/09\/world-forum-2-credit-maxime-dufour-photographies-1200x800.jpg 1200w, https:\/\/www.entrepriseetdecouverte.fr\/espace-pro\/wp-content\/uploads\/sites\/2\/2024\/09\/world-forum-2-credit-maxime-dufour-photographies-600x400.jpg 600w, https:\/\/www.entrepriseetdecouverte.fr\/espace-pro\/wp-content\/uploads\/sites\/2\/2024\/09\/world-forum-2-credit-maxime-dufour-photographies-900x600.jpg 900w, https:\/\/www.entrepriseetdecouverte.fr\/espace-pro\/wp-content\/uploads\/sites\/2\/2024\/09\/world-forum-2-credit-maxime-dufour-photographies-1536x1025.jpg 1536w, https:\/\/www.entrepriseetdecouverte.fr\/espace-pro\/wp-content\/uploads\/sites\/2\/2024\/09\/world-forum-2-credit-maxime-dufour-photographies-200x133.jpg 200w, https:\/\/www.entrepriseetdecouverte.fr\/espace-pro\/wp-content\/uploads\/sites\/2\/2024\/09\/world-forum-2-credit-maxime-dufour-photographies-90x60.jpg 90w, https:\/\/www.entrepriseetdecouverte.fr\/espace-pro\/wp-content\/uploads\/sites\/2\/2024\/09\/world-forum-2-credit-maxime-dufour-photographies.jpg 2048w\" sizes=\"(max-width: 1200px) 100vw, 1200px\" \/><\/figure><div class=\"wp-block-media-text__content\">\n<p class=\"is-style-normal\"><\/p>\n\n\n\n<p class=\"is-style-normal\">Fort de 30 ans d\u2019existence, <strong>R\u00e9seau Alliances f\u00e9d\u00e8re plus de 380 adh\u00e9rents et partenaires<\/strong>, de la TPE au grand groupe, r\u00e9partis sur tout le territoire des Hauts-de-France. Son objectif est d\u2019<strong>accompagner les entreprises et les organisations dans l\u2019am\u00e9lioration de leur performance \u00e9conomique, dans le respect de l\u2019Homme et de l\u2019Environnement<\/strong>. Le r\u00e9seau propose ainsi des temps de sensibilisation, de rencontre et de formation pour les accompagner dans leurs d\u00e9marches.<\/p>\n\n\n\n<p class=\"is-style-normal\">Le r\u00e9seau organise chaque ann\u00e9e deux \u00e9v\u00e9nements phares :<strong> <\/strong><\/p>\n\n\n\n<ul><li><strong>les Troph\u00e9es de l\u2019Economie Responsable <\/strong><\/li><li><strong>le World Forum for a Responsible Economy, \u00e9v\u00e9nement d\u2019envergure internationale, gratuit et ouvert \u00e0 tous<\/strong>, qui rassemble personnalit\u00e9s embl\u00e9matiques, les professionnels et le grand public autour des l\u2019\u00e9conomie responsable. La <a href=\"https:\/\/www.responsible-economy.org\/\" target=\"_blank\" rel=\"noreferrer noopener\">prochaine \u00e9dition<\/a> se tiendra les 26 et 27 novembre \u00e0 Marcq-en-Bar\u0153ul (m\u00e9tropole lilloise).<\/li><\/ul>\n<\/div><\/div>\n\n\n\n<div class=\"wp-block-columns\">\n<div class=\"wp-block-column\" style=\"flex-basis:33.33%\">\n<figure class=\"wp-block-image size-full is-style-rounded\"><img loading=\"lazy\" width=\"200\" height=\"200\" data-src=\"https:\/\/www.entrepriseetdecouverte.fr\/espace-pro\/wp-content\/uploads\/sites\/2\/2024\/09\/adrien-huc-reseau-alliances.jpg\" alt=\"\" class=\"wp-image-69327\" data-srcset=\"https:\/\/www.entrepriseetdecouverte.fr\/espace-pro\/wp-content\/uploads\/sites\/2\/2024\/09\/adrien-huc-reseau-alliances.jpg 200w, https:\/\/www.entrepriseetdecouverte.fr\/espace-pro\/wp-content\/uploads\/sites\/2\/2024\/09\/adrien-huc-reseau-alliances-24x24.jpg 24w, https:\/\/www.entrepriseetdecouverte.fr\/espace-pro\/wp-content\/uploads\/sites\/2\/2024\/09\/adrien-huc-reseau-alliances-48x48.jpg 48w, https:\/\/www.entrepriseetdecouverte.fr\/espace-pro\/wp-content\/uploads\/sites\/2\/2024\/09\/adrien-huc-reseau-alliances-96x96.jpg 96w, https:\/\/www.entrepriseetdecouverte.fr\/espace-pro\/wp-content\/uploads\/sites\/2\/2024\/09\/adrien-huc-reseau-alliances-150x150.jpg 150w, https:\/\/www.entrepriseetdecouverte.fr\/espace-pro\/wp-content\/uploads\/sites\/2\/2024\/09\/adrien-huc-reseau-alliances-60x60.jpg 60w\" sizes=\"(max-width: 200px) 100vw, 200px\" \/><\/figure>\n<\/div>\n\n\n\n<div class=\"wp-block-column\" style=\"flex-basis:66.66%\">\n<p class=\"is-style-blockquote\" style=\"font-size:15px\"><em><strong><em>\u201cNos deux r\u00e9seaux participent \u00e0 renforcer l\u2019attractivit\u00e9 de notre territoire. Nous partageons cet<\/em> <em>ADN commun, celui de valoriser aupr\u00e8s du plus grand nombre les engagements de nos<\/em> <em>entreprises, qu\u2019ils soient sociaux, soci\u00e9taux ou environnementaux.\u201d <\/em><\/strong><em>Adrien HUC, D\u00e9l\u00e9gu\u00e9 g\u00e9n\u00e9ral R\u00e9seau Alliance<\/em>s <\/em><\/p>\n\n\n\n<p class=\"is-style-normal\"> <\/p>\n<\/div>\n<\/div>\n\n\n\n<p class=\"has-normal-font-size\"><strong>Cette collaboration va permettre aux entreprises r\u00e9gionales de b\u00e9n\u00e9ficier des expertises crois\u00e9es du R\u00e9seau Alliances et d\u2019Entreprise et D\u00e9couverte dans la valorisation de leurs engagements humains et environnementaux aupr\u00e8s de tous les publics.&nbsp;<\/strong><\/p>\n\n\n\n<p class=\"has-normal-font-size\">Ne manquez pas les prochaines actualit\u00e9s de l\u2019association pour suivre ce projet !<\/p>\n\n\n\n<p><\/p>\n\n\n\n<div class=\"wp-block-image is-style-default\"><figure class=\"aligncenter size-full is-resized\"><img loading=\"lazy\" data-src=\"https:\/\/www.entrepriseetdecouverte.fr\/espace-pro\/wp-content\/uploads\/sites\/2\/2024\/09\/logo-reseau-alliances.png\" alt=\"\" class=\"wp-image-69396\" width=\"313\" height=\"130\" data-srcset=\"https:\/\/www.entrepriseetdecouverte.fr\/espace-pro\/wp-content\/uploads\/sites\/2\/2024\/09\/logo-reseau-alliances.png 625w, https:\/\/www.entrepriseetdecouverte.fr\/espace-pro\/wp-content\/uploads\/sites\/2\/2024\/09\/logo-reseau-alliances-600x250.png 600w, https:\/\/www.entrepriseetdecouverte.fr\/espace-pro\/wp-content\/uploads\/sites\/2\/2024\/09\/logo-reseau-alliances-200x83.png 200w, https:\/\/www.entrepriseetdecouverte.fr\/espace-pro\/wp-content\/uploads\/sites\/2\/2024\/09\/logo-reseau-alliances-144x60.png 144w\" sizes=\"(max-width: 313px) 100vw, 313px\" \/><\/figure><\/div>\n\n\n\n<p class=\"is-style-highlight has-normal-font-size\">&gt; <strong>Tout savoir sur R\u00e9seau Alliances, c&rsquo;est <a href=\"https:\/\/www.reseau-alliances.org\/\" target=\"_blank\" rel=\"noreferrer noopener\">ici <\/a>!<\/strong><\/p>\n","protected":false},"excerpt":{"rendered":"<p>R\u00e9seau Alliances, premier r\u00e9seau d\u2019acteurs \u00e9conomiques engag\u00e9s pour impulser une \u00e9conomie plus responsable rejoint le Comit\u00e9 de pilotage de l\u2019antenne r\u00e9gionale Hauts-de-France. Cette collaboration vise \u00e0 renforcer les synergies pour d\u00e9velopper et valoriser l\u2019engagement des entreprises \u00e0 travers l\u2019ouverture aux publics.<\/p>\n","protected":false},"author":1272,"featured_media":69318,"comment_status":"open","ping_status":"open","sticky":false,"template":"","format":"standard","meta":{"_relevanssi_hide_post":"","_relevanssi_pin_for_all":"","_relevanssi_pin_keywords":"","_relevanssi_unpin_keywords":"","_relevanssi_related_keywords":"","_relevanssi_related_include_ids":"","_relevanssi_related_exclude_ids":"","_relevanssi_related_no_append":"","_relevanssi_related_not_related":"","_relevanssi_related_posts":"61372,63790,63782,61967,63963,61125","_relevanssi_noindex_reason":""},"categories":[21],"tags":[27],"yoast_head":"<!-- This site is optimized with the Yoast SEO plugin v17.4 - https:\/\/yoast.com\/wordpress\/plugins\/seo\/ -->\n<meta name=\"description\" content=\"R\u00e9seau Alliances, premier r\u00e9seau d\u2019acteurs \u00e9conomiques engag\u00e9s pour impulser une \u00e9conomie plus responsable rejoint le Comit\u00e9 de pilotage de l\u2019antenne r\u00e9gionale Hauts-de-France. Cette collaboration vise \u00e0 renforcer les synergies pour d\u00e9velopper et valoriser l\u2019engagement des entreprises \u00e0 travers l\u2019ouverture aux publics. R\u00e9seau Alliances, premier r\u00e9seau d\u2019acteurs \u00e9conomiques engag\u00e9s pour impulser une \u00e9conomie plus responsable rejoint le Comit\u00e9 de pilotage de l\u2019antenne r\u00e9gionale Hauts-de-France. Une collaboration qui vise \u00e0 renforcer les synergies pour d\u00e9velopper et valoriser l\u2019engagement des entreprises \u00e0 travers l\u2019ouverture aux publics.\" \/>\n<meta name=\"robots\" content=\"index, follow, max-snippet:-1, max-image-preview:large, max-video-preview:-1\" \/>\n<link rel=\"canonical\" href=\"https:\/\/www.entrepriseetdecouverte.fr\/espace-pro\/2024\/09\/11\/reseau-alliances-devient-partenaire-de-lantenne-entreprise-et-decouverte-hauts-de-france\/\" \/>\n<meta property=\"og:locale\" content=\"fr_FR\" \/>\n<meta property=\"og:type\" content=\"article\" \/>\n<meta property=\"og:title\" content=\"R\u00e9seau Alliances devient partenaire - Entreprise et D\u00e9couverte\" \/>\n<meta property=\"og:description\" content=\"R\u00e9seau Alliances, premier r\u00e9seau d\u2019acteurs \u00e9conomiques engag\u00e9s pour impulser une \u00e9conomie plus responsable rejoint le Comit\u00e9 de pilotage de l\u2019antenne r\u00e9gionale Hauts-de-France. Cette collaboration vise \u00e0 renforcer les synergies pour d\u00e9velopper et valoriser l\u2019engagement des entreprises \u00e0 travers l\u2019ouverture aux publics. R\u00e9seau Alliances, premier r\u00e9seau d\u2019acteurs \u00e9conomiques engag\u00e9s pour impulser une \u00e9conomie plus responsable rejoint le Comit\u00e9 de pilotage de l\u2019antenne r\u00e9gionale Hauts-de-France. Une collaboration qui vise \u00e0 renforcer les synergies pour d\u00e9velopper et valoriser l\u2019engagement des entreprises \u00e0 travers l\u2019ouverture aux publics.\" \/>\n<meta property=\"og:url\" content=\"https:\/\/www.entrepriseetdecouverte.fr\/espace-pro\/2024\/09\/11\/reseau-alliances-devient-partenaire-de-lantenne-entreprise-et-decouverte-hauts-de-france\/\" \/>\n<meta property=\"og:site_name\" content=\"Espace Pro\" \/>\n<meta property=\"article:published_time\" content=\"2024-09-11T09:51:56+00:00\" \/>\n<meta property=\"article:modified_time\" content=\"2024-09-11T12:42:02+00:00\" \/>\n<meta property=\"og:image\" content=\"https:\/\/www.entrepriseetdecouverte.fr\/espace-pro\/wp-content\/uploads\/sites\/2\/2024\/09\/environmental-protection-4366503_1920.jpg\" \/>\n\t<meta property=\"og:image:width\" content=\"1920\" \/>\n\t<meta property=\"og:image:height\" content=\"1280\" \/>\n<meta name=\"twitter:card\" content=\"summary_large_image\" \/>\n<meta name=\"twitter:label1\" content=\"\u00c9crit par\" \/>\n\t<meta name=\"twitter:data1\" content=\"Val\u00e9rie\" \/>\n\t<meta name=\"twitter:label2\" content=\"Dur\u00e9e de lecture estim\u00e9e\" \/>\n\t<meta name=\"twitter:data2\" content=\"3 minutes\" \/>\n<script type=\"application\/ld+json\" class=\"yoast-schema-graph\">{\"@context\":\"https:\/\/schema.org\",\"@graph\":[{\"@type\":\"WebSite\",\"@id\":\"https:\/\/www.entrepriseetdecouverte.fr\/espace-pro\/#website\",\"url\":\"https:\/\/www.entrepriseetdecouverte.fr\/espace-pro\/\",\"name\":\"Espace Pro\",\"description\":\"Un site utilisant Entreprise et D\\u00e9couverte Sites\",\"potentialAction\":[{\"@type\":\"SearchAction\",\"target\":{\"@type\":\"EntryPoint\",\"urlTemplate\":\"https:\/\/www.entrepriseetdecouverte.fr\/espace-pro\/?s={search_term_string}\"},\"query-input\":\"required name=search_term_string\"}],\"inLanguage\":\"fr-FR\"},{\"@type\":\"ImageObject\",\"@id\":\"https:\/\/www.entrepriseetdecouverte.fr\/espace-pro\/2024\/09\/11\/reseau-alliances-devient-partenaire-de-lantenne-entreprise-et-decouverte-hauts-de-france\/#primaryimage\",\"inLanguage\":\"fr-FR\",\"url\":\"https:\/\/www.entrepriseetdecouverte.fr\/espace-pro\/wp-content\/uploads\/sites\/2\/2024\/09\/environmental-protection-4366503_1920.jpg\",\"contentUrl\":\"https:\/\/www.entrepriseetdecouverte.fr\/espace-pro\/wp-content\/uploads\/sites\/2\/2024\/09\/environmental-protection-4366503_1920.jpg\",\"width\":1920,\"height\":1280},{\"@type\":\"WebPage\",\"@id\":\"https:\/\/www.entrepriseetdecouverte.fr\/espace-pro\/2024\/09\/11\/reseau-alliances-devient-partenaire-de-lantenne-entreprise-et-decouverte-hauts-de-france\/#webpage\",\"url\":\"https:\/\/www.entrepriseetdecouverte.fr\/espace-pro\/2024\/09\/11\/reseau-alliances-devient-partenaire-de-lantenne-entreprise-et-decouverte-hauts-de-france\/\",\"name\":\"R\\u00e9seau Alliances devient partenaire - Entreprise et D\\u00e9couverte\",\"isPartOf\":{\"@id\":\"https:\/\/www.entrepriseetdecouverte.fr\/espace-pro\/#website\"},\"primaryImageOfPage\":{\"@id\":\"https:\/\/www.entrepriseetdecouverte.fr\/espace-pro\/2024\/09\/11\/reseau-alliances-devient-partenaire-de-lantenne-entreprise-et-decouverte-hauts-de-france\/#primaryimage\"},\"datePublished\":\"2024-09-11T09:51:56+00:00\",\"dateModified\":\"2024-09-11T12:42:02+00:00\",\"author\":{\"@id\":\"https:\/\/www.entrepriseetdecouverte.fr\/espace-pro\/#\/schema\/person\/afa54fb39faf3548b446e76b3df1cda9\"},\"description\":\"R\\u00e9seau Alliances, premier r\\u00e9seau d\\u2019acteurs \\u00e9conomiques engag\\u00e9s pour impulser une \\u00e9conomie plus responsable rejoint le Comit\\u00e9 de pilotage de l\\u2019antenne r\\u00e9gionale Hauts-de-France. Cette collaboration vise \\u00e0 renforcer les synergies pour d\\u00e9velopper et valoriser l\\u2019engagement des entreprises \\u00e0 travers l\\u2019ouverture aux publics. R\\u00e9seau Alliances, premier r\\u00e9seau d\\u2019acteurs \\u00e9conomiques engag\\u00e9s pour impulser une \\u00e9conomie plus responsable rejoint le Comit\\u00e9 de pilotage de l\\u2019antenne r\\u00e9gionale Hauts-de-France. Une collaboration qui vise \\u00e0 renforcer les synergies pour d\\u00e9velopper et valoriser l\\u2019engagement des entreprises \\u00e0 travers l\\u2019ouverture aux publics.\",\"breadcrumb\":{\"@id\":\"https:\/\/www.entrepriseetdecouverte.fr\/espace-pro\/2024\/09\/11\/reseau-alliances-devient-partenaire-de-lantenne-entreprise-et-decouverte-hauts-de-france\/#breadcrumb\"},\"inLanguage\":\"fr-FR\",\"potentialAction\":[{\"@type\":\"ReadAction\",\"target\":[\"https:\/\/www.entrepriseetdecouverte.fr\/espace-pro\/2024\/09\/11\/reseau-alliances-devient-partenaire-de-lantenne-entreprise-et-decouverte-hauts-de-france\/\"]}]},{\"@type\":\"BreadcrumbList\",\"@id\":\"https:\/\/www.entrepriseetdecouverte.fr\/espace-pro\/2024\/09\/11\/reseau-alliances-devient-partenaire-de-lantenne-entreprise-et-decouverte-hauts-de-france\/#breadcrumb\",\"itemListElement\":[{\"@type\":\"ListItem\",\"position\":1,\"name\":\"Accueil\",\"item\":\"https:\/\/www.entrepriseetdecouverte.fr\/espace-pro\/\"},{\"@type\":\"ListItem\",\"position\":2,\"name\":\"R\\u00e9seau Alliances devient partenaire de l\\u2019antenne Entreprise et D\\u00e9couverte Hauts-de-France\"}]},{\"@type\":\"Person\",\"@id\":\"https:\/\/www.entrepriseetdecouverte.fr\/espace-pro\/#\/schema\/person\/afa54fb39faf3548b446e76b3df1cda9\",\"name\":\"Val\\u00e9rie\",\"image\":{\"@type\":\"ImageObject\",\"@id\":\"https:\/\/www.entrepriseetdecouverte.fr\/espace-pro\/#personlogo\",\"inLanguage\":\"fr-FR\",\"url\":\"https:\/\/www.entrepriseetdecouverte.fr\/espace-pro\/wp-content\/uploads\/sites\/2\/2022\/12\/2022-06-14-blh_6515-ed-la-felicita-photo-bruno-le-hir-de-fallois-96x96.jpg\",\"contentUrl\":\"https:\/\/www.entrepriseetdecouverte.fr\/espace-pro\/wp-content\/uploads\/sites\/2\/2022\/12\/2022-06-14-blh_6515-ed-la-felicita-photo-bruno-le-hir-de-fallois-96x96.jpg\",\"caption\":\"Val\\u00e9rie\"},\"url\":\"https:\/\/www.entrepriseetdecouverte.fr\/espace-pro\/author\/valerielefranc\/\"}]}<\/script>\n<!-- \/ Yoast SEO plugin. -->","yoast_head_json":{"description":"R\u00e9seau Alliances, premier r\u00e9seau d\u2019acteurs \u00e9conomiques engag\u00e9s pour impulser une \u00e9conomie plus responsable rejoint le Comit\u00e9 de pilotage de l\u2019antenne r\u00e9gionale Hauts-de-France. Cette collaboration vise \u00e0 renforcer les synergies pour d\u00e9velopper et valoriser l\u2019engagement des entreprises \u00e0 travers l\u2019ouverture aux publics. R\u00e9seau Alliances, premier r\u00e9seau d\u2019acteurs \u00e9conomiques engag\u00e9s pour impulser une \u00e9conomie plus responsable rejoint le Comit\u00e9 de pilotage de l\u2019antenne r\u00e9gionale Hauts-de-France. Une collaboration qui vise \u00e0 renforcer les synergies pour d\u00e9velopper et valoriser l\u2019engagement des entreprises \u00e0 travers l\u2019ouverture aux publics.","robots":{"index":"index","follow":"follow","max-snippet":"max-snippet:-1","max-image-preview":"max-image-preview:large","max-video-preview":"max-video-preview:-1"},"canonical":"https:\/\/www.entrepriseetdecouverte.fr\/espace-pro\/2024\/09\/11\/reseau-alliances-devient-partenaire-de-lantenne-entreprise-et-decouverte-hauts-de-france\/","og_locale":"fr_FR","og_type":"article","og_title":"R\u00e9seau Alliances devient partenaire - Entreprise et D\u00e9couverte","og_description":"R\u00e9seau Alliances, premier r\u00e9seau d\u2019acteurs \u00e9conomiques engag\u00e9s pour impulser une \u00e9conomie plus responsable rejoint le Comit\u00e9 de pilotage de l\u2019antenne r\u00e9gionale Hauts-de-France. Cette collaboration vise \u00e0 renforcer les synergies pour d\u00e9velopper et valoriser l\u2019engagement des entreprises \u00e0 travers l\u2019ouverture aux publics. R\u00e9seau Alliances, premier r\u00e9seau d\u2019acteurs \u00e9conomiques engag\u00e9s pour impulser une \u00e9conomie plus responsable rejoint le Comit\u00e9 de pilotage de l\u2019antenne r\u00e9gionale Hauts-de-France. Une collaboration qui vise \u00e0 renforcer les synergies pour d\u00e9velopper et valoriser l\u2019engagement des entreprises \u00e0 travers l\u2019ouverture aux publics.","og_url":"https:\/\/www.entrepriseetdecouverte.fr\/espace-pro\/2024\/09\/11\/reseau-alliances-devient-partenaire-de-lantenne-entreprise-et-decouverte-hauts-de-france\/","og_site_name":"Espace Pro","article_published_time":"2024-09-11T09:51:56+00:00","article_modified_time":"2024-09-11T12:42:02+00:00","og_image":[{"width":1920,"height":1280,"url":"https:\/\/www.entrepriseetdecouverte.fr\/espace-pro\/wp-content\/uploads\/sites\/2\/2024\/09\/environmental-protection-4366503_1920.jpg","type":"image\/jpeg"}],"twitter_card":"summary_large_image","twitter_misc":{"\u00c9crit par":"Val\u00e9rie","Dur\u00e9e de lecture estim\u00e9e":"3 minutes"},"schema":{"@context":"https:\/\/schema.org","@graph":[{"@type":"WebSite","@id":"https:\/\/www.entrepriseetdecouverte.fr\/espace-pro\/#website","url":"https:\/\/www.entrepriseetdecouverte.fr\/espace-pro\/","name":"Espace Pro","description":"Un site utilisant Entreprise et D\u00e9couverte Sites","potentialAction":[{"@type":"SearchAction","target":{"@type":"EntryPoint","urlTemplate":"https:\/\/www.entrepriseetdecouverte.fr\/espace-pro\/?s={search_term_string}"},"query-input":"required name=search_term_string"}],"inLanguage":"fr-FR"},{"@type":"ImageObject","@id":"https:\/\/www.entrepriseetdecouverte.fr\/espace-pro\/2024\/09\/11\/reseau-alliances-devient-partenaire-de-lantenne-entreprise-et-decouverte-hauts-de-france\/#primaryimage","inLanguage":"fr-FR","url":"https:\/\/www.entrepriseetdecouverte.fr\/espace-pro\/wp-content\/uploads\/sites\/2\/2024\/09\/environmental-protection-4366503_1920.jpg","contentUrl":"https:\/\/www.entrepriseetdecouverte.fr\/espace-pro\/wp-content\/uploads\/sites\/2\/2024\/09\/environmental-protection-4366503_1920.jpg","width":1920,"height":1280},{"@type":"WebPage","@id":"https:\/\/www.entrepriseetdecouverte.fr\/espace-pro\/2024\/09\/11\/reseau-alliances-devient-partenaire-de-lantenne-entreprise-et-decouverte-hauts-de-france\/#webpage","url":"https:\/\/www.entrepriseetdecouverte.fr\/espace-pro\/2024\/09\/11\/reseau-alliances-devient-partenaire-de-lantenne-entreprise-et-decouverte-hauts-de-france\/","name":"R\u00e9seau Alliances devient partenaire - Entreprise et D\u00e9couverte","isPartOf":{"@id":"https:\/\/www.entrepriseetdecouverte.fr\/espace-pro\/#website"},"primaryImageOfPage":{"@id":"https:\/\/www.entrepriseetdecouverte.fr\/espace-pro\/2024\/09\/11\/reseau-alliances-devient-partenaire-de-lantenne-entreprise-et-decouverte-hauts-de-france\/#primaryimage"},"datePublished":"2024-09-11T09:51:56+00:00","dateModified":"2024-09-11T12:42:02+00:00","author":{"@id":"https:\/\/www.entrepriseetdecouverte.fr\/espace-pro\/#\/schema\/person\/afa54fb39faf3548b446e76b3df1cda9"},"description":"R\u00e9seau Alliances, premier r\u00e9seau d\u2019acteurs \u00e9conomiques engag\u00e9s pour impulser une \u00e9conomie plus responsable rejoint le Comit\u00e9 de pilotage de l\u2019antenne r\u00e9gionale Hauts-de-France. Cette collaboration vise \u00e0 renforcer les synergies pour d\u00e9velopper et valoriser l\u2019engagement des entreprises \u00e0 travers l\u2019ouverture aux publics. R\u00e9seau Alliances, premier r\u00e9seau d\u2019acteurs \u00e9conomiques engag\u00e9s pour impulser une \u00e9conomie plus responsable rejoint le Comit\u00e9 de pilotage de l\u2019antenne r\u00e9gionale Hauts-de-France. Une collaboration qui vise \u00e0 renforcer les synergies pour d\u00e9velopper et valoriser l\u2019engagement des entreprises \u00e0 travers l\u2019ouverture aux publics.","breadcrumb":{"@id":"https:\/\/www.entrepriseetdecouverte.fr\/espace-pro\/2024\/09\/11\/reseau-alliances-devient-partenaire-de-lantenne-entreprise-et-decouverte-hauts-de-france\/#breadcrumb"},"inLanguage":"fr-FR","potentialAction":[{"@type":"ReadAction","target":["https:\/\/www.entrepriseetdecouverte.fr\/espace-pro\/2024\/09\/11\/reseau-alliances-devient-partenaire-de-lantenne-entreprise-et-decouverte-hauts-de-france\/"]}]},{"@type":"BreadcrumbList","@id":"https:\/\/www.entrepriseetdecouverte.fr\/espace-pro\/2024\/09\/11\/reseau-alliances-devient-partenaire-de-lantenne-entreprise-et-decouverte-hauts-de-france\/#breadcrumb","itemListElement":[{"@type":"ListItem","position":1,"name":"Accueil","item":"https:\/\/www.entrepriseetdecouverte.fr\/espace-pro\/"},{"@type":"ListItem","position":2,"name":"R\u00e9seau Alliances devient partenaire de l\u2019antenne Entreprise et D\u00e9couverte Hauts-de-France"}]},{"@type":"Person","@id":"https:\/\/www.entrepriseetdecouverte.fr\/espace-pro\/#\/schema\/person\/afa54fb39faf3548b446e76b3df1cda9","name":"Val\u00e9rie","image":{"@type":"ImageObject","@id":"https:\/\/www.entrepriseetdecouverte.fr\/espace-pro\/#personlogo","inLanguage":"fr-FR","url":"https:\/\/www.entrepriseetdecouverte.fr\/espace-pro\/wp-content\/uploads\/sites\/2\/2022\/12\/2022-06-14-blh_6515-ed-la-felicita-photo-bruno-le-hir-de-fallois-96x96.jpg","contentUrl":"https:\/\/www.entrepriseetdecouverte.fr\/espace-pro\/wp-content\/uploads\/sites\/2\/2022\/12\/2022-06-14-blh_6515-ed-la-felicita-photo-bruno-le-hir-de-fallois-96x96.jpg","caption":"Val\u00e9rie"},"url":"https:\/\/www.entrepriseetdecouverte.fr\/espace-pro\/author\/valerielefranc\/"}]}},"_links":{"self":[{"href":"https:\/\/www.entrepriseetdecouverte.fr\/espace-pro\/wp-json\/wp\/v2\/posts\/69316"}],"collection":[{"href":"https:\/\/www.entrepriseetdecouverte.fr\/espace-pro\/wp-json\/wp\/v2\/posts"}],"about":[{"href":"https:\/\/www.entrepriseetdecouverte.fr\/espace-pro\/wp-json\/wp\/v2\/types\/post"}],"author":[{"embeddable":true,"href":"https:\/\/www.entrepriseetdecouverte.fr\/espace-pro\/wp-json\/wp\/v2\/users\/1272"}],"replies":[{"embeddable":true,"href":"https:\/\/www.entrepriseetdecouverte.fr\/espace-pro\/wp-json\/wp\/v2\/comments?post=69316"}],"version-history":[{"count":77,"href":"https:\/\/www.entrepriseetdecouverte.fr\/espace-pro\/wp-json\/wp\/v2\/posts\/69316\/revisions"}],"predecessor-version":[{"id":69439,"href":"https:\/\/www.entrepriseetdecouverte.fr\/espace-pro\/wp-json\/wp\/v2\/posts\/69316\/revisions\/69439"}],"wp:featuredmedia":[{"embeddable":true,"href":"https:\/\/www.entrepriseetdecouverte.fr\/espace-pro\/wp-json\/wp\/v2\/media\/69318"}],"wp:attachment":[{"href":"https:\/\/www.entrepriseetdecouverte.fr\/espace-pro\/wp-json\/wp\/v2\/media?parent=69316"}],"wp:term":[{"taxonomy":"category","embeddable":true,"href":"https:\/\/www.entrepriseetdecouverte.fr\/espace-pro\/wp-json\/wp\/v2\/categories?post=69316"},{"taxonomy":"post_tag","embeddable":true,"href":"https:\/\/www.entrepriseetdecouverte.fr\/espace-pro\/wp-json\/wp\/v2\/tags?post=69316"}],"curies":[{"name":"wp","href":"https:\/\/api.w.org\/{rel}","templated":true}]}}