{"id":68078,"date":"2023-09-21T17:12:18","date_gmt":"2023-09-21T15:12:18","guid":{"rendered":"https:\/\/www.entrepriseetdecouverte.fr\/espace-pro\/?p=68078"},"modified":"2023-09-21T17:14:11","modified_gmt":"2023-09-21T15:14:11","slug":"participez-aux-5emes-rencontres-de-la-visite-dentreprise","status":"publish","type":"post","link":"https:\/\/www.entrepriseetdecouverte.fr\/espace-pro\/2023\/09\/21\/participez-aux-5emes-rencontres-de-la-visite-dentreprise\/","title":{"rendered":"Participez aux 5\u00e8mes Rencontres de la visite d&rsquo;entreprise !"},"content":{"rendered":"\n<p class=\"is-style-normal\"><\/p>\n\n\n\n<figure class=\"wp-block-image size-large is-style-default\"><img loading=\"lazy\" width=\"1200\" height=\"666\" data-src=\"https:\/\/www.entrepriseetdecouverte.fr\/espace-pro\/wp-content\/uploads\/sites\/2\/2023\/09\/affiche-rnve-septembre2023_paysage-1-1200x666.jpg\" alt=\"\" class=\"wp-image-65490\" data-srcset=\"https:\/\/www.entrepriseetdecouverte.fr\/espace-pro\/wp-content\/uploads\/sites\/2\/2023\/09\/affiche-rnve-septembre2023_paysage-1-1200x666.jpg 1200w, https:\/\/www.entrepriseetdecouverte.fr\/espace-pro\/wp-content\/uploads\/sites\/2\/2023\/09\/affiche-rnve-septembre2023_paysage-1-600x333.jpg 600w, https:\/\/www.entrepriseetdecouverte.fr\/espace-pro\/wp-content\/uploads\/sites\/2\/2023\/09\/affiche-rnve-septembre2023_paysage-1-900x500.jpg 900w, https:\/\/www.entrepriseetdecouverte.fr\/espace-pro\/wp-content\/uploads\/sites\/2\/2023\/09\/affiche-rnve-septembre2023_paysage-1-1536x852.jpg 1536w, https:\/\/www.entrepriseetdecouverte.fr\/espace-pro\/wp-content\/uploads\/sites\/2\/2023\/09\/affiche-rnve-septembre2023_paysage-1-200x111.jpg 200w, https:\/\/www.entrepriseetdecouverte.fr\/espace-pro\/wp-content\/uploads\/sites\/2\/2023\/09\/affiche-rnve-septembre2023_paysage-1-108x60.jpg 108w, https:\/\/www.entrepriseetdecouverte.fr\/espace-pro\/wp-content\/uploads\/sites\/2\/2023\/09\/affiche-rnve-septembre2023_paysage-1.jpg 1600w\" sizes=\"(max-width: 1200px) 100vw, 1200px\" \/><\/figure>\n\n\n\n<h4>Contexte et enjeux <\/h4>\n\n\n\n<p class=\"is-style-normal\">Organis\u00e9es depuis 2016, les Rencontres nationales de la visite d&rsquo;entreprise constituent <strong>le rendez-vous incontournable des acteurs de la fili\u00e8re. <\/strong><\/p>\n\n\n\n<p class=\"is-style-normal\">Cet \u00e9v\u00e9nement BtoB rassemble \u00e0 chaque \u00e9dition <strong>plus de 200 acteurs de la fili\u00e8re <\/strong>: entreprises ouvertes au public ou travaillant sur des projets d&rsquo;ouverture, institutionnels, f\u00e9d\u00e9rations professionnelles et professionnels du tourisme. <\/p>\n\n\n\n<p class=\"is-style-normal\">Apr\u00e8s plusieurs \u00e9ditions en r\u00e9gion (Sochaux en 2017, Aix-en-Provence en 2018 et Saint-Nazaire en 2020), cette \u00e9dition 2023 sera organis\u00e9e \u00e0 Paris au Minist\u00e8re de l&rsquo;Economie et des Finances, lieu des 1\u00e8res Rencontres nationales en 2016. L&rsquo;occasion de <strong>c\u00e9l\u00e9brer les 10 ans de l&rsquo;association<\/strong> Entreprise et D\u00e9couverte, et de dresser un bilan du travail accompli en faveur du d\u00e9veloppement de la fili\u00e8re, et <strong>les nombreuses perspectives \u00e0 venir !<\/strong><\/p>\n\n\n\n<p class=\"is-style-normal\"><\/p>\n\n\n\n<figure class=\"wp-block-gallery alignfull columns-2 is-cropped\"><ul class=\"blocks-gallery-grid\"><li class=\"blocks-gallery-item\"><figure><img loading=\"lazy\" width=\"1200\" height=\"871\" data-src=\"https:\/\/www.entrepriseetdecouverte.fr\/espace-pro\/wp-content\/uploads\/sites\/2\/2023\/09\/rnve2018.jpg\" alt=\"\" data-id=\"68084\" data-link=\"https:\/\/www.entrepriseetdecouverte.fr\/espace-pro\/?attachment_id=68084\" class=\"wp-image-68084\" data-srcset=\"https:\/\/www.entrepriseetdecouverte.fr\/espace-pro\/wp-content\/uploads\/sites\/2\/2023\/09\/rnve2018.jpg 1200w, https:\/\/www.entrepriseetdecouverte.fr\/espace-pro\/wp-content\/uploads\/sites\/2\/2023\/09\/rnve2018-600x436.jpg 600w, https:\/\/www.entrepriseetdecouverte.fr\/espace-pro\/wp-content\/uploads\/sites\/2\/2023\/09\/rnve2018-900x653.jpg 900w, https:\/\/www.entrepriseetdecouverte.fr\/espace-pro\/wp-content\/uploads\/sites\/2\/2023\/09\/rnve2018-200x145.jpg 200w, https:\/\/www.entrepriseetdecouverte.fr\/espace-pro\/wp-content\/uploads\/sites\/2\/2023\/09\/rnve2018-83x60.jpg 83w\" sizes=\"(max-width: 1200px) 100vw, 1200px\" \/><\/figure><\/li><li class=\"blocks-gallery-item\"><figure><img loading=\"lazy\" width=\"800\" height=\"533\" data-src=\"https:\/\/www.entrepriseetdecouverte.fr\/espace-pro\/wp-content\/uploads\/sites\/2\/2023\/09\/rnve2020.2.jpg\" alt=\"\" data-id=\"68085\" data-link=\"https:\/\/www.entrepriseetdecouverte.fr\/espace-pro\/?attachment_id=68085\" class=\"wp-image-68085\" data-srcset=\"https:\/\/www.entrepriseetdecouverte.fr\/espace-pro\/wp-content\/uploads\/sites\/2\/2023\/09\/rnve2020.2.jpg 800w, https:\/\/www.entrepriseetdecouverte.fr\/espace-pro\/wp-content\/uploads\/sites\/2\/2023\/09\/rnve2020.2-600x400.jpg 600w, https:\/\/www.entrepriseetdecouverte.fr\/espace-pro\/wp-content\/uploads\/sites\/2\/2023\/09\/rnve2020.2-200x133.jpg 200w, https:\/\/www.entrepriseetdecouverte.fr\/espace-pro\/wp-content\/uploads\/sites\/2\/2023\/09\/rnve2020.2-90x60.jpg 90w\" sizes=\"(max-width: 800px) 100vw, 800px\" \/><\/figure><\/li><li class=\"blocks-gallery-item\"><figure><img loading=\"lazy\" width=\"800\" height=\"533\" data-src=\"https:\/\/www.entrepriseetdecouverte.fr\/espace-pro\/wp-content\/uploads\/sites\/2\/2023\/09\/rnve2020.6.jpg\" alt=\"\" data-id=\"68087\" data-full-url=\"https:\/\/www.entrepriseetdecouverte.fr\/espace-pro\/wp-content\/uploads\/sites\/2\/2023\/09\/rnve2020.6.jpg\" data-link=\"https:\/\/www.entrepriseetdecouverte.fr\/espace-pro\/?attachment_id=68087\" class=\"wp-image-68087\" data-srcset=\"https:\/\/www.entrepriseetdecouverte.fr\/espace-pro\/wp-content\/uploads\/sites\/2\/2023\/09\/rnve2020.6.jpg 800w, https:\/\/www.entrepriseetdecouverte.fr\/espace-pro\/wp-content\/uploads\/sites\/2\/2023\/09\/rnve2020.6-600x400.jpg 600w, https:\/\/www.entrepriseetdecouverte.fr\/espace-pro\/wp-content\/uploads\/sites\/2\/2023\/09\/rnve2020.6-200x133.jpg 200w, https:\/\/www.entrepriseetdecouverte.fr\/espace-pro\/wp-content\/uploads\/sites\/2\/2023\/09\/rnve2020.6-90x60.jpg 90w\" sizes=\"(max-width: 800px) 100vw, 800px\" \/><\/figure><\/li><li class=\"blocks-gallery-item\"><figure><img loading=\"lazy\" width=\"800\" height=\"533\" data-src=\"https:\/\/www.entrepriseetdecouverte.fr\/espace-pro\/wp-content\/uploads\/sites\/2\/2023\/09\/rnve2020.11-1.jpg\" alt=\"\" data-id=\"68088\" data-full-url=\"https:\/\/www.entrepriseetdecouverte.fr\/espace-pro\/wp-content\/uploads\/sites\/2\/2023\/09\/rnve2020.11-1.jpg\" data-link=\"https:\/\/www.entrepriseetdecouverte.fr\/espace-pro\/?attachment_id=68088\" class=\"wp-image-68088\" data-srcset=\"https:\/\/www.entrepriseetdecouverte.fr\/espace-pro\/wp-content\/uploads\/sites\/2\/2023\/09\/rnve2020.11-1.jpg 800w, https:\/\/www.entrepriseetdecouverte.fr\/espace-pro\/wp-content\/uploads\/sites\/2\/2023\/09\/rnve2020.11-1-600x400.jpg 600w, https:\/\/www.entrepriseetdecouverte.fr\/espace-pro\/wp-content\/uploads\/sites\/2\/2023\/09\/rnve2020.11-1-200x133.jpg 200w, https:\/\/www.entrepriseetdecouverte.fr\/espace-pro\/wp-content\/uploads\/sites\/2\/2023\/09\/rnve2020.11-1-90x60.jpg 90w\" sizes=\"(max-width: 800px) 100vw, 800px\" \/><\/figure><\/li><\/ul><figcaption class=\"blocks-gallery-caption\"><em>\u00a9B. Le Hir de Fallois<\/em><\/figcaption><\/figure>\n\n\n\n<p class=\"is-style-normal\"><\/p>\n\n\n\n<h3>Programme 2023<\/h3>\n\n\n\n<p class=\"is-style-normal has-medium-font-size\"><strong>&gt; Mardi 10 octobre<\/strong><\/p>\n\n\n\n<p class=\"is-style-normal\">Journ\u00e9e d\u2019\u00e9changes et de t\u00e9moignages, au&nbsp;<strong>centre de conf\u00e9rences Pierre Mend\u00e8s-France<\/strong>&nbsp;(Minist\u00e8re de l\u2019Economie et des Finances)&nbsp;<\/p>\n\n\n\n<ul><li>Trois tables rondes anim\u00e9es par&nbsp;<strong>Rapha\u00eblle Duchemin<\/strong>&nbsp; :&nbsp;<\/li><\/ul>\n\n\n\n<ol><li><strong>La Visite d\u2019Entreprise au service du d\u00e9veloppement durable<\/strong> \/\/ La visite d\u2019entreprise soul\u00e8ve des enjeux \u00e9troitement li\u00e9es \u00e0 <strong>l\u2019\u00e9mergence d\u2019un nouveau mod\u00e8le d\u2019entreprise,<\/strong> d\u2019une nouvelle relation entre l\u2019entreprise et le citoyen consommateur et \u00e0 la place cl\u00e9 des enjeux environnementaux.<\/li><\/ol>\n\n\n\n<ol start=\"2\"><li><strong>Les mod\u00e8les \u00e9conomiques de la visite d&rsquo;entreprise<\/strong> \/\/ Il n&rsquo;y a en r\u00e9alit\u00e9 pas UN mais DES mod\u00e8les \u00e9conomiques de la visite d&rsquo;entreprise. Pour certaines entreprises, c&rsquo;est <strong>une source premi\u00e8re de revenus,<\/strong> pour d&rsquo;autres, c&rsquo;est un <strong>outil efficace au service de l&rsquo;engagement RSE \u00e0 un co\u00fbt limit\u00e9<\/strong>. Qu&rsquo;en est-il pour les territoires? Qu&rsquo;est-ce que la visite d&rsquo;entreprise rapporte et co\u00fbte aux <strong>institutionnels du tourisme<\/strong> qui engagent une action #Tourisme de savoir-faire ?<\/li><\/ol>\n\n\n\n<ol start=\"3\"><li><strong>R\u00e9pondre<\/strong> <strong>aux contraintes de la visite d\u2019entreprise<\/strong> \/\/ La s\u00e9curit\u00e9 est une question cl\u00e9 du tourisme de savoir-faire puisque <strong>le public ext\u00e9rieur est accueilli dans les espaces de travail<\/strong>. Quelles sont les mesures de s\u00e9curit\u00e9 \u00e0 adopter, quelles sont les d\u00e9marches administratives \u00e0 entreprendre ?<\/li><\/ol>\n\n\n\n<p class=\"is-style-normal\"><\/p>\n\n\n\n<ul><li>Un grand atelier anim\u00e9 par le <strong>BercyLab <\/strong>\/\/ Promotion et commercialisation de la visite d&rsquo;entreprise<\/li><\/ul>\n\n\n\n<p class=\"is-style-normal\"><\/p>\n\n\n\n<p class=\"is-style-normal has-medium-font-size\"> &gt; <strong>Mercredi 11 octobre matin<\/strong><\/p>\n\n\n\n<p class=\"is-style-normal\">Visites d&rsquo;entreprises embl\u00e9matiques en Ile-de-France. Sur inscription pr\u00e9alable, visites r\u00e9serv\u00e9es aux participants des Rencontres nationales. <\/p>\n\n\n\n<p class=\"is-style-normal\"><\/p>\n\n\n\n<p class=\"is-style-highlight has-medium-font-size\"><strong>T\u00e9l\u00e9charger le programme complet <a href=\"https:\/\/www.entrepriseetdecouverte.fr\/wp-content\/uploads\/2023\/09\/programme-5eme-rencontres-nationales-de-la-visite-dentreprise-2023.pdf\" target=\"_blank\" rel=\"noreferrer noopener\">ici<\/a><\/strong><\/p>\n\n\n\n<h3>Visites du mercredi 11 octobre<\/h3>\n\n\n\n<div class=\"wp-block-media-text alignwide is-stacked-on-mobile is-image-fill\"><figure class=\"wp-block-media-text__media\" style=\"background-image:url(https:\/\/www.entrepriseetdecouverte.fr\/wp-content\/uploads\/2023\/04\/edf-lab-de-chatou.1.jpg);background-position:50% 50%\"><img data-src=\"https:\/\/www.entrepriseetdecouverte.fr\/wp-content\/uploads\/2023\/04\/edf-lab-de-chatou.1.jpg\" alt=\"\" class=\"wp-image-91569 size-full\"\/><\/figure><div class=\"wp-block-media-text__content\">\n<p class=\"is-style-normal\"><\/p>\n\n\n\n<p class=\"is-style-normal\"><strong>EDF LAB DE CHATOU<\/strong> <\/p>\n\n\n\n<p class=\"is-style-normal\" style=\"font-size:14px\">Participez \u00e0 la visite des&nbsp;<strong>laboratoires embl\u00e9matiques de la Recherche &amp; D\u00e9veloppement d\u2019EDF<\/strong>&nbsp;! Venez d\u00e9couvrir l\u2019\u00e9tendue des travaux effectu\u00e9s par les chercheurs de la R&amp;D d\u2019EDF Chatou sur les th\u00e8mes de l&rsquo;hydraulique, du nucl\u00e9aire, des t\u00e9l\u00e9communications, de l&rsquo;environnement et des \u00e9nergies renouvelables.<br>Vivez une exp\u00e9rience unique,&nbsp;<strong>en visitant notamment la halle d\u2019essais d\u2019une surface de 10 000 m\u00b2,&nbsp;qui abrite plusieurs maquettes, reproduction \u00e0 l\u2019identique, de nos sites industrielles,&nbsp;destin\u00e9es \u00e0 la recherche industrielle<\/strong>&nbsp;en lien avec l\u2019hydraulique.<\/p>\n\n\n\n<p class=\"is-style-normal\"><\/p>\n<\/div><\/div>\n\n\n\n<p class=\"is-style-normal\"><\/p>\n\n\n\n<div class=\"wp-block-media-text alignwide has-media-on-the-right is-stacked-on-mobile is-image-fill\"><figure class=\"wp-block-media-text__media\" style=\"background-image:url(https:\/\/www.entrepriseetdecouverte.fr\/wp-content\/uploads\/2023\/06\/mobilier-national_reserves.jpg);background-position:50% 50%\"><img data-src=\"https:\/\/www.entrepriseetdecouverte.fr\/wp-content\/uploads\/2023\/06\/mobilier-national_reserves.jpg\" alt=\"\" class=\"wp-image-115940 size-full\"\/><\/figure><div class=\"wp-block-media-text__content\">\n<p class=\"is-style-normal\"><\/p>\n\n\n\n<p class=\"is-style-normal has-normal-font-size\"><strong>LES R\u00c9SERVES DU MOBILIER NATIONAL<\/strong><\/p>\n\n\n\n<p class=\"is-style-normal\" style=\"font-size:14px\">Soutien des m\u00e9tiers d\u2019art et de la cr\u00e9ation depuis le XVIIe si\u00e8cle, <strong><a href=\"https:\/\/www.entrepriseetdecouverte.fr\/dans-les-coulisses-du-mobilier-national\/\" target=\"_blank\" rel=\"noreferrer noopener\">le Mobilier national<\/a> <\/strong>a pour mission d\u2019assurer&nbsp;<strong>la conservation et la restauration de ses collections uniques au monde,<\/strong>&nbsp;de perp\u00e9tuer et de transmettre des savoir-faire exceptionnels.&nbsp;<br>La visite organis\u00e9e permettra de&nbsp;<strong>d\u00e9couvrir une partie des r\u00e9serves&nbsp;<\/strong>o\u00f9 sont entrepos\u00e9s les mobiliers les plus pr\u00e9cieux. La d\u00e9couverte de quelques-uns des ateliers de restaurations, que tr\u00e8s rarement ouverts \u00e0 la visite, est l\u2019occasion de&nbsp;<strong>mieux conna\u00eetre les savoir-faire de l\u2019institution.<\/strong><\/p>\n\n\n\n<p class=\"is-style-normal\"><\/p>\n<\/div><\/div>\n\n\n\n<p class=\"is-style-normal\"><\/p>\n\n\n\n<div class=\"wp-block-media-text alignwide is-stacked-on-mobile is-image-fill\"><figure class=\"wp-block-media-text__media\" style=\"background-image:url(https:\/\/www.entrepriseetdecouverte.fr\/wp-content\/uploads\/2020\/01\/manufacture-de-sevres-ateliers-copy-lorenz-cugini-1200x800.jpg);background-position:50% 50%\"><img data-src=\"https:\/\/www.entrepriseetdecouverte.fr\/wp-content\/uploads\/2020\/01\/manufacture-de-sevres-ateliers-copy-lorenz-cugini-1200x800.jpg\" alt=\"\" class=\"wp-image-61927 size-full\"\/><\/figure><div class=\"wp-block-media-text__content\">\n<p class=\"is-style-normal\"><\/p>\n\n\n\n<p class=\"is-style-normal\"><strong>S\u00c8VRES&nbsp;&#8211; MANUFACTURE ET MUS\u00c9E NATIONAUX&nbsp;<\/strong><\/p>\n\n\n\n<p class=\"is-style-normal\" style=\"font-size:14px\">Depuis 1740,<strong> <a href=\"https:\/\/www.entrepriseetdecouverte.fr\/visite\/sevres-manufacture-et-musee-nationaux\/\" target=\"_blank\" rel=\"noreferrer noopener\">la Manufacture de S\u00e8vres<\/a> <\/strong>affirme&nbsp;<strong>sa vocation \u00e0 la fois patrimoniale et exp\u00e9rimentale.<\/strong>&nbsp;Elle est un laboratoire unique, vivant, et un acteur important de la sc\u00e8ne artistique, du design et des arts d\u00e9coratifs. Elle puise sa force dans&nbsp;<strong>l\u2019excellence des 120 c\u00e9ramistes<\/strong>&nbsp;qui y exercent et ma\u00eetrisent une trentaine de m\u00e9tiers, mais aussi dans celle de&nbsp;<strong>ses mat\u00e9riaux (p\u00e2tes, couleurs, \u00e9maux&#8230;) fabriqu\u00e9s in situ<\/strong>&nbsp;selon des techniques anciennes pr\u00e9serv\u00e9es et qui sont aujourd&rsquo;hui&nbsp;<strong>des outils d&rsquo;exception.<\/strong> <strong><em>Transfert AR assur\u00e9 en bus depuis Bercy.<\/em><\/strong> <\/p>\n\n\n\n<p class=\"is-style-normal\"><\/p>\n<\/div><\/div>\n\n\n\n<p class=\"is-style-normal\"><\/p>\n\n\n\n<div class=\"wp-block-media-text alignwide has-media-on-the-right is-stacked-on-mobile is-image-fill\"><figure class=\"wp-block-media-text__media\" style=\"background-image:url(https:\/\/www.entrepriseetdecouverte.fr\/wp-content\/uploads\/2018\/06\/m5066_mdp_00052944_ori.jpg);background-position:50% 50%\"><img data-src=\"https:\/\/www.entrepriseetdecouverte.fr\/wp-content\/uploads\/2018\/06\/m5066_mdp_00052944_ori.jpg\" alt=\"Visite mus\u00e9e, famille\" class=\"wp-image-47706 size-full\"\/><\/figure><div class=\"wp-block-media-text__content\">\n<p class=\"is-style-normal\"><\/p>\n\n\n\n<p class=\"is-style-normal\"><strong>LA MONNAIE DE PARIS<\/strong><\/p>\n\n\n\n<p class=\"is-style-normal\" style=\"font-size:14px\"><strong><a href=\"https:\/\/www.entrepriseetdecouverte.fr\/visite\/monnaie-de-paris\/\" target=\"_blank\" rel=\"noreferrer noopener\">La Monnaie de Paris<\/a><\/strong> propose<strong>&nbsp;une exp\u00e9rience sensorielle et interactive<\/strong>, pens\u00e9e autour du m\u00e9tal et des savoir-faire des artisans. <strong>La derni\u00e8re usine en activit\u00e9 dans Paris<\/strong>&nbsp;vous invite \u00e0&nbsp;d\u00e9couvrir ses secrets de fabrication et ses collections patrimoniales exceptionnelles. Plus d\u2019une dizaine d\u2019artisans d\u2019art en allant des graveurs aux patineurs cr\u00e9ent environ&nbsp;<strong>300 000 objets d\u2019art tous les ans<\/strong>. Lors de cette visite exclusive, vous partirez&nbsp;<strong>\u00e0 la rencontre des artisans&nbsp;<\/strong>en d\u00e9couvrant des ateliers de production et \u00e0 travers une d\u00e9monstration de coul\u00e9e dans la fonderie.&nbsp;<\/p>\n\n\n\n<p class=\"is-style-normal\"><\/p>\n<\/div><\/div>\n\n\n\n<p class=\"is-style-normal\"><\/p>\n\n\n\n<div class=\"wp-block-media-text alignwide is-stacked-on-mobile is-image-fill\"><figure class=\"wp-block-media-text__media\" style=\"background-image:url(https:\/\/www.entrepriseetdecouverte.fr\/wp-content\/uploads\/wpetourisme\/entreprise_et_decouverte_printemps_facade-exterieure.jpg);background-position:50% 50%\"><img data-src=\"https:\/\/www.entrepriseetdecouverte.fr\/wp-content\/uploads\/wpetourisme\/entreprise_et_decouverte_printemps_facade-exterieure.jpg\" alt=\"\" class=\"wp-image-59544 size-full\"\/><\/figure><div class=\"wp-block-media-text__content\">\n<p class=\"is-style-normal\"><\/p>\n\n\n\n<p class=\"is-style-normal\"><strong>LES COULISSES DU PRINTEMPS<\/strong><\/p>\n\n\n\n<p class=\"is-style-normal\" style=\"font-size:14px\">Ce parcours guid\u00e9 vous emm\u00e8ne pour la premi\u00e8re fois dans <strong><a href=\"https:\/\/www.entrepriseetdecouverte.fr\/visite\/le-printemps\/\" target=\"_blank\" rel=\"noreferrer noopener\">les coulisses du Printemps<\/a><\/strong>, des souterrains du Grand Magasin<strong>&nbsp;jusqu\u2019au toit jardin et sa vue imprenable sur la capitale<\/strong>, en passant par la c\u00e9l\u00e8bre coupole Art d\u00e9co.<strong>&nbsp;<\/strong>Con\u00e7ue comme&nbsp;<strong>un voyage vertical<\/strong>, cette visite vous fera d\u00e9couvrir l\u2019une des plus belles vues de Paris sur ses toits en zinc, avant de descendre dans les galeries souterraines. Derri\u00e8re sa fa\u00e7ade inscrite aux&nbsp;Monuments Historiques,&nbsp;<strong>le Printemps vous partage 150 ans d&rsquo;histoire !<\/strong><\/p>\n\n\n\n<p class=\"is-style-normal\"><\/p>\n<\/div><\/div>\n\n\n\n<p class=\"is-style-normal\"><\/p>\n\n\n\n<div class=\"wp-block-media-text alignwide has-media-on-the-right is-stacked-on-mobile is-image-fill\"><figure class=\"wp-block-media-text__media\" style=\"background-image:url(https:\/\/www.entrepriseetdecouverte.fr\/wp-content\/uploads\/2020\/01\/lorraine-vierge-de-brugges-de-michel-aange-_-ateliers-dart-moulage-et-chalcographiecprmn-gp-st-denis-2019.jpg);background-position:50% 50%\"><img data-src=\"https:\/\/www.entrepriseetdecouverte.fr\/wp-content\/uploads\/2020\/01\/lorraine-vierge-de-brugges-de-michel-aange-_-ateliers-dart-moulage-et-chalcographiecprmn-gp-st-denis-2019.jpg\" alt=\"\" class=\"wp-image-61934 size-full\"\/><\/figure><div class=\"wp-block-media-text__content\">\n<p class=\"is-style-normal\"><\/p>\n\n\n\n<p class=\"is-style-normal\"><strong>LES ATELIERS D&rsquo;ART DE LA R\u00c9UNION DES MUS\u00c9ES NATIONAUX &#8211; GRAND PALAIS <\/strong><\/p>\n\n\n\n<p class=\"is-style-normal\" style=\"font-size:14px\">Entrer dans les&nbsp;<strong>coulisses des <a href=\"https:\/\/www.entrepriseetdecouverte.fr\/visite\/atelier-dart-moulage-et-chalcographie-reunion-des-musees-nationaux\/\" target=\"_blank\" rel=\"noreferrer noopener\">Ateliers d\u2019art de la Rmn-GP<\/a><\/strong>, c\u2019est d\u00e9couvrir des m\u00e9tiers d\u2019exception et les secrets de reproduction des plus grands chefs-d\u2019\u0153uvre mis \u00e0 la disposition des mus\u00e9es, des institutions publiques et des particuliers.<\/p>\n\n\n\n<p class=\"is-style-normal\" style=\"font-size:14px\">Ces deux ateliers,&nbsp;<strong>Moulage &amp; Chalcographie<\/strong>, cr\u00e9\u00e9s au sein du mus\u00e9e du Louvre, \u00e0 la fin du XVIIIe si\u00e8cle, abritent aujourd\u2019hui de riches collections,&nbsp;<strong>plus de 6 000 moules et de 7&nbsp;000 plaques de cuivre<\/strong>. Ils sont \u00e9galement d\u00e9positaires de savoir-faire traditionnels qui se transmettent et s\u2019allient aujourd\u2019hui \u00e0 des techniques de pointe.<\/p>\n\n\n\n<p class=\"is-style-normal\"><\/p>\n<\/div><\/div>\n\n\n\n<p class=\"is-style-normal\"><\/p>\n\n\n\n<div class=\"wp-block-media-text alignwide is-stacked-on-mobile is-image-fill\"><figure class=\"wp-block-media-text__media\" style=\"background-image:url(https:\/\/www.entrepriseetdecouverte.fr\/wp-content\/uploads\/wpetourisme\/parfumerie_fragonard-fabrique_des_fleurs_entreprise_et_decouvertefragonard-4.jpg);background-position:50% 50%\"><img data-src=\"https:\/\/www.entrepriseetdecouverte.fr\/wp-content\/uploads\/wpetourisme\/parfumerie_fragonard-fabrique_des_fleurs_entreprise_et_decouvertefragonard-4.jpg\" alt=\"\" class=\"wp-image-56446 size-full\"\/><\/figure><div class=\"wp-block-media-text__content\">\n<p class=\"is-style-normal\"><\/p>\n\n\n\n<p class=\"is-style-normal\"><strong>LE MUS\u00c9E DU PARFUM FRAGONARD<\/strong><\/p>\n\n\n\n<p class=\"is-style-normal\" style=\"font-size:14px\">La Parfumerie Fragonard, fond\u00e9e \u00e0 Grasse en 1926, est une entreprise familiale dirig\u00e9e par la quatri\u00e8me g\u00e9n\u00e9ration. L\u2019esprit de la Maison est fid\u00e8lement perp\u00e9tu\u00e9 par les savoir-faire de l\u2019entreprise, visibles lors des <strong>visites d\u2019ateliers de production et des cours de cr\u00e9ation de parfum qui y sont propos\u00e9s<\/strong>. Les collections uniques de flacons anciens et de costumes proven\u00e7aux sont aussi des sources infinies d\u2019inspiration pour toutes les gammes de produits de parfumerie, de cosm\u00e9tique, d\u2019art de vivre et de mode.<\/p>\n\n\n\n<p class=\"is-style-normal\" style=\"font-size:14px\">Situ\u00e9 dans le quartier de l\u2019Op\u00e9ra Garnier \u00e0 Paris, le Mus\u00e9e du Parfum Fragonard accueille amateurs et passionn\u00e9s pour une visite guid\u00e9e \u00e0 la d\u00e9couverte des secrets de fabrication du parfum et son extraordinaire histoire de l\u2019Antiquit\u00e9 \u00e0 nos jours. Pendant la visite, votre guide vous proposera de d\u00e9couvrir le Narcisse, fleur c\u00e9l\u00e9br\u00e9e cette ann\u00e9e chez Fragonard, et de <strong>vous initier au concept de pyramide olfactive pour cr\u00e9er 12ml de votre propre eau de toilette.<\/strong><\/p>\n\n\n\n<p class=\"is-style-normal\"><\/p>\n<\/div><\/div>\n\n\n\n<p class=\"is-style-normal\"><\/p>\n\n\n\n<div class=\"wp-block-media-text alignwide has-media-on-the-right is-stacked-on-mobile is-image-fill\"><figure class=\"wp-block-media-text__media\" style=\"background-image:url(https:\/\/www.entrepriseetdecouverte.fr\/wp-content\/uploads\/2023\/06\/fabrique-du-metro.jpg);background-position:50% 50%\"><img data-src=\"https:\/\/www.entrepriseetdecouverte.fr\/wp-content\/uploads\/2023\/06\/fabrique-du-metro.jpg\" alt=\"\" class=\"wp-image-115973 size-full\"\/><\/figure><div class=\"wp-block-media-text__content\">\n<p class=\"is-style-normal\"><\/p>\n\n\n\n<p class=\"is-style-normal\"><strong>LA FABRIQUE DU M\u00c9TRO<\/strong><\/p>\n\n\n\n<p class=\"is-style-normal\" style=\"font-size:14px\">La Fabrique du M\u00e9tro est un lieu novateur con\u00e7u par la Soci\u00e9t\u00e9 du Grand Paris pour vous raconter le Grand Paris Express \u00e0 travers son histoire, sa r\u00e9alisation ou encore ses m\u00e9tiers.<br>Des quais de m\u00e9tro jusqu\u2019au hall de la gare,&nbsp;<strong>suivez le parcours d\u2019un futur voyageur<\/strong>&nbsp;et d\u00e9couvrez les diff\u00e9rentes facettes de cette aventure humaine et technique hors norme.&nbsp;<strong>Rame de m\u00e9tro et gare grandeur nature<\/strong>, maquettes des gares, projections vid\u00e9o, conf\u00e9rences, animations familiales, tout est mis en place pour vous faire vivre une exp\u00e9rience in\u00e9dite !&nbsp;<\/p>\n\n\n\n<p class=\"is-style-normal\"><\/p>\n<\/div><\/div>\n\n\n\n<p class=\"is-style-normal\"><\/p>\n\n\n\n<h4 class=\"has-normal-font-size\">&gt; Informations pratiques<\/h4>\n\n\n\n<p class=\"is-style-normal\"><strong>Mardi 10 octobre <\/strong><br><strong>Tables rondes et conf\u00e9rences :&nbsp;<\/strong><br>Centre de conf\u00e9rence Pierre Mend\u00e8s-France<br>Minist\u00e8re de l&rsquo;Economie, des Finances et de la Souverainet\u00e9 num\u00e9rique et industrielle<br>139 rue de Bercy, 75012 Paris<\/p>\n\n\n\n<p class=\"is-style-normal\">Accueil \u00e0 partir de 9h00, cl\u00f4ture de la journ\u00e9e \u00e0 17h30.&nbsp;&nbsp;<br>Attention, une&nbsp;<strong>pi\u00e8ce d&rsquo;identit\u00e9 est obligatoire<\/strong>&nbsp;pour acc\u00e9der au centre de conf\u00e9rence.&nbsp;<br><strong>Inscription obligatoire 72h&nbsp;avant l&rsquo;\u00e9v\u00e9nement.<\/strong><br><strong>Aucune entr\u00e9e ne sera autoris\u00e9e sur place sans inscription pr\u00e9alable.&nbsp;<\/strong><\/p>\n\n\n\n<p class=\"is-style-normal\"><strong>Acc\u00e8s&nbsp;<\/strong><br>&#8211; Depuis la Gare Montparnasse : ligne 6, sortie Bercy (30mn)&nbsp;<br>&#8211; Depuis la Gare de Lyon : 10mn \u00e0 pied<br>&#8211; Depuis la Gare du Nord : RER D, sortie Gare de Lyon (20mn) \/ Ligne 4 et RER A, sortie Gare de Lyon (25mn)&nbsp;<br>&#8211; Depuis la Gare de l&rsquo;Est : ligne 4 et ligne 14, sortie Bercy (20mn)&nbsp;<br>&#8211; Depuis l&rsquo;a\u00e9roport Charles de Gaulle : RER B puis RER A,&nbsp;sortie Gare de Lyon (1h)&nbsp;<br>&#8211; Depuis l&rsquo;a\u00e9roport d&rsquo;Orly : RER B et ligne 6, sortie Bercy (50mn)&nbsp;<\/p>\n\n\n\n<p class=\"is-style-normal\"><\/p>\n\n\n\n<h4>Les partenaires de l&rsquo;\u00e9dition 2023<\/h4>\n\n\n\n<figure class=\"wp-block-gallery columns-1 is-cropped\"><ul class=\"blocks-gallery-grid\"><li class=\"blocks-gallery-item\"><figure><img loading=\"lazy\" width=\"1200\" height=\"304\" data-src=\"https:\/\/www.entrepriseetdecouverte.fr\/espace-pro\/wp-content\/uploads\/sites\/2\/2023\/09\/logos-partenaires_sept2023.2-1200x304-1.png\" alt=\"\" data-id=\"68097\" data-full-url=\"https:\/\/www.entrepriseetdecouverte.fr\/espace-pro\/wp-content\/uploads\/sites\/2\/2023\/09\/logos-partenaires_sept2023.2-1200x304-1.png\" data-link=\"https:\/\/www.entrepriseetdecouverte.fr\/espace-pro\/?attachment_id=68097\" class=\"wp-image-68097\" data-srcset=\"https:\/\/www.entrepriseetdecouverte.fr\/espace-pro\/wp-content\/uploads\/sites\/2\/2023\/09\/logos-partenaires_sept2023.2-1200x304-1.png 1200w, https:\/\/www.entrepriseetdecouverte.fr\/espace-pro\/wp-content\/uploads\/sites\/2\/2023\/09\/logos-partenaires_sept2023.2-1200x304-1-600x152.png 600w, https:\/\/www.entrepriseetdecouverte.fr\/espace-pro\/wp-content\/uploads\/sites\/2\/2023\/09\/logos-partenaires_sept2023.2-1200x304-1-900x228.png 900w, https:\/\/www.entrepriseetdecouverte.fr\/espace-pro\/wp-content\/uploads\/sites\/2\/2023\/09\/logos-partenaires_sept2023.2-1200x304-1-200x51.png 200w, https:\/\/www.entrepriseetdecouverte.fr\/espace-pro\/wp-content\/uploads\/sites\/2\/2023\/09\/logos-partenaires_sept2023.2-1200x304-1-237x60.png 237w\" sizes=\"(max-width: 1200px) 100vw, 1200px\" \/><\/figure><\/li><\/ul><\/figure>\n\n\n\n<p class=\"is-style-highlight has-medium-font-size\"><strong><a href=\"https:\/\/my.weezevent.com\/5emes-rencontres-nationales-de-la-visite-dentreprise\" target=\"_blank\" rel=\"noreferrer noopener\">S&rsquo;inscrire<\/a> aux Rencontres nationales de la visite d&rsquo;entreprise 2023 <\/strong><em>(inscription obligatoire,<strong> <\/strong>professionnels uniquement)<\/em> <\/p>\n","protected":false},"excerpt":{"rendered":"<p>Les Rencontres nationales de la visite d\u2019entreprise sont LE rendez-vous annuel des acteurs du Tourisme de savoir-faire en France. Cet \u00e9v\u00e9nement revient pour une 5\u00e8me \u00e9dition les 10 et 11 octobre 2023 \u00e0 Paris, au Minist\u00e8re de l\u2019Economie, des Finances et de la Souverainet\u00e9 industrielle et num\u00e9rique.<\/p>\n","protected":false},"author":1160,"featured_media":65490,"comment_status":"open","ping_status":"open","sticky":false,"template":"","format":"standard","meta":{"_relevanssi_hide_post":"","_relevanssi_pin_for_all":"","_relevanssi_pin_keywords":"","_relevanssi_unpin_keywords":"","_relevanssi_related_keywords":"","_relevanssi_related_include_ids":"","_relevanssi_related_exclude_ids":"","_relevanssi_related_no_append":"","_relevanssi_related_not_related":"","_relevanssi_related_posts":"62002,63782,63293,62587,62700,64102","_relevanssi_noindex_reason":""},"categories":[3,4],"tags":[],"yoast_head":"<!-- This site is optimized with the Yoast SEO plugin v17.4 - https:\/\/yoast.com\/wordpress\/plugins\/seo\/ -->\n<meta name=\"description\" content=\"Les Rencontres nationales de la visite d\u2019entreprise sont LE rendez-vous annuel des acteurs du Tourisme de savoir-faire en France. Cet \u00e9v\u00e9nement revient pour une 5\u00e8me \u00e9dition les 10 et 11 octobre 2023 \u00e0 Paris, au Minist\u00e8re de l\u2019Economie, des Finances et de la Souverainet\u00e9 industrielle et num\u00e9rique.\" \/>\n<meta name=\"robots\" content=\"index, follow, max-snippet:-1, max-image-preview:large, max-video-preview:-1\" \/>\n<link rel=\"canonical\" href=\"https:\/\/www.entrepriseetdecouverte.fr\/espace-pro\/2023\/09\/21\/participez-aux-5emes-rencontres-de-la-visite-dentreprise\/\" \/>\n<meta property=\"og:locale\" content=\"fr_FR\" \/>\n<meta property=\"og:type\" content=\"article\" \/>\n<meta property=\"og:title\" content=\"5\u00e8mes Rencontres de la visite d&#039;entreprise - Espace Pro\" \/>\n<meta property=\"og:description\" content=\"Les Rencontres nationales de la visite d\u2019entreprise sont LE rendez-vous annuel des acteurs du Tourisme de savoir-faire en France. Cet \u00e9v\u00e9nement revient pour une 5\u00e8me \u00e9dition les 10 et 11 octobre 2023 \u00e0 Paris, au Minist\u00e8re de l\u2019Economie, des Finances et de la Souverainet\u00e9 industrielle et num\u00e9rique.\" \/>\n<meta property=\"og:url\" content=\"https:\/\/www.entrepriseetdecouverte.fr\/espace-pro\/2023\/09\/21\/participez-aux-5emes-rencontres-de-la-visite-dentreprise\/\" \/>\n<meta property=\"og:site_name\" content=\"Espace Pro\" \/>\n<meta property=\"article:published_time\" content=\"2023-09-21T15:12:18+00:00\" \/>\n<meta property=\"article:modified_time\" content=\"2023-09-21T15:14:11+00:00\" \/>\n<meta property=\"og:image\" content=\"https:\/\/www.entrepriseetdecouverte.fr\/espace-pro\/wp-content\/uploads\/sites\/2\/2023\/09\/affiche-rnve-septembre2023_paysage-1.jpg\" \/>\n\t<meta property=\"og:image:width\" content=\"1600\" \/>\n\t<meta property=\"og:image:height\" content=\"888\" \/>\n<meta name=\"twitter:card\" content=\"summary_large_image\" \/>\n<meta name=\"twitter:label1\" content=\"\u00c9crit par\" \/>\n\t<meta name=\"twitter:data1\" content=\"Marie\" \/>\n\t<meta name=\"twitter:label2\" content=\"Dur\u00e9e de lecture estim\u00e9e\" \/>\n\t<meta name=\"twitter:data2\" content=\"9 minutes\" \/>\n<script type=\"application\/ld+json\" class=\"yoast-schema-graph\">{\"@context\":\"https:\/\/schema.org\",\"@graph\":[{\"@type\":\"WebSite\",\"@id\":\"https:\/\/www.entrepriseetdecouverte.fr\/espace-pro\/#website\",\"url\":\"https:\/\/www.entrepriseetdecouverte.fr\/espace-pro\/\",\"name\":\"Espace Pro\",\"description\":\"Un site utilisant Entreprise et D\\u00e9couverte Sites\",\"potentialAction\":[{\"@type\":\"SearchAction\",\"target\":{\"@type\":\"EntryPoint\",\"urlTemplate\":\"https:\/\/www.entrepriseetdecouverte.fr\/espace-pro\/?s={search_term_string}\"},\"query-input\":\"required name=search_term_string\"}],\"inLanguage\":\"fr-FR\"},{\"@type\":\"ImageObject\",\"@id\":\"https:\/\/www.entrepriseetdecouverte.fr\/espace-pro\/2023\/09\/21\/participez-aux-5emes-rencontres-de-la-visite-dentreprise\/#primaryimage\",\"inLanguage\":\"fr-FR\",\"url\":\"https:\/\/www.entrepriseetdecouverte.fr\/espace-pro\/wp-content\/uploads\/sites\/2\/2023\/09\/affiche-rnve-septembre2023_paysage-1.jpg\",\"contentUrl\":\"https:\/\/www.entrepriseetdecouverte.fr\/espace-pro\/wp-content\/uploads\/sites\/2\/2023\/09\/affiche-rnve-septembre2023_paysage-1.jpg\",\"width\":1600,\"height\":888},{\"@type\":\"WebPage\",\"@id\":\"https:\/\/www.entrepriseetdecouverte.fr\/espace-pro\/2023\/09\/21\/participez-aux-5emes-rencontres-de-la-visite-dentreprise\/#webpage\",\"url\":\"https:\/\/www.entrepriseetdecouverte.fr\/espace-pro\/2023\/09\/21\/participez-aux-5emes-rencontres-de-la-visite-dentreprise\/\",\"name\":\"5\\u00e8mes Rencontres de la visite d'entreprise - Espace Pro\",\"isPartOf\":{\"@id\":\"https:\/\/www.entrepriseetdecouverte.fr\/espace-pro\/#website\"},\"primaryImageOfPage\":{\"@id\":\"https:\/\/www.entrepriseetdecouverte.fr\/espace-pro\/2023\/09\/21\/participez-aux-5emes-rencontres-de-la-visite-dentreprise\/#primaryimage\"},\"datePublished\":\"2023-09-21T15:12:18+00:00\",\"dateModified\":\"2023-09-21T15:14:11+00:00\",\"author\":{\"@id\":\"https:\/\/www.entrepriseetdecouverte.fr\/espace-pro\/#\/schema\/person\/3d44b5b8d54214a33448e027b455cd0f\"},\"description\":\"Les Rencontres nationales de la visite d\\u2019entreprise sont LE rendez-vous annuel des acteurs du Tourisme de savoir-faire en France. Cet \\u00e9v\\u00e9nement revient pour une 5\\u00e8me \\u00e9dition les 10 et 11 octobre 2023 \\u00e0 Paris, au Minist\\u00e8re de l\\u2019Economie, des Finances et de la Souverainet\\u00e9 industrielle et num\\u00e9rique.\",\"breadcrumb\":{\"@id\":\"https:\/\/www.entrepriseetdecouverte.fr\/espace-pro\/2023\/09\/21\/participez-aux-5emes-rencontres-de-la-visite-dentreprise\/#breadcrumb\"},\"inLanguage\":\"fr-FR\",\"potentialAction\":[{\"@type\":\"ReadAction\",\"target\":[\"https:\/\/www.entrepriseetdecouverte.fr\/espace-pro\/2023\/09\/21\/participez-aux-5emes-rencontres-de-la-visite-dentreprise\/\"]}]},{\"@type\":\"BreadcrumbList\",\"@id\":\"https:\/\/www.entrepriseetdecouverte.fr\/espace-pro\/2023\/09\/21\/participez-aux-5emes-rencontres-de-la-visite-dentreprise\/#breadcrumb\",\"itemListElement\":[{\"@type\":\"ListItem\",\"position\":1,\"name\":\"Accueil\",\"item\":\"https:\/\/www.entrepriseetdecouverte.fr\/espace-pro\/\"},{\"@type\":\"ListItem\",\"position\":2,\"name\":\"Participez aux 5\\u00e8mes Rencontres de la visite d&rsquo;entreprise !\"}]},{\"@type\":\"Person\",\"@id\":\"https:\/\/www.entrepriseetdecouverte.fr\/espace-pro\/#\/schema\/person\/3d44b5b8d54214a33448e027b455cd0f\",\"name\":\"Marie\",\"image\":{\"@type\":\"ImageObject\",\"@id\":\"https:\/\/www.entrepriseetdecouverte.fr\/espace-pro\/#personlogo\",\"inLanguage\":\"fr-FR\",\"url\":\"https:\/\/secure.gravatar.com\/avatar\/2e9d67b0921e033d3b5a8d9435cb686e?s=96&d=mm&r=g\",\"contentUrl\":\"https:\/\/secure.gravatar.com\/avatar\/2e9d67b0921e033d3b5a8d9435cb686e?s=96&d=mm&r=g\",\"caption\":\"Marie\"},\"url\":\"https:\/\/www.entrepriseetdecouverte.fr\/espace-pro\/author\/marie\/\"}]}<\/script>\n<!-- \/ Yoast SEO plugin. -->","yoast_head_json":{"description":"Les Rencontres nationales de la visite d\u2019entreprise sont LE rendez-vous annuel des acteurs du Tourisme de savoir-faire en France. Cet \u00e9v\u00e9nement revient pour une 5\u00e8me \u00e9dition les 10 et 11 octobre 2023 \u00e0 Paris, au Minist\u00e8re de l\u2019Economie, des Finances et de la Souverainet\u00e9 industrielle et num\u00e9rique.","robots":{"index":"index","follow":"follow","max-snippet":"max-snippet:-1","max-image-preview":"max-image-preview:large","max-video-preview":"max-video-preview:-1"},"canonical":"https:\/\/www.entrepriseetdecouverte.fr\/espace-pro\/2023\/09\/21\/participez-aux-5emes-rencontres-de-la-visite-dentreprise\/","og_locale":"fr_FR","og_type":"article","og_title":"5\u00e8mes Rencontres de la visite d'entreprise - Espace Pro","og_description":"Les Rencontres nationales de la visite d\u2019entreprise sont LE rendez-vous annuel des acteurs du Tourisme de savoir-faire en France. Cet \u00e9v\u00e9nement revient pour une 5\u00e8me \u00e9dition les 10 et 11 octobre 2023 \u00e0 Paris, au Minist\u00e8re de l\u2019Economie, des Finances et de la Souverainet\u00e9 industrielle et num\u00e9rique.","og_url":"https:\/\/www.entrepriseetdecouverte.fr\/espace-pro\/2023\/09\/21\/participez-aux-5emes-rencontres-de-la-visite-dentreprise\/","og_site_name":"Espace Pro","article_published_time":"2023-09-21T15:12:18+00:00","article_modified_time":"2023-09-21T15:14:11+00:00","og_image":[{"width":1600,"height":888,"url":"https:\/\/www.entrepriseetdecouverte.fr\/espace-pro\/wp-content\/uploads\/sites\/2\/2023\/09\/affiche-rnve-septembre2023_paysage-1.jpg","type":"image\/jpeg"}],"twitter_card":"summary_large_image","twitter_misc":{"\u00c9crit par":"Marie","Dur\u00e9e de lecture estim\u00e9e":"9 minutes"},"schema":{"@context":"https:\/\/schema.org","@graph":[{"@type":"WebSite","@id":"https:\/\/www.entrepriseetdecouverte.fr\/espace-pro\/#website","url":"https:\/\/www.entrepriseetdecouverte.fr\/espace-pro\/","name":"Espace Pro","description":"Un site utilisant Entreprise et D\u00e9couverte Sites","potentialAction":[{"@type":"SearchAction","target":{"@type":"EntryPoint","urlTemplate":"https:\/\/www.entrepriseetdecouverte.fr\/espace-pro\/?s={search_term_string}"},"query-input":"required name=search_term_string"}],"inLanguage":"fr-FR"},{"@type":"ImageObject","@id":"https:\/\/www.entrepriseetdecouverte.fr\/espace-pro\/2023\/09\/21\/participez-aux-5emes-rencontres-de-la-visite-dentreprise\/#primaryimage","inLanguage":"fr-FR","url":"https:\/\/www.entrepriseetdecouverte.fr\/espace-pro\/wp-content\/uploads\/sites\/2\/2023\/09\/affiche-rnve-septembre2023_paysage-1.jpg","contentUrl":"https:\/\/www.entrepriseetdecouverte.fr\/espace-pro\/wp-content\/uploads\/sites\/2\/2023\/09\/affiche-rnve-septembre2023_paysage-1.jpg","width":1600,"height":888},{"@type":"WebPage","@id":"https:\/\/www.entrepriseetdecouverte.fr\/espace-pro\/2023\/09\/21\/participez-aux-5emes-rencontres-de-la-visite-dentreprise\/#webpage","url":"https:\/\/www.entrepriseetdecouverte.fr\/espace-pro\/2023\/09\/21\/participez-aux-5emes-rencontres-de-la-visite-dentreprise\/","name":"5\u00e8mes Rencontres de la visite d'entreprise - Espace Pro","isPartOf":{"@id":"https:\/\/www.entrepriseetdecouverte.fr\/espace-pro\/#website"},"primaryImageOfPage":{"@id":"https:\/\/www.entrepriseetdecouverte.fr\/espace-pro\/2023\/09\/21\/participez-aux-5emes-rencontres-de-la-visite-dentreprise\/#primaryimage"},"datePublished":"2023-09-21T15:12:18+00:00","dateModified":"2023-09-21T15:14:11+00:00","author":{"@id":"https:\/\/www.entrepriseetdecouverte.fr\/espace-pro\/#\/schema\/person\/3d44b5b8d54214a33448e027b455cd0f"},"description":"Les Rencontres nationales de la visite d\u2019entreprise sont LE rendez-vous annuel des acteurs du Tourisme de savoir-faire en France. Cet \u00e9v\u00e9nement revient pour une 5\u00e8me \u00e9dition les 10 et 11 octobre 2023 \u00e0 Paris, au Minist\u00e8re de l\u2019Economie, des Finances et de la Souverainet\u00e9 industrielle et num\u00e9rique.","breadcrumb":{"@id":"https:\/\/www.entrepriseetdecouverte.fr\/espace-pro\/2023\/09\/21\/participez-aux-5emes-rencontres-de-la-visite-dentreprise\/#breadcrumb"},"inLanguage":"fr-FR","potentialAction":[{"@type":"ReadAction","target":["https:\/\/www.entrepriseetdecouverte.fr\/espace-pro\/2023\/09\/21\/participez-aux-5emes-rencontres-de-la-visite-dentreprise\/"]}]},{"@type":"BreadcrumbList","@id":"https:\/\/www.entrepriseetdecouverte.fr\/espace-pro\/2023\/09\/21\/participez-aux-5emes-rencontres-de-la-visite-dentreprise\/#breadcrumb","itemListElement":[{"@type":"ListItem","position":1,"name":"Accueil","item":"https:\/\/www.entrepriseetdecouverte.fr\/espace-pro\/"},{"@type":"ListItem","position":2,"name":"Participez aux 5\u00e8mes Rencontres de la visite d&rsquo;entreprise !"}]},{"@type":"Person","@id":"https:\/\/www.entrepriseetdecouverte.fr\/espace-pro\/#\/schema\/person\/3d44b5b8d54214a33448e027b455cd0f","name":"Marie","image":{"@type":"ImageObject","@id":"https:\/\/www.entrepriseetdecouverte.fr\/espace-pro\/#personlogo","inLanguage":"fr-FR","url":"https:\/\/secure.gravatar.com\/avatar\/2e9d67b0921e033d3b5a8d9435cb686e?s=96&d=mm&r=g","contentUrl":"https:\/\/secure.gravatar.com\/avatar\/2e9d67b0921e033d3b5a8d9435cb686e?s=96&d=mm&r=g","caption":"Marie"},"url":"https:\/\/www.entrepriseetdecouverte.fr\/espace-pro\/author\/marie\/"}]}},"_links":{"self":[{"href":"https:\/\/www.entrepriseetdecouverte.fr\/espace-pro\/wp-json\/wp\/v2\/posts\/68078"}],"collection":[{"href":"https:\/\/www.entrepriseetdecouverte.fr\/espace-pro\/wp-json\/wp\/v2\/posts"}],"about":[{"href":"https:\/\/www.entrepriseetdecouverte.fr\/espace-pro\/wp-json\/wp\/v2\/types\/post"}],"author":[{"embeddable":true,"href":"https:\/\/www.entrepriseetdecouverte.fr\/espace-pro\/wp-json\/wp\/v2\/users\/1160"}],"replies":[{"embeddable":true,"href":"https:\/\/www.entrepriseetdecouverte.fr\/espace-pro\/wp-json\/wp\/v2\/comments?post=68078"}],"version-history":[{"count":17,"href":"https:\/\/www.entrepriseetdecouverte.fr\/espace-pro\/wp-json\/wp\/v2\/posts\/68078\/revisions"}],"predecessor-version":[{"id":68103,"href":"https:\/\/www.entrepriseetdecouverte.fr\/espace-pro\/wp-json\/wp\/v2\/posts\/68078\/revisions\/68103"}],"wp:featuredmedia":[{"embeddable":true,"href":"https:\/\/www.entrepriseetdecouverte.fr\/espace-pro\/wp-json\/wp\/v2\/media\/65490"}],"wp:attachment":[{"href":"https:\/\/www.entrepriseetdecouverte.fr\/espace-pro\/wp-json\/wp\/v2\/media?parent=68078"}],"wp:term":[{"taxonomy":"category","embeddable":true,"href":"https:\/\/www.entrepriseetdecouverte.fr\/espace-pro\/wp-json\/wp\/v2\/categories?post=68078"},{"taxonomy":"post_tag","embeddable":true,"href":"https:\/\/www.entrepriseetdecouverte.fr\/espace-pro\/wp-json\/wp\/v2\/tags?post=68078"}],"curies":[{"name":"wp","href":"https:\/\/api.w.org\/{rel}","templated":true}]}}