{"id":63963,"date":"2023-06-02T11:24:56","date_gmt":"2023-06-02T09:24:56","guid":{"rendered":"https:\/\/www.entrepriseetdecouverte.fr\/espace-pro\/?p=63963"},"modified":"2023-06-02T11:32:02","modified_gmt":"2023-06-02T09:32:02","slug":"bonduelle-se-tourne-vers-la-visite-dentreprise","status":"publish","type":"post","link":"https:\/\/www.entrepriseetdecouverte.fr\/espace-pro\/2023\/06\/02\/bonduelle-se-tourne-vers-la-visite-dentreprise\/","title":{"rendered":"Bonduelle se tourne vers la visite d&rsquo;entreprise !"},"content":{"rendered":"\n<p class=\"is-style-normal\"><\/p>\n\n\n\n<p class=\"is-style-normal\"><\/p>\n\n\n\n<p class=\"is-style-normal\">En 1862 s\u2019installent \u00e0 Renescure, petit village des Hauts-de-France, deux fr\u00e8res : Louis-Antoine Bonduelle et Louis Lesaffre-Roussell. Au d\u00e9part : une distillerie, malterie et une exploitation agricole. C\u2019est en 1926 qu\u2019une grange abandonn\u00e9e est transform\u00e9e en conserverie. Le succ\u00e8s est rapide, en 1947, l\u2019aventure Bonduelle est lanc\u00e9e !<\/p>\n\n\n\n<h4>Une <strong>entreprise familiale pionni\u00e8re de l\u2019alimentation v\u00e9g\u00e9tale&nbsp;<\/strong><\/h4>\n\n\n\n<p class=\"is-style-normal\"><\/p>\n\n\n\n<div class=\"wp-block-media-text alignwide is-stacked-on-mobile is-image-fill\"><figure class=\"wp-block-media-text__media\" style=\"background-image:url(https:\/\/www.entrepriseetdecouverte.fr\/espace-pro\/wp-content\/uploads\/sites\/2\/2023\/05\/20220929_121803-900x1200.jpg);background-position:50% 50%\"><img loading=\"lazy\" width=\"900\" height=\"1200\" data-src=\"https:\/\/www.entrepriseetdecouverte.fr\/espace-pro\/wp-content\/uploads\/sites\/2\/2023\/05\/20220929_121803-900x1200.jpg\" alt=\"\" class=\"wp-image-63965 size-full\" data-srcset=\"https:\/\/www.entrepriseetdecouverte.fr\/espace-pro\/wp-content\/uploads\/sites\/2\/2023\/05\/20220929_121803-900x1200.jpg 900w, https:\/\/www.entrepriseetdecouverte.fr\/espace-pro\/wp-content\/uploads\/sites\/2\/2023\/05\/20220929_121803-450x600.jpg 450w, https:\/\/www.entrepriseetdecouverte.fr\/espace-pro\/wp-content\/uploads\/sites\/2\/2023\/05\/20220929_121803-675x900.jpg 675w, https:\/\/www.entrepriseetdecouverte.fr\/espace-pro\/wp-content\/uploads\/sites\/2\/2023\/05\/20220929_121803-1152x1536.jpg 1152w, https:\/\/www.entrepriseetdecouverte.fr\/espace-pro\/wp-content\/uploads\/sites\/2\/2023\/05\/20220929_121803-200x267.jpg 200w, https:\/\/www.entrepriseetdecouverte.fr\/espace-pro\/wp-content\/uploads\/sites\/2\/2023\/05\/20220929_121803-45x60.jpg 45w, https:\/\/www.entrepriseetdecouverte.fr\/espace-pro\/wp-content\/uploads\/sites\/2\/2023\/05\/20220929_121803.jpg 1536w\" sizes=\"(max-width: 900px) 100vw, 900px\" \/><\/figure><div class=\"wp-block-media-text__content\">\n<p class=\"is-style-normal\"><\/p>\n\n\n\n<p class=\"is-style-normal\">Aujourd\u2019hui, Bonduelle est <strong>le leader<\/strong> du march\u00e9 des l\u00e9gumes en conserves, bocaux et surgel\u00e9s. L\u2019entreprise est \u00e9galement un acteur majeur et historique de l\u2019\u00e9cosyst\u00e8me agricole dans les Hauts-de-France avec son site de Renescure. <strong>Berceau historique de l\u2019entreprise depuis le milieu du 19<sup>\u00e8me<\/sup> si\u00e8cle<\/strong>, il allie tradition et innovation en rassemblant la ferme familiale historique \u00ab\u00a0La Woestyne\u00a0\u00bb et ses terres cultiv\u00e9es \u00e0 proximit\u00e9 imm\u00e9diate de l\u2019usine.\u00a0<\/p>\n\n\n\n<p class=\"is-style-normal\">Il est le <strong>2<sup>\u00e8me<\/sup> site en Europe avec une production de 95 000 tonnes<\/strong> de conserves, bocaux et 20 000 tonnes de surgel\u00e9s. Au total, c\u2019est plus de 1200 producteurs qui fournissent l\u2019usine en 50 vari\u00e9t\u00e9s de l\u00e9gumes tout au long de l\u2019ann\u00e9e.&nbsp;<\/p>\n\n\n\n<p class=\"is-style-normal\">L\u2019usine de Renescure aujourd\u2019hui fait figure de <strong>site vitrine pour l\u2019entreprise, pourtant celui-ci ne se visite que lo<\/strong>rs de rares occasions.\u00a0<\/p>\n\n\n\n<p class=\"is-style-normal\"><\/p>\n<\/div><\/div>\n\n\n\n<p class=\"is-style-normal\"><\/p>\n\n\n\n<h4><strong>Ouvrir ses portes pour partager ses engagements et son savoir-faire<\/strong><\/h4>\n\n\n\n<p class=\"is-style-normal\"><\/p>\n\n\n\n<div class=\"wp-block-media-text alignwide has-media-on-the-right is-stacked-on-mobile is-image-fill\"><figure class=\"wp-block-media-text__media\" style=\"background-image:url(https:\/\/www.entrepriseetdecouverte.fr\/espace-pro\/wp-content\/uploads\/sites\/2\/2023\/05\/20220929_130727-900x1200.jpg);background-position:50% 50%\"><img loading=\"lazy\" width=\"900\" height=\"1200\" data-src=\"https:\/\/www.entrepriseetdecouverte.fr\/espace-pro\/wp-content\/uploads\/sites\/2\/2023\/05\/20220929_130727-900x1200.jpg\" alt=\"\" class=\"wp-image-63967 size-full\" data-srcset=\"https:\/\/www.entrepriseetdecouverte.fr\/espace-pro\/wp-content\/uploads\/sites\/2\/2023\/05\/20220929_130727-900x1200.jpg 900w, https:\/\/www.entrepriseetdecouverte.fr\/espace-pro\/wp-content\/uploads\/sites\/2\/2023\/05\/20220929_130727-450x600.jpg 450w, https:\/\/www.entrepriseetdecouverte.fr\/espace-pro\/wp-content\/uploads\/sites\/2\/2023\/05\/20220929_130727-675x900.jpg 675w, https:\/\/www.entrepriseetdecouverte.fr\/espace-pro\/wp-content\/uploads\/sites\/2\/2023\/05\/20220929_130727-1152x1536.jpg 1152w, https:\/\/www.entrepriseetdecouverte.fr\/espace-pro\/wp-content\/uploads\/sites\/2\/2023\/05\/20220929_130727-200x267.jpg 200w, https:\/\/www.entrepriseetdecouverte.fr\/espace-pro\/wp-content\/uploads\/sites\/2\/2023\/05\/20220929_130727-45x60.jpg 45w, https:\/\/www.entrepriseetdecouverte.fr\/espace-pro\/wp-content\/uploads\/sites\/2\/2023\/05\/20220929_130727.jpg 1536w\" sizes=\"(max-width: 900px) 100vw, 900px\" \/><\/figure><div class=\"wp-block-media-text__content\">\n<p class=\"is-style-normal\"><\/p>\n\n\n\n<p class=\"is-style-normal\">Bonduelle m\u00e8ne actuellement une r\u00e9flexion pour communiquer diff\u00e9remment sur ses marques, ses engagements et ses produits. Dans le cadre de cette r\u00e9flexion,<strong> le groupe a sollicit\u00e9 Entreprise et D\u00e9couverte pour mener un audit de faisabilit\u00e9<\/strong>, portant sur le d\u00e9veloppement de visites sur le site.\u00a0<\/p>\n\n\n\n<p class=\"is-style-normal\">L\u2019entreprise souhaite faire de son usine <strong>l\u2019incarnation de ses valeurs et engagements<\/strong>\u00a0: \u00ab\u00a0<em>Inspirer la transition vers l\u2019alimentation v\u00e9g\u00e9tale, pour contribuer au bien-\u00eatre de l\u2019Homme et \u00e0 la pr\u00e9servation de la plan\u00e8te<\/em>\u00a0\u00bb.<\/p>\n\n\n\n<p class=\"is-style-normal\">Longtemps discr\u00e8te, <strong>Bonduelle souhaite avec la visite d\u2019entreprise\u00a0engager une d\u00e9marche transparence<\/strong>. L\u2019enjeu\u00a0: faire conna\u00eetre les savoir-faire et engagements RSE sur monde agricole, la transition alimentaire du grand public ou le territoire en lui-m\u00eame.<\/p>\n\n\n\n<p class=\"is-style-normal\"><\/p>\n\n\n\n<p class=\"is-style-normal\"><\/p>\n<\/div><\/div>\n\n\n\n<p class=\"is-style-normal\"><\/p>\n\n\n\n<h4><strong>L\u2019audit de faisabilit\u00e9 men\u00e9 par Entreprise et D\u00e9couverte&nbsp;<\/strong><\/h4>\n\n\n\n<p class=\"is-style-normal\"><\/p>\n\n\n\n<p class=\"is-style-normal\">Sur la base des enjeux de Bonduelle, Entreprise et D\u00e9couverte a \u00e9valu\u00e9 la faisabilit\u00e9 technique du projet et son opportunit\u00e9 strat\u00e9gique et \u00e9conomique&nbsp;:&nbsp; examen des objectifs et atouts du groupe, analyse de l\u2019environnement du site et gestion de ses contraintes, cr\u00e9ation des parcours de visite, \u00e9laboration du mod\u00e8le \u00e9conomique de la visite d\u2019entreprise.&nbsp;<\/p>\n\n\n\n<p class=\"is-style-normal\"><strong>La visite d\u2019entreprise s\u2019inscrit ici dans un projet sur le long terme. Elle est une des composantes majeures de la transformation du site de Renescure.\u00a0<\/strong><\/p>\n\n\n\n<p class=\"is-style-normal\"><\/p>\n\n\n\n<figure class=\"wp-block-image size-large\"><img loading=\"lazy\" width=\"1200\" height=\"900\" data-src=\"https:\/\/www.entrepriseetdecouverte.fr\/espace-pro\/wp-content\/uploads\/sites\/2\/2023\/05\/20220929_124015-1200x900.jpg\" alt=\"\" class=\"wp-image-63974\" data-srcset=\"https:\/\/www.entrepriseetdecouverte.fr\/espace-pro\/wp-content\/uploads\/sites\/2\/2023\/05\/20220929_124015-1200x900.jpg 1200w, https:\/\/www.entrepriseetdecouverte.fr\/espace-pro\/wp-content\/uploads\/sites\/2\/2023\/05\/20220929_124015-600x450.jpg 600w, https:\/\/www.entrepriseetdecouverte.fr\/espace-pro\/wp-content\/uploads\/sites\/2\/2023\/05\/20220929_124015-900x675.jpg 900w, https:\/\/www.entrepriseetdecouverte.fr\/espace-pro\/wp-content\/uploads\/sites\/2\/2023\/05\/20220929_124015-1536x1152.jpg 1536w, https:\/\/www.entrepriseetdecouverte.fr\/espace-pro\/wp-content\/uploads\/sites\/2\/2023\/05\/20220929_124015-200x150.jpg 200w, https:\/\/www.entrepriseetdecouverte.fr\/espace-pro\/wp-content\/uploads\/sites\/2\/2023\/05\/20220929_124015-80x60.jpg 80w, https:\/\/www.entrepriseetdecouverte.fr\/espace-pro\/wp-content\/uploads\/sites\/2\/2023\/05\/20220929_124015.jpg 2048w\" sizes=\"(max-width: 1200px) 100vw, 1200px\" \/><\/figure>\n\n\n\n<p class=\"is-style-highlight has-medium-font-size\"><strong>\u2192 En savoir plus sur les <a href=\"https:\/\/www.entrepriseetdecouverte.fr\/espace-pro\/laccompagnement\/\" target=\"_blank\" rel=\"noreferrer noopener\">accompagnements<\/a> propos\u00e9s par Entreprise et D\u00e9couverte<\/strong> <\/p>\n","protected":false},"excerpt":{"rendered":"<p>Entreprise et D\u00e9couverte accompagne Bonduelle dans son ouverture au public. Le leader du march\u00e9 des l\u00e9gumes en conserves et surgel\u00e9s souhaite utiliser la visite d&rsquo;entreprise pour partager ses savoir-faire et ses engagements !  <\/p>\n","protected":false},"author":1316,"featured_media":63965,"comment_status":"open","ping_status":"open","sticky":false,"template":"","format":"standard","meta":{"_relevanssi_hide_post":"","_relevanssi_pin_for_all":"","_relevanssi_pin_keywords":"","_relevanssi_unpin_keywords":"","_relevanssi_related_keywords":"","_relevanssi_related_include_ids":"","_relevanssi_related_exclude_ids":"","_relevanssi_related_no_append":"","_relevanssi_related_not_related":"","_relevanssi_related_posts":"62348,60031,60841,63002,62363,63062","_relevanssi_noindex_reason":""},"categories":[5],"tags":[],"yoast_head":"<!-- This site is optimized with the Yoast SEO plugin v17.4 - https:\/\/yoast.com\/wordpress\/plugins\/seo\/ -->\n<meta name=\"description\" content=\"Entreprise et D\u00e9couverte accompagne Bonduelle dans son ouverture au public. Le leader du march\u00e9 des l\u00e9gumes en conserves et surgel\u00e9s souhaite utiliser la visite d&#039;entreprise pour partager ses savoir-faire et ses engagements !\" \/>\n<meta name=\"robots\" content=\"index, follow, max-snippet:-1, max-image-preview:large, max-video-preview:-1\" \/>\n<link rel=\"canonical\" href=\"https:\/\/www.entrepriseetdecouverte.fr\/espace-pro\/2023\/06\/02\/bonduelle-se-tourne-vers-la-visite-dentreprise\/\" \/>\n<meta property=\"og:locale\" content=\"fr_FR\" \/>\n<meta property=\"og:type\" content=\"article\" \/>\n<meta property=\"og:title\" content=\"Bonduelle se tourne vers la visite d&#039;entreprise !\" \/>\n<meta property=\"og:description\" content=\"Entreprise et D\u00e9couverte accompagne Bonduelle dans son ouverture au public. Le leader du march\u00e9 des l\u00e9gumes en conserves et surgel\u00e9s souhaite utiliser la visite d&#039;entreprise pour partager ses savoir-faire et ses engagements !\" \/>\n<meta property=\"og:url\" content=\"https:\/\/www.entrepriseetdecouverte.fr\/espace-pro\/2023\/06\/02\/bonduelle-se-tourne-vers-la-visite-dentreprise\/\" \/>\n<meta property=\"og:site_name\" content=\"Espace Pro\" \/>\n<meta property=\"article:published_time\" content=\"2023-06-02T09:24:56+00:00\" \/>\n<meta property=\"article:modified_time\" content=\"2023-06-02T09:32:02+00:00\" \/>\n<meta property=\"og:image\" content=\"https:\/\/www.entrepriseetdecouverte.fr\/espace-pro\/wp-content\/uploads\/sites\/2\/2023\/05\/20220929_121803.jpg\" \/>\n\t<meta property=\"og:image:width\" content=\"1536\" \/>\n\t<meta property=\"og:image:height\" content=\"2048\" \/>\n<meta name=\"twitter:card\" content=\"summary_large_image\" \/>\n<meta name=\"twitter:label1\" content=\"\u00c9crit par\" \/>\n\t<meta name=\"twitter:data1\" content=\"C\u00e9lia\" \/>\n\t<meta name=\"twitter:label2\" content=\"Dur\u00e9e de lecture estim\u00e9e\" \/>\n\t<meta name=\"twitter:data2\" content=\"3 minutes\" \/>\n<script type=\"application\/ld+json\" class=\"yoast-schema-graph\">{\"@context\":\"https:\/\/schema.org\",\"@graph\":[{\"@type\":\"WebSite\",\"@id\":\"https:\/\/www.entrepriseetdecouverte.fr\/espace-pro\/#website\",\"url\":\"https:\/\/www.entrepriseetdecouverte.fr\/espace-pro\/\",\"name\":\"Espace Pro\",\"description\":\"Un site utilisant Entreprise et D\\u00e9couverte Sites\",\"potentialAction\":[{\"@type\":\"SearchAction\",\"target\":{\"@type\":\"EntryPoint\",\"urlTemplate\":\"https:\/\/www.entrepriseetdecouverte.fr\/espace-pro\/?s={search_term_string}\"},\"query-input\":\"required name=search_term_string\"}],\"inLanguage\":\"fr-FR\"},{\"@type\":\"ImageObject\",\"@id\":\"https:\/\/www.entrepriseetdecouverte.fr\/espace-pro\/2023\/06\/02\/bonduelle-se-tourne-vers-la-visite-dentreprise\/#primaryimage\",\"inLanguage\":\"fr-FR\",\"url\":\"https:\/\/www.entrepriseetdecouverte.fr\/espace-pro\/wp-content\/uploads\/sites\/2\/2023\/05\/20220929_121803.jpg\",\"contentUrl\":\"https:\/\/www.entrepriseetdecouverte.fr\/espace-pro\/wp-content\/uploads\/sites\/2\/2023\/05\/20220929_121803.jpg\",\"width\":1536,\"height\":2048},{\"@type\":\"WebPage\",\"@id\":\"https:\/\/www.entrepriseetdecouverte.fr\/espace-pro\/2023\/06\/02\/bonduelle-se-tourne-vers-la-visite-dentreprise\/#webpage\",\"url\":\"https:\/\/www.entrepriseetdecouverte.fr\/espace-pro\/2023\/06\/02\/bonduelle-se-tourne-vers-la-visite-dentreprise\/\",\"name\":\"Bonduelle se tourne vers la visite d'entreprise !\",\"isPartOf\":{\"@id\":\"https:\/\/www.entrepriseetdecouverte.fr\/espace-pro\/#website\"},\"primaryImageOfPage\":{\"@id\":\"https:\/\/www.entrepriseetdecouverte.fr\/espace-pro\/2023\/06\/02\/bonduelle-se-tourne-vers-la-visite-dentreprise\/#primaryimage\"},\"datePublished\":\"2023-06-02T09:24:56+00:00\",\"dateModified\":\"2023-06-02T09:32:02+00:00\",\"author\":{\"@id\":\"https:\/\/www.entrepriseetdecouverte.fr\/espace-pro\/#\/schema\/person\/25272423b537125ab7e1a273575e65c9\"},\"description\":\"Entreprise et D\\u00e9couverte accompagne Bonduelle dans son ouverture au public. Le leader du march\\u00e9 des l\\u00e9gumes en conserves et surgel\\u00e9s souhaite utiliser la visite d'entreprise pour partager ses savoir-faire et ses engagements !\",\"breadcrumb\":{\"@id\":\"https:\/\/www.entrepriseetdecouverte.fr\/espace-pro\/2023\/06\/02\/bonduelle-se-tourne-vers-la-visite-dentreprise\/#breadcrumb\"},\"inLanguage\":\"fr-FR\",\"potentialAction\":[{\"@type\":\"ReadAction\",\"target\":[\"https:\/\/www.entrepriseetdecouverte.fr\/espace-pro\/2023\/06\/02\/bonduelle-se-tourne-vers-la-visite-dentreprise\/\"]}]},{\"@type\":\"BreadcrumbList\",\"@id\":\"https:\/\/www.entrepriseetdecouverte.fr\/espace-pro\/2023\/06\/02\/bonduelle-se-tourne-vers-la-visite-dentreprise\/#breadcrumb\",\"itemListElement\":[{\"@type\":\"ListItem\",\"position\":1,\"name\":\"Accueil\",\"item\":\"https:\/\/www.entrepriseetdecouverte.fr\/espace-pro\/\"},{\"@type\":\"ListItem\",\"position\":2,\"name\":\"Bonduelle se tourne vers la visite d&rsquo;entreprise !\"}]},{\"@type\":\"Person\",\"@id\":\"https:\/\/www.entrepriseetdecouverte.fr\/espace-pro\/#\/schema\/person\/25272423b537125ab7e1a273575e65c9\",\"name\":\"C\\u00e9lia\",\"image\":{\"@type\":\"ImageObject\",\"@id\":\"https:\/\/www.entrepriseetdecouverte.fr\/espace-pro\/#personlogo\",\"inLanguage\":\"fr-FR\",\"url\":\"https:\/\/www.entrepriseetdecouverte.fr\/espace-pro\/wp-content\/uploads\/sites\/2\/2022\/05\/2022-06-14-blh_6485-ed-la-felicita-photo-bruno-le-hir-de-fallois-96x96.jpg\",\"contentUrl\":\"https:\/\/www.entrepriseetdecouverte.fr\/espace-pro\/wp-content\/uploads\/sites\/2\/2022\/05\/2022-06-14-blh_6485-ed-la-felicita-photo-bruno-le-hir-de-fallois-96x96.jpg\",\"caption\":\"C\\u00e9lia\"},\"url\":\"https:\/\/www.entrepriseetdecouverte.fr\/espace-pro\/author\/celiabelradjaa\/\"}]}<\/script>\n<!-- \/ Yoast SEO plugin. -->","yoast_head_json":{"description":"Entreprise et D\u00e9couverte accompagne Bonduelle dans son ouverture au public. Le leader du march\u00e9 des l\u00e9gumes en conserves et surgel\u00e9s souhaite utiliser la visite d'entreprise pour partager ses savoir-faire et ses engagements !","robots":{"index":"index","follow":"follow","max-snippet":"max-snippet:-1","max-image-preview":"max-image-preview:large","max-video-preview":"max-video-preview:-1"},"canonical":"https:\/\/www.entrepriseetdecouverte.fr\/espace-pro\/2023\/06\/02\/bonduelle-se-tourne-vers-la-visite-dentreprise\/","og_locale":"fr_FR","og_type":"article","og_title":"Bonduelle se tourne vers la visite d'entreprise !","og_description":"Entreprise et D\u00e9couverte accompagne Bonduelle dans son ouverture au public. Le leader du march\u00e9 des l\u00e9gumes en conserves et surgel\u00e9s souhaite utiliser la visite d'entreprise pour partager ses savoir-faire et ses engagements !","og_url":"https:\/\/www.entrepriseetdecouverte.fr\/espace-pro\/2023\/06\/02\/bonduelle-se-tourne-vers-la-visite-dentreprise\/","og_site_name":"Espace Pro","article_published_time":"2023-06-02T09:24:56+00:00","article_modified_time":"2023-06-02T09:32:02+00:00","og_image":[{"width":1536,"height":2048,"url":"https:\/\/www.entrepriseetdecouverte.fr\/espace-pro\/wp-content\/uploads\/sites\/2\/2023\/05\/20220929_121803.jpg","type":"image\/jpeg"}],"twitter_card":"summary_large_image","twitter_misc":{"\u00c9crit par":"C\u00e9lia","Dur\u00e9e de lecture estim\u00e9e":"3 minutes"},"schema":{"@context":"https:\/\/schema.org","@graph":[{"@type":"WebSite","@id":"https:\/\/www.entrepriseetdecouverte.fr\/espace-pro\/#website","url":"https:\/\/www.entrepriseetdecouverte.fr\/espace-pro\/","name":"Espace Pro","description":"Un site utilisant Entreprise et D\u00e9couverte Sites","potentialAction":[{"@type":"SearchAction","target":{"@type":"EntryPoint","urlTemplate":"https:\/\/www.entrepriseetdecouverte.fr\/espace-pro\/?s={search_term_string}"},"query-input":"required name=search_term_string"}],"inLanguage":"fr-FR"},{"@type":"ImageObject","@id":"https:\/\/www.entrepriseetdecouverte.fr\/espace-pro\/2023\/06\/02\/bonduelle-se-tourne-vers-la-visite-dentreprise\/#primaryimage","inLanguage":"fr-FR","url":"https:\/\/www.entrepriseetdecouverte.fr\/espace-pro\/wp-content\/uploads\/sites\/2\/2023\/05\/20220929_121803.jpg","contentUrl":"https:\/\/www.entrepriseetdecouverte.fr\/espace-pro\/wp-content\/uploads\/sites\/2\/2023\/05\/20220929_121803.jpg","width":1536,"height":2048},{"@type":"WebPage","@id":"https:\/\/www.entrepriseetdecouverte.fr\/espace-pro\/2023\/06\/02\/bonduelle-se-tourne-vers-la-visite-dentreprise\/#webpage","url":"https:\/\/www.entrepriseetdecouverte.fr\/espace-pro\/2023\/06\/02\/bonduelle-se-tourne-vers-la-visite-dentreprise\/","name":"Bonduelle se tourne vers la visite d'entreprise !","isPartOf":{"@id":"https:\/\/www.entrepriseetdecouverte.fr\/espace-pro\/#website"},"primaryImageOfPage":{"@id":"https:\/\/www.entrepriseetdecouverte.fr\/espace-pro\/2023\/06\/02\/bonduelle-se-tourne-vers-la-visite-dentreprise\/#primaryimage"},"datePublished":"2023-06-02T09:24:56+00:00","dateModified":"2023-06-02T09:32:02+00:00","author":{"@id":"https:\/\/www.entrepriseetdecouverte.fr\/espace-pro\/#\/schema\/person\/25272423b537125ab7e1a273575e65c9"},"description":"Entreprise et D\u00e9couverte accompagne Bonduelle dans son ouverture au public. Le leader du march\u00e9 des l\u00e9gumes en conserves et surgel\u00e9s souhaite utiliser la visite d'entreprise pour partager ses savoir-faire et ses engagements !","breadcrumb":{"@id":"https:\/\/www.entrepriseetdecouverte.fr\/espace-pro\/2023\/06\/02\/bonduelle-se-tourne-vers-la-visite-dentreprise\/#breadcrumb"},"inLanguage":"fr-FR","potentialAction":[{"@type":"ReadAction","target":["https:\/\/www.entrepriseetdecouverte.fr\/espace-pro\/2023\/06\/02\/bonduelle-se-tourne-vers-la-visite-dentreprise\/"]}]},{"@type":"BreadcrumbList","@id":"https:\/\/www.entrepriseetdecouverte.fr\/espace-pro\/2023\/06\/02\/bonduelle-se-tourne-vers-la-visite-dentreprise\/#breadcrumb","itemListElement":[{"@type":"ListItem","position":1,"name":"Accueil","item":"https:\/\/www.entrepriseetdecouverte.fr\/espace-pro\/"},{"@type":"ListItem","position":2,"name":"Bonduelle se tourne vers la visite d&rsquo;entreprise !"}]},{"@type":"Person","@id":"https:\/\/www.entrepriseetdecouverte.fr\/espace-pro\/#\/schema\/person\/25272423b537125ab7e1a273575e65c9","name":"C\u00e9lia","image":{"@type":"ImageObject","@id":"https:\/\/www.entrepriseetdecouverte.fr\/espace-pro\/#personlogo","inLanguage":"fr-FR","url":"https:\/\/www.entrepriseetdecouverte.fr\/espace-pro\/wp-content\/uploads\/sites\/2\/2022\/05\/2022-06-14-blh_6485-ed-la-felicita-photo-bruno-le-hir-de-fallois-96x96.jpg","contentUrl":"https:\/\/www.entrepriseetdecouverte.fr\/espace-pro\/wp-content\/uploads\/sites\/2\/2022\/05\/2022-06-14-blh_6485-ed-la-felicita-photo-bruno-le-hir-de-fallois-96x96.jpg","caption":"C\u00e9lia"},"url":"https:\/\/www.entrepriseetdecouverte.fr\/espace-pro\/author\/celiabelradjaa\/"}]}},"_links":{"self":[{"href":"https:\/\/www.entrepriseetdecouverte.fr\/espace-pro\/wp-json\/wp\/v2\/posts\/63963"}],"collection":[{"href":"https:\/\/www.entrepriseetdecouverte.fr\/espace-pro\/wp-json\/wp\/v2\/posts"}],"about":[{"href":"https:\/\/www.entrepriseetdecouverte.fr\/espace-pro\/wp-json\/wp\/v2\/types\/post"}],"author":[{"embeddable":true,"href":"https:\/\/www.entrepriseetdecouverte.fr\/espace-pro\/wp-json\/wp\/v2\/users\/1316"}],"replies":[{"embeddable":true,"href":"https:\/\/www.entrepriseetdecouverte.fr\/espace-pro\/wp-json\/wp\/v2\/comments?post=63963"}],"version-history":[{"count":21,"href":"https:\/\/www.entrepriseetdecouverte.fr\/espace-pro\/wp-json\/wp\/v2\/posts\/63963\/revisions"}],"predecessor-version":[{"id":64021,"href":"https:\/\/www.entrepriseetdecouverte.fr\/espace-pro\/wp-json\/wp\/v2\/posts\/63963\/revisions\/64021"}],"wp:featuredmedia":[{"embeddable":true,"href":"https:\/\/www.entrepriseetdecouverte.fr\/espace-pro\/wp-json\/wp\/v2\/media\/63965"}],"wp:attachment":[{"href":"https:\/\/www.entrepriseetdecouverte.fr\/espace-pro\/wp-json\/wp\/v2\/media?parent=63963"}],"wp:term":[{"taxonomy":"category","embeddable":true,"href":"https:\/\/www.entrepriseetdecouverte.fr\/espace-pro\/wp-json\/wp\/v2\/categories?post=63963"},{"taxonomy":"post_tag","embeddable":true,"href":"https:\/\/www.entrepriseetdecouverte.fr\/espace-pro\/wp-json\/wp\/v2\/tags?post=63963"}],"curies":[{"name":"wp","href":"https:\/\/api.w.org\/{rel}","templated":true}]}}