{"id":62587,"date":"2021-09-28T10:10:18","date_gmt":"2021-09-28T08:10:18","guid":{"rendered":"https:\/\/www.entrepriseetdecouverte.fr\/espace-pro\/?p=62587"},"modified":"2021-09-28T10:51:23","modified_gmt":"2021-09-28T08:51:23","slug":"replay-webinaire-visite-dentreprise-en-agroalimentaire-enjeux-et-temoignages-dentrepreneurs","status":"publish","type":"post","link":"https:\/\/www.entrepriseetdecouverte.fr\/espace-pro\/2021\/09\/28\/replay-webinaire-visite-dentreprise-en-agroalimentaire-enjeux-et-temoignages-dentrepreneurs\/","title":{"rendered":"[REPLAY] Webinaire \u00ab Visite d&rsquo;entreprise en agroalimentaire : enjeux et t\u00e9moignages d\u2019entrepreneurs \u00bb"},"content":{"rendered":"\n<p class=\"is-style-intro\">Entreprise et D\u00e9couverte a organis\u00e9 lundi 27 septembre un webinaire pour sensibiliser les entreprises du secteur agroalimentaire \u00e0 la visite d\u2019entreprise. D\u00e9couvrez le replay dans cet article. <\/p>\n\n\n\n<p>Pr\u00e8s de 2 000 entreprises ouvrent leurs portes au grand public durant toute l\u2019ann\u00e9e.<\/p>\n\n\n\n<p><strong>Entreprise et D\u00e9couverte<\/strong>, l\u2019association nationale de la visite d\u2019entreprise qui d\u00e9veloppe et valorise la fili\u00e8re visite d\u2019entreprise (ou tourisme de savoir-faire) a d\u00e9cid\u00e9 de laisser la parole aux chefs d\u2019entreprise qui, par leurs t\u00e9moignages et r\u00e9cits d\u2019exp\u00e9rience, ont livr\u00e9&nbsp;<strong>les enjeux de la visite d\u2019entreprise<\/strong>&nbsp;<strong>et du projet tourisme de savoir-faire.<\/strong><\/p>\n\n\n\n<p><a href=\"https:\/\/www.entrepriseetdecouverte.fr\/qui-sommes-nous\/\" target=\"_blank\" rel=\"noreferrer noopener\" aria-label=\"Entreprise et D\u00e9couverte (s\u2019ouvre dans un nouvel onglet)\">Entreprise et D\u00e9couverte<\/a> \u0153uvre pour l\u2019\u00e9mergence de cette nouvelle offre culturelle fran\u00e7aise sur trois plans :<\/p>\n\n\n\n<p><strong>La communication<\/strong>\u00a0pour faire conna\u00eetre les entreprises qui ouvrent leurs portes au grand public, avec notamment le site de la visite d\u2019entreprise : www.entrepriseetdecouverte.fr qui recense 2 000 entreprises de l\u2019industrie \u00e0 l\u2019artisanat d\u2019art. L\u2019association publie \u00e9galement tous les deux ans l\u2019observatoire du tourisme de savoir-faire. De plus, en partenariat avec les \u00e9ditions Hachette, les Guides du Routard de la visite d\u2019entreprise en France puis en PACA ont \u00e9t\u00e9 publi\u00e9s. La derni\u00e8re \u00e9dition, d\u00e9di\u00e9e \u00e0 la Nouvelle-Aquitaine sortira d\u00e9but octobre.<br><a rel=\"noreferrer noopener\" aria-label=\"En savoir plus (s\u2019ouvre dans un nouvel onglet)\" href=\"https:\/\/www.entrepriseetdecouverte.fr\/blog\/\" target=\"_blank\">En savoir plus<\/a><\/p>\n\n\n\n<p><strong>La f\u00e9d\u00e9ration de l\u2019ensemble des acteurs<\/strong>\u00a0pour donner plus de poids \u00e0 la fili\u00e8re : \u00e9changes de bonnes pratiques, actions communes, r\u00e9seau\u2026 En tant que r\u00e9f\u00e9rent national, l\u2019association rassemble tous les 2 ans les entreprises et les professionnels du tourisme pour les Rencontres Nationales de la Visite d\u2019Entreprise. La prochaine \u00e9dition aura lieu 2022.<br><a rel=\"noreferrer noopener\" aria-label=\" En savoir plus  (s\u2019ouvre dans un nouvel onglet)\" href=\"https:\/\/www.entrepriseetdecouverte.fr\/espace-pro\/le-reseau\/\" target=\"_blank\"> En savoir plus <\/a><\/p>\n\n\n\n<p><strong>L\u2019accompagnement des entreprises et territoires&nbsp;<\/strong>qui veulent s\u2019engager sur le tourisme de savoir-faire \u00e0 travers des modules de formations, des audits et \u00e9tudes de faisabilit\u00e9 et l\u2019accompagnement de projets de mise en place de parcours de visite.<br><a href=\"https:\/\/www.entrepriseetdecouverte.fr\/espace-pro\/laccompagnement\/\" target=\"_blank\" rel=\"noreferrer noopener\" aria-label=\" En savoir plus  (s\u2019ouvre dans un nouvel onglet)\"> En savoir plus <\/a><\/p>\n\n\n\n<figure class=\"wp-block-embed-youtube wp-block-embed is-type-video is-provider-youtube wp-embed-aspect-16-9 wp-has-aspect-ratio\"><div class=\"wp-block-embed__wrapper\">\n<iframe loading=\"lazy\" title=\"Webinaire l Tourisme de savoir-faire &amp; Agroalimentaire : enjeux et t\u00e9moignages d&#039;entrepreneurs\" width=\"500\" height=\"281\" data-src=\"https:\/\/www.youtube.com\/embed\/O_cvIGlhCAs?feature=oembed\" frameborder=\"0\" allow=\"accelerometer; autoplay; clipboard-write; encrypted-media; gyroscope; picture-in-picture\" allowfullscreen><\/iframe>\n<\/div><\/figure>\n","protected":false},"excerpt":{"rendered":"<p>Entreprise et D\u00e9couverte a organis\u00e9 lundi 27 septembre un webinaire pour sensibiliser les entreprises du secteur agroalimentaire \u00e0 la visite d\u2019entreprise. D\u00e9couvrez le replay dans cet article. Pr\u00e8s de 2 000 entreprises ouvrent leurs portes au grand public durant toute l\u2019ann\u00e9e. Entreprise et D\u00e9couverte, l\u2019association nationale de la visite d\u2019entreprise qui d\u00e9veloppe et valorise la [&hellip;]<\/p>\n","protected":false},"author":1272,"featured_media":62083,"comment_status":"open","ping_status":"open","sticky":false,"template":"","format":"standard","meta":{"_relevanssi_hide_post":"","_relevanssi_pin_for_all":"","_relevanssi_pin_keywords":"","_relevanssi_unpin_keywords":"","_relevanssi_related_keywords":"","_relevanssi_related_include_ids":"","_relevanssi_related_exclude_ids":"","_relevanssi_related_no_append":"","_relevanssi_related_not_related":"","_relevanssi_related_posts":"","_relevanssi_noindex_reason":""},"categories":[21],"tags":[],"yoast_head":"<!-- This site is optimized with the Yoast SEO plugin v17.4 - https:\/\/yoast.com\/wordpress\/plugins\/seo\/ -->\n<meta name=\"description\" content=\"Entreprise et D\u00e9couverte a organis\u00e9 lundi 27 septembre un webinaire pour sensibiliser les entreprises du secteur agroalimentaire \u00e0 la visite d\u2019entreprise.\" \/>\n<meta name=\"robots\" content=\"index, follow, max-snippet:-1, max-image-preview:large, max-video-preview:-1\" \/>\n<link rel=\"canonical\" href=\"https:\/\/www.entrepriseetdecouverte.fr\/espace-pro\/2021\/09\/28\/replay-webinaire-visite-dentreprise-en-agroalimentaire-enjeux-et-temoignages-dentrepreneurs\/\" \/>\n<meta property=\"og:locale\" content=\"fr_FR\" \/>\n<meta property=\"og:type\" content=\"article\" \/>\n<meta property=\"og:title\" content=\"[REPLAY] Webinaire \u00ab Visite d&#039;entreprise en agroalimentaire : enjeux et t\u00e9moignages d\u2019entrepreneurs \u00bb - Espace Pro\" \/>\n<meta property=\"og:description\" content=\"Entreprise et D\u00e9couverte a organis\u00e9 lundi 27 septembre un webinaire pour sensibiliser les entreprises du secteur agroalimentaire \u00e0 la visite d\u2019entreprise.\" \/>\n<meta property=\"og:url\" content=\"https:\/\/www.entrepriseetdecouverte.fr\/espace-pro\/2021\/09\/28\/replay-webinaire-visite-dentreprise-en-agroalimentaire-enjeux-et-temoignages-dentrepreneurs\/\" \/>\n<meta property=\"og:site_name\" content=\"Espace Pro\" \/>\n<meta property=\"article:published_time\" content=\"2021-09-28T08:10:18+00:00\" \/>\n<meta property=\"article:modified_time\" content=\"2021-09-28T08:51:23+00:00\" \/>\n<meta property=\"og:image\" content=\"https:\/\/www.entrepriseetdecouverte.fr\/espace-pro\/wp-content\/uploads\/sites\/2\/2021\/04\/confiserie_hautes_vosges.2.jpg\" \/>\n\t<meta property=\"og:image:width\" content=\"2048\" \/>\n\t<meta property=\"og:image:height\" content=\"1363\" \/>\n<meta name=\"twitter:card\" content=\"summary_large_image\" \/>\n<meta name=\"twitter:label1\" content=\"\u00c9crit par\" \/>\n\t<meta name=\"twitter:data1\" content=\"Val\u00e9rie\" \/>\n\t<meta name=\"twitter:label2\" content=\"Dur\u00e9e de lecture estim\u00e9e\" \/>\n\t<meta name=\"twitter:data2\" content=\"2 minutes\" \/>\n<script type=\"application\/ld+json\" class=\"yoast-schema-graph\">{\"@context\":\"https:\/\/schema.org\",\"@graph\":[{\"@type\":\"WebSite\",\"@id\":\"https:\/\/www.entrepriseetdecouverte.fr\/espace-pro\/#website\",\"url\":\"https:\/\/www.entrepriseetdecouverte.fr\/espace-pro\/\",\"name\":\"Espace Pro\",\"description\":\"Un site utilisant Entreprise et D\\u00e9couverte Sites\",\"potentialAction\":[{\"@type\":\"SearchAction\",\"target\":{\"@type\":\"EntryPoint\",\"urlTemplate\":\"https:\/\/www.entrepriseetdecouverte.fr\/espace-pro\/?s={search_term_string}\"},\"query-input\":\"required name=search_term_string\"}],\"inLanguage\":\"fr-FR\"},{\"@type\":\"ImageObject\",\"@id\":\"https:\/\/www.entrepriseetdecouverte.fr\/espace-pro\/2021\/09\/28\/replay-webinaire-visite-dentreprise-en-agroalimentaire-enjeux-et-temoignages-dentrepreneurs\/#primaryimage\",\"inLanguage\":\"fr-FR\",\"url\":\"https:\/\/www.entrepriseetdecouverte.fr\/espace-pro\/wp-content\/uploads\/sites\/2\/2021\/04\/confiserie_hautes_vosges.2.jpg\",\"contentUrl\":\"https:\/\/www.entrepriseetdecouverte.fr\/espace-pro\/wp-content\/uploads\/sites\/2\/2021\/04\/confiserie_hautes_vosges.2.jpg\",\"width\":2048,\"height\":1363},{\"@type\":\"WebPage\",\"@id\":\"https:\/\/www.entrepriseetdecouverte.fr\/espace-pro\/2021\/09\/28\/replay-webinaire-visite-dentreprise-en-agroalimentaire-enjeux-et-temoignages-dentrepreneurs\/#webpage\",\"url\":\"https:\/\/www.entrepriseetdecouverte.fr\/espace-pro\/2021\/09\/28\/replay-webinaire-visite-dentreprise-en-agroalimentaire-enjeux-et-temoignages-dentrepreneurs\/\",\"name\":\"[REPLAY] Webinaire \\u00ab Visite d'entreprise en agroalimentaire : enjeux et t\\u00e9moignages d\\u2019entrepreneurs \\u00bb - Espace Pro\",\"isPartOf\":{\"@id\":\"https:\/\/www.entrepriseetdecouverte.fr\/espace-pro\/#website\"},\"primaryImageOfPage\":{\"@id\":\"https:\/\/www.entrepriseetdecouverte.fr\/espace-pro\/2021\/09\/28\/replay-webinaire-visite-dentreprise-en-agroalimentaire-enjeux-et-temoignages-dentrepreneurs\/#primaryimage\"},\"datePublished\":\"2021-09-28T08:10:18+00:00\",\"dateModified\":\"2021-09-28T08:51:23+00:00\",\"author\":{\"@id\":\"https:\/\/www.entrepriseetdecouverte.fr\/espace-pro\/#\/schema\/person\/afa54fb39faf3548b446e76b3df1cda9\"},\"description\":\"Entreprise et D\\u00e9couverte a organis\\u00e9 lundi 27 septembre un webinaire pour sensibiliser les entreprises du secteur agroalimentaire \\u00e0 la visite d\\u2019entreprise.\",\"breadcrumb\":{\"@id\":\"https:\/\/www.entrepriseetdecouverte.fr\/espace-pro\/2021\/09\/28\/replay-webinaire-visite-dentreprise-en-agroalimentaire-enjeux-et-temoignages-dentrepreneurs\/#breadcrumb\"},\"inLanguage\":\"fr-FR\",\"potentialAction\":[{\"@type\":\"ReadAction\",\"target\":[\"https:\/\/www.entrepriseetdecouverte.fr\/espace-pro\/2021\/09\/28\/replay-webinaire-visite-dentreprise-en-agroalimentaire-enjeux-et-temoignages-dentrepreneurs\/\"]}]},{\"@type\":\"BreadcrumbList\",\"@id\":\"https:\/\/www.entrepriseetdecouverte.fr\/espace-pro\/2021\/09\/28\/replay-webinaire-visite-dentreprise-en-agroalimentaire-enjeux-et-temoignages-dentrepreneurs\/#breadcrumb\",\"itemListElement\":[{\"@type\":\"ListItem\",\"position\":1,\"name\":\"Accueil\",\"item\":\"https:\/\/www.entrepriseetdecouverte.fr\/espace-pro\/\"},{\"@type\":\"ListItem\",\"position\":2,\"name\":\"[REPLAY] Webinaire \\u00ab Visite d&rsquo;entreprise en agroalimentaire : enjeux et t\\u00e9moignages d\\u2019entrepreneurs \\u00bb\"}]},{\"@type\":\"Person\",\"@id\":\"https:\/\/www.entrepriseetdecouverte.fr\/espace-pro\/#\/schema\/person\/afa54fb39faf3548b446e76b3df1cda9\",\"name\":\"Val\\u00e9rie\",\"image\":{\"@type\":\"ImageObject\",\"@id\":\"https:\/\/www.entrepriseetdecouverte.fr\/espace-pro\/#personlogo\",\"inLanguage\":\"fr-FR\",\"url\":\"https:\/\/www.entrepriseetdecouverte.fr\/espace-pro\/wp-content\/uploads\/sites\/2\/2022\/12\/2022-06-14-blh_6515-ed-la-felicita-photo-bruno-le-hir-de-fallois-96x96.jpg\",\"contentUrl\":\"https:\/\/www.entrepriseetdecouverte.fr\/espace-pro\/wp-content\/uploads\/sites\/2\/2022\/12\/2022-06-14-blh_6515-ed-la-felicita-photo-bruno-le-hir-de-fallois-96x96.jpg\",\"caption\":\"Val\\u00e9rie\"},\"url\":\"https:\/\/www.entrepriseetdecouverte.fr\/espace-pro\/author\/valerielefranc\/\"}]}<\/script>\n<!-- \/ Yoast SEO plugin. -->","yoast_head_json":{"description":"Entreprise et D\u00e9couverte a organis\u00e9 lundi 27 septembre un webinaire pour sensibiliser les entreprises du secteur agroalimentaire \u00e0 la visite d\u2019entreprise.","robots":{"index":"index","follow":"follow","max-snippet":"max-snippet:-1","max-image-preview":"max-image-preview:large","max-video-preview":"max-video-preview:-1"},"canonical":"https:\/\/www.entrepriseetdecouverte.fr\/espace-pro\/2021\/09\/28\/replay-webinaire-visite-dentreprise-en-agroalimentaire-enjeux-et-temoignages-dentrepreneurs\/","og_locale":"fr_FR","og_type":"article","og_title":"[REPLAY] Webinaire \u00ab Visite d'entreprise en agroalimentaire : enjeux et t\u00e9moignages d\u2019entrepreneurs \u00bb - Espace Pro","og_description":"Entreprise et D\u00e9couverte a organis\u00e9 lundi 27 septembre un webinaire pour sensibiliser les entreprises du secteur agroalimentaire \u00e0 la visite d\u2019entreprise.","og_url":"https:\/\/www.entrepriseetdecouverte.fr\/espace-pro\/2021\/09\/28\/replay-webinaire-visite-dentreprise-en-agroalimentaire-enjeux-et-temoignages-dentrepreneurs\/","og_site_name":"Espace Pro","article_published_time":"2021-09-28T08:10:18+00:00","article_modified_time":"2021-09-28T08:51:23+00:00","og_image":[{"width":2048,"height":1363,"url":"https:\/\/www.entrepriseetdecouverte.fr\/espace-pro\/wp-content\/uploads\/sites\/2\/2021\/04\/confiserie_hautes_vosges.2.jpg","type":"image\/jpeg"}],"twitter_card":"summary_large_image","twitter_misc":{"\u00c9crit par":"Val\u00e9rie","Dur\u00e9e de lecture estim\u00e9e":"2 minutes"},"schema":{"@context":"https:\/\/schema.org","@graph":[{"@type":"WebSite","@id":"https:\/\/www.entrepriseetdecouverte.fr\/espace-pro\/#website","url":"https:\/\/www.entrepriseetdecouverte.fr\/espace-pro\/","name":"Espace Pro","description":"Un site utilisant Entreprise et D\u00e9couverte Sites","potentialAction":[{"@type":"SearchAction","target":{"@type":"EntryPoint","urlTemplate":"https:\/\/www.entrepriseetdecouverte.fr\/espace-pro\/?s={search_term_string}"},"query-input":"required name=search_term_string"}],"inLanguage":"fr-FR"},{"@type":"ImageObject","@id":"https:\/\/www.entrepriseetdecouverte.fr\/espace-pro\/2021\/09\/28\/replay-webinaire-visite-dentreprise-en-agroalimentaire-enjeux-et-temoignages-dentrepreneurs\/#primaryimage","inLanguage":"fr-FR","url":"https:\/\/www.entrepriseetdecouverte.fr\/espace-pro\/wp-content\/uploads\/sites\/2\/2021\/04\/confiserie_hautes_vosges.2.jpg","contentUrl":"https:\/\/www.entrepriseetdecouverte.fr\/espace-pro\/wp-content\/uploads\/sites\/2\/2021\/04\/confiserie_hautes_vosges.2.jpg","width":2048,"height":1363},{"@type":"WebPage","@id":"https:\/\/www.entrepriseetdecouverte.fr\/espace-pro\/2021\/09\/28\/replay-webinaire-visite-dentreprise-en-agroalimentaire-enjeux-et-temoignages-dentrepreneurs\/#webpage","url":"https:\/\/www.entrepriseetdecouverte.fr\/espace-pro\/2021\/09\/28\/replay-webinaire-visite-dentreprise-en-agroalimentaire-enjeux-et-temoignages-dentrepreneurs\/","name":"[REPLAY] Webinaire \u00ab Visite d'entreprise en agroalimentaire : enjeux et t\u00e9moignages d\u2019entrepreneurs \u00bb - Espace Pro","isPartOf":{"@id":"https:\/\/www.entrepriseetdecouverte.fr\/espace-pro\/#website"},"primaryImageOfPage":{"@id":"https:\/\/www.entrepriseetdecouverte.fr\/espace-pro\/2021\/09\/28\/replay-webinaire-visite-dentreprise-en-agroalimentaire-enjeux-et-temoignages-dentrepreneurs\/#primaryimage"},"datePublished":"2021-09-28T08:10:18+00:00","dateModified":"2021-09-28T08:51:23+00:00","author":{"@id":"https:\/\/www.entrepriseetdecouverte.fr\/espace-pro\/#\/schema\/person\/afa54fb39faf3548b446e76b3df1cda9"},"description":"Entreprise et D\u00e9couverte a organis\u00e9 lundi 27 septembre un webinaire pour sensibiliser les entreprises du secteur agroalimentaire \u00e0 la visite d\u2019entreprise.","breadcrumb":{"@id":"https:\/\/www.entrepriseetdecouverte.fr\/espace-pro\/2021\/09\/28\/replay-webinaire-visite-dentreprise-en-agroalimentaire-enjeux-et-temoignages-dentrepreneurs\/#breadcrumb"},"inLanguage":"fr-FR","potentialAction":[{"@type":"ReadAction","target":["https:\/\/www.entrepriseetdecouverte.fr\/espace-pro\/2021\/09\/28\/replay-webinaire-visite-dentreprise-en-agroalimentaire-enjeux-et-temoignages-dentrepreneurs\/"]}]},{"@type":"BreadcrumbList","@id":"https:\/\/www.entrepriseetdecouverte.fr\/espace-pro\/2021\/09\/28\/replay-webinaire-visite-dentreprise-en-agroalimentaire-enjeux-et-temoignages-dentrepreneurs\/#breadcrumb","itemListElement":[{"@type":"ListItem","position":1,"name":"Accueil","item":"https:\/\/www.entrepriseetdecouverte.fr\/espace-pro\/"},{"@type":"ListItem","position":2,"name":"[REPLAY] Webinaire \u00ab Visite d&rsquo;entreprise en agroalimentaire : enjeux et t\u00e9moignages d\u2019entrepreneurs \u00bb"}]},{"@type":"Person","@id":"https:\/\/www.entrepriseetdecouverte.fr\/espace-pro\/#\/schema\/person\/afa54fb39faf3548b446e76b3df1cda9","name":"Val\u00e9rie","image":{"@type":"ImageObject","@id":"https:\/\/www.entrepriseetdecouverte.fr\/espace-pro\/#personlogo","inLanguage":"fr-FR","url":"https:\/\/www.entrepriseetdecouverte.fr\/espace-pro\/wp-content\/uploads\/sites\/2\/2022\/12\/2022-06-14-blh_6515-ed-la-felicita-photo-bruno-le-hir-de-fallois-96x96.jpg","contentUrl":"https:\/\/www.entrepriseetdecouverte.fr\/espace-pro\/wp-content\/uploads\/sites\/2\/2022\/12\/2022-06-14-blh_6515-ed-la-felicita-photo-bruno-le-hir-de-fallois-96x96.jpg","caption":"Val\u00e9rie"},"url":"https:\/\/www.entrepriseetdecouverte.fr\/espace-pro\/author\/valerielefranc\/"}]}},"_links":{"self":[{"href":"https:\/\/www.entrepriseetdecouverte.fr\/espace-pro\/wp-json\/wp\/v2\/posts\/62587"}],"collection":[{"href":"https:\/\/www.entrepriseetdecouverte.fr\/espace-pro\/wp-json\/wp\/v2\/posts"}],"about":[{"href":"https:\/\/www.entrepriseetdecouverte.fr\/espace-pro\/wp-json\/wp\/v2\/types\/post"}],"author":[{"embeddable":true,"href":"https:\/\/www.entrepriseetdecouverte.fr\/espace-pro\/wp-json\/wp\/v2\/users\/1272"}],"replies":[{"embeddable":true,"href":"https:\/\/www.entrepriseetdecouverte.fr\/espace-pro\/wp-json\/wp\/v2\/comments?post=62587"}],"version-history":[{"count":17,"href":"https:\/\/www.entrepriseetdecouverte.fr\/espace-pro\/wp-json\/wp\/v2\/posts\/62587\/revisions"}],"predecessor-version":[{"id":62617,"href":"https:\/\/www.entrepriseetdecouverte.fr\/espace-pro\/wp-json\/wp\/v2\/posts\/62587\/revisions\/62617"}],"wp:featuredmedia":[{"embeddable":true,"href":"https:\/\/www.entrepriseetdecouverte.fr\/espace-pro\/wp-json\/wp\/v2\/media\/62083"}],"wp:attachment":[{"href":"https:\/\/www.entrepriseetdecouverte.fr\/espace-pro\/wp-json\/wp\/v2\/media?parent=62587"}],"wp:term":[{"taxonomy":"category","embeddable":true,"href":"https:\/\/www.entrepriseetdecouverte.fr\/espace-pro\/wp-json\/wp\/v2\/categories?post=62587"},{"taxonomy":"post_tag","embeddable":true,"href":"https:\/\/www.entrepriseetdecouverte.fr\/espace-pro\/wp-json\/wp\/v2\/tags?post=62587"}],"curies":[{"name":"wp","href":"https:\/\/api.w.org\/{rel}","templated":true}]}}