{"id":62227,"date":"2021-04-29T09:14:00","date_gmt":"2021-04-29T07:14:00","guid":{"rendered":"https:\/\/www.entrepriseetdecouverte.fr\/espace-pro\/?p=62227"},"modified":"2021-05-12T10:44:10","modified_gmt":"2021-05-12T08:44:10","slug":"essonne-tourisme-et-entreprise-et-decouverte-sengagent-dans-un-nouveau-partenariat","status":"publish","type":"post","link":"https:\/\/www.entrepriseetdecouverte.fr\/espace-pro\/2021\/04\/29\/essonne-tourisme-et-entreprise-et-decouverte-sengagent-dans-un-nouveau-partenariat\/","title":{"rendered":"Essonne Tourisme et Entreprise et D\u00e9couverte s\u2019engagent dans un nouveau partenariat"},"content":{"rendered":"\n<p>Essonne Tourisme vous ouvre les\nportes des entreprises partenaires de son territoire<\/p>\n\n\n\n<h4><strong>Les missions d\u2019Essonne Tourisme<\/strong><\/h4>\n\n\n\n<p>Essonne Tourisme, comit\u00e9 d\u00e9partemental du tourisme, est une association loi 1901 charg\u00e9e de mettre en \u0153uvre la politique touristique d\u00e9partementale. <strong>Essonne Tourisme valorise l\u2019attractivit\u00e9 du territoire et d\u00e9veloppe l\u2019\u00e9conomie touristique<\/strong> en collaboration avec les professionnels, les collectivit\u00e9s, les structures institutionnelles et les services de l\u2019Etat.<\/p>\n\n\n\n<h4><strong>115 entreprises<\/strong> <strong>distingu\u00e9es pour leur savoir-faire<\/strong><\/h4>\n\n\n\n<p> Essonne Tourisme a lanc\u00e9 une charte de qualit\u00e9 \u00ab Made in Essonne \u00bb qui valorise les savoir-faire locaux. Les producteurs, artisans de l\u2019alimentaire et artisans d\u2019art qui adh\u00e8rent \u00e0 cette d\u00e9marche de qualit\u00e9 s\u2019engagent sur la provenance locale des produits, sur les techniques de fabrication et l\u2019accueil du public et des visiteurs. Certaines de ces entreprises ouvrent leurs portes aux touristes pour faire des d\u00e9monstrations de leurs savoir-faire, expliquer les techniques de fabrication, de confection&#8230; <\/p>\n\n\n\n<figure class=\"wp-block-image size-large\"><img loading=\"lazy\" width=\"799\" height=\"533\" data-src=\"https:\/\/www.entrepriseetdecouverte.fr\/espace-pro\/wp-content\/uploads\/sites\/2\/2021\/04\/51140993022_319d8019bf_c.jpg\" alt=\"\" class=\"wp-image-62235\" data-srcset=\"https:\/\/www.entrepriseetdecouverte.fr\/espace-pro\/wp-content\/uploads\/sites\/2\/2021\/04\/51140993022_319d8019bf_c.jpg 799w, https:\/\/www.entrepriseetdecouverte.fr\/espace-pro\/wp-content\/uploads\/sites\/2\/2021\/04\/51140993022_319d8019bf_c-600x400.jpg 600w, https:\/\/www.entrepriseetdecouverte.fr\/espace-pro\/wp-content\/uploads\/sites\/2\/2021\/04\/51140993022_319d8019bf_c-200x133.jpg 200w, https:\/\/www.entrepriseetdecouverte.fr\/espace-pro\/wp-content\/uploads\/sites\/2\/2021\/04\/51140993022_319d8019bf_c-90x60.jpg 90w\" sizes=\"(max-width: 799px) 100vw, 799px\" \/><figcaption>Cressonni\u00e8re<\/figcaption><\/figure>\n\n\n\n<h4><strong>Des\nentreprises uniques et des secteurs d\u2019activit\u00e9 vari\u00e9s<\/strong><\/h4>\n\n\n\n<p>Territoire riche et vari\u00e9, l\u2019Essonne b\u00e9n\u00e9ficie d\u2019une position uniquegr\u00e2ce \u00e0\nses axes majeurs de communication&nbsp; &nbsp;et\nattire de nombreuses entreprises de toutes tailles et dans des secteurs\nd\u2019activit\u00e9 aussi divers que&nbsp;: la science, la technologie, la logistique, le mara\u00eechage, l\u2019\u00e9levage, la culture c\u00e9r\u00e9ali\u00e8re, la\nconfiserie, l\u2019artisanat d\u2019art\u2026<\/p>\n\n\n\n<p>Essonne Tourisme et les offices du tourisme de l\u2019Essonne proposent des visites \u00e0 la journ\u00e9e, \u00e0 la demi-journ\u00e9e ou \u00e0 la carte et vous ouvrent les portes des entreprises, producteurs et artisans partenaires pour vous faire d\u00e9couvrir le meilleur du savoir-faire francilien&nbsp;!<\/p>\n\n\n\n<p><strong>Favoriser le tourisme de proximit\u00e9 et le diversifier<\/strong><\/p>\n\n\n\n<p>L\u2019\u00e9pid\u00e9mie de Covid-19 rebat les cartes touristiques depuis plus d\u2019un an. Essonne Tourisme propose de nouvelles pistes de d\u00e9veloppement \u00e0 ses partenaires offices de tourisme et acteurs \u00e9conomiques pour promouvoir leurs activit\u00e9s; et cela passe par une diversification.  <\/p>\n\n\n\n<p>Le tourisme de savoir-faire est un tourisme de sens et de valeurs qui r\u00e9pond \u00e0 tous les enjeux contemporains des entreprises et des territoires : engager une communication directe avec les publics, gagner la confiance des consommateurs, valoriser le made in France et la production locale, valoriser le travail des hommes et des femmes ainsi que les m\u00e9tiers porteurs, d\u00e9velopper une nouvelle offre de tourisme culturel l\u2019ensemble du territoire.  <\/p>\n\n\n\n<p>Ce partenariat entre nos deux structures permettra d\u2019accro\u00eetre l\u2019offre et la visibilit\u00e9 des visites d\u2019entreprises en Essonne. En lien avec <a rel=\"noreferrer noopener\" aria-label=\"l\u2019 (s\u2019ouvre dans un nouvel onglet)\" href=\"https:\/\/www.entrepriseetdecouverte.fr\/espace-pro\/wp-content\/uploads\/sites\/2\/2021\/04\/cp-aap-tsf_entreprise-et-decouverte_national_vf-1.pdf\" target=\"_blank\">l\u2019appel \u00e0 projet<\/a>&nbsp;, ce partenariat marque \u00e9galement la volont\u00e9 d\u2019Entreprise et D\u00e9couverte de travailler avec et dans les territoires, et de r\u00e9aliser, \u00e0 terme un diagnostic complet de la fili\u00e8re pour la d\u00e9velopper et la professionnaliser.<\/p>\n\n\n\n<figure class=\"wp-block-image size-large\"><img loading=\"lazy\" width=\"799\" height=\"533\" data-src=\"https:\/\/www.entrepriseetdecouverte.fr\/espace-pro\/wp-content\/uploads\/sites\/2\/2021\/04\/51141879228_1075869f7e_c.jpg\" alt=\"\" class=\"wp-image-62236\" data-srcset=\"https:\/\/www.entrepriseetdecouverte.fr\/espace-pro\/wp-content\/uploads\/sites\/2\/2021\/04\/51141879228_1075869f7e_c.jpg 799w, https:\/\/www.entrepriseetdecouverte.fr\/espace-pro\/wp-content\/uploads\/sites\/2\/2021\/04\/51141879228_1075869f7e_c-600x400.jpg 600w, https:\/\/www.entrepriseetdecouverte.fr\/espace-pro\/wp-content\/uploads\/sites\/2\/2021\/04\/51141879228_1075869f7e_c-200x133.jpg 200w, https:\/\/www.entrepriseetdecouverte.fr\/espace-pro\/wp-content\/uploads\/sites\/2\/2021\/04\/51141879228_1075869f7e_c-90x60.jpg 90w\" sizes=\"(max-width: 799px) 100vw, 799px\" \/><figcaption>Verrerie de Soisy<\/figcaption><\/figure>\n\n\n\n<p class=\"is-style-highlight\">Toute l\u2019offre touristique est disponible sur <a rel=\"noreferrer noopener\" aria-label=\"essonnetourisme.fr (s\u2019ouvre dans un nouvel onglet)\" href=\"https:\/\/www.essonnetourisme.com\" target=\"_blank\">essonnetourisme.fr<\/a>. <br>D\u00e9couvrez l&rsquo;offre de visite d&rsquo;entreprise sur le site de l\u2019association <a rel=\"noreferrer noopener\" aria-label=\"Entreprise et D\u00e9couverte (s\u2019ouvre dans un nouvel onglet)\" href=\"http:\/\/entrepriseetdecouverte.fr\" target=\"_blank\">Entreprise et D\u00e9couverte<\/a> <\/p>\n","protected":false},"excerpt":{"rendered":"<p>Essonne Tourisme vous ouvre les portes des entreprises partenaires de son territoire Les missions d\u2019Essonne Tourisme Essonne Tourisme, comit\u00e9 d\u00e9partemental du tourisme, est une association loi 1901 charg\u00e9e de mettre en \u0153uvre la politique touristique d\u00e9partementale. Essonne Tourisme valorise l\u2019attractivit\u00e9 du territoire et d\u00e9veloppe l\u2019\u00e9conomie touristique en collaboration avec les professionnels, les collectivit\u00e9s, les structures [&hellip;]<\/p>\n","protected":false},"author":122,"featured_media":62236,"comment_status":"open","ping_status":"open","sticky":false,"template":"","format":"standard","meta":{"_relevanssi_hide_post":"","_relevanssi_pin_for_all":"","_relevanssi_pin_keywords":"","_relevanssi_unpin_keywords":"","_relevanssi_related_keywords":"","_relevanssi_related_include_ids":"","_relevanssi_related_exclude_ids":"","_relevanssi_related_no_append":"","_relevanssi_related_not_related":"","_relevanssi_related_posts":"","_relevanssi_noindex_reason":""},"categories":[21],"tags":[],"yoast_head":"<!-- This site is optimized with the Yoast SEO plugin v17.4 - https:\/\/yoast.com\/wordpress\/plugins\/seo\/ -->\n<meta name=\"description\" content=\"Essonne Tourisme vous ouvre les portes des entreprises partenaires de son territoire Les missions d\u2019Essonne Tourisme Essonne Tourisme, comit\u00e9\" \/>\n<meta name=\"robots\" content=\"index, follow, max-snippet:-1, max-image-preview:large, max-video-preview:-1\" \/>\n<link rel=\"canonical\" href=\"https:\/\/www.entrepriseetdecouverte.fr\/espace-pro\/2021\/04\/29\/essonne-tourisme-et-entreprise-et-decouverte-sengagent-dans-un-nouveau-partenariat\/\" \/>\n<meta property=\"og:locale\" content=\"fr_FR\" \/>\n<meta property=\"og:type\" content=\"article\" \/>\n<meta property=\"og:title\" content=\"Essonne Tourisme et Entreprise et D\u00e9couverte s\u2019engagent dans un nouveau partenariat - Espace Pro\" \/>\n<meta property=\"og:description\" content=\"Essonne Tourisme vous ouvre les portes des entreprises partenaires de son territoire Les missions d\u2019Essonne Tourisme Essonne Tourisme, comit\u00e9\" \/>\n<meta property=\"og:url\" content=\"https:\/\/www.entrepriseetdecouverte.fr\/espace-pro\/2021\/04\/29\/essonne-tourisme-et-entreprise-et-decouverte-sengagent-dans-un-nouveau-partenariat\/\" \/>\n<meta property=\"og:site_name\" content=\"Espace Pro\" \/>\n<meta property=\"article:published_time\" content=\"2021-04-29T07:14:00+00:00\" \/>\n<meta property=\"article:modified_time\" content=\"2021-05-12T08:44:10+00:00\" \/>\n<meta property=\"og:image\" content=\"https:\/\/www.entrepriseetdecouverte.fr\/espace-pro\/wp-content\/uploads\/sites\/2\/2021\/04\/51141879228_1075869f7e_c.jpg\" \/>\n\t<meta property=\"og:image:width\" content=\"799\" \/>\n\t<meta property=\"og:image:height\" content=\"533\" \/>\n<meta name=\"twitter:card\" content=\"summary_large_image\" \/>\n<meta name=\"twitter:label1\" content=\"\u00c9crit par\" \/>\n\t<meta name=\"twitter:data1\" content=\"Ludivine\" \/>\n\t<meta name=\"twitter:label2\" content=\"Dur\u00e9e de lecture estim\u00e9e\" \/>\n\t<meta name=\"twitter:data2\" content=\"2 minutes\" \/>\n<script type=\"application\/ld+json\" class=\"yoast-schema-graph\">{\"@context\":\"https:\/\/schema.org\",\"@graph\":[{\"@type\":\"WebSite\",\"@id\":\"https:\/\/www.entrepriseetdecouverte.fr\/espace-pro\/#website\",\"url\":\"https:\/\/www.entrepriseetdecouverte.fr\/espace-pro\/\",\"name\":\"Espace Pro\",\"description\":\"Un site utilisant Entreprise et D\\u00e9couverte Sites\",\"potentialAction\":[{\"@type\":\"SearchAction\",\"target\":{\"@type\":\"EntryPoint\",\"urlTemplate\":\"https:\/\/www.entrepriseetdecouverte.fr\/espace-pro\/?s={search_term_string}\"},\"query-input\":\"required name=search_term_string\"}],\"inLanguage\":\"fr-FR\"},{\"@type\":\"ImageObject\",\"@id\":\"https:\/\/www.entrepriseetdecouverte.fr\/espace-pro\/2021\/04\/29\/essonne-tourisme-et-entreprise-et-decouverte-sengagent-dans-un-nouveau-partenariat\/#primaryimage\",\"inLanguage\":\"fr-FR\",\"url\":\"https:\/\/www.entrepriseetdecouverte.fr\/espace-pro\/wp-content\/uploads\/sites\/2\/2021\/04\/51141879228_1075869f7e_c.jpg\",\"contentUrl\":\"https:\/\/www.entrepriseetdecouverte.fr\/espace-pro\/wp-content\/uploads\/sites\/2\/2021\/04\/51141879228_1075869f7e_c.jpg\",\"width\":799,\"height\":533},{\"@type\":\"WebPage\",\"@id\":\"https:\/\/www.entrepriseetdecouverte.fr\/espace-pro\/2021\/04\/29\/essonne-tourisme-et-entreprise-et-decouverte-sengagent-dans-un-nouveau-partenariat\/#webpage\",\"url\":\"https:\/\/www.entrepriseetdecouverte.fr\/espace-pro\/2021\/04\/29\/essonne-tourisme-et-entreprise-et-decouverte-sengagent-dans-un-nouveau-partenariat\/\",\"name\":\"Essonne Tourisme et Entreprise et D\\u00e9couverte s\\u2019engagent dans un nouveau partenariat - Espace Pro\",\"isPartOf\":{\"@id\":\"https:\/\/www.entrepriseetdecouverte.fr\/espace-pro\/#website\"},\"primaryImageOfPage\":{\"@id\":\"https:\/\/www.entrepriseetdecouverte.fr\/espace-pro\/2021\/04\/29\/essonne-tourisme-et-entreprise-et-decouverte-sengagent-dans-un-nouveau-partenariat\/#primaryimage\"},\"datePublished\":\"2021-04-29T07:14:00+00:00\",\"dateModified\":\"2021-05-12T08:44:10+00:00\",\"author\":{\"@id\":\"https:\/\/www.entrepriseetdecouverte.fr\/espace-pro\/#\/schema\/person\/f33ac81d66ff3675b54b5ad7f6dae19a\"},\"description\":\"Essonne Tourisme vous ouvre les portes des entreprises partenaires de son territoire Les missions d\\u2019Essonne Tourisme Essonne Tourisme, comit\\u00e9\",\"breadcrumb\":{\"@id\":\"https:\/\/www.entrepriseetdecouverte.fr\/espace-pro\/2021\/04\/29\/essonne-tourisme-et-entreprise-et-decouverte-sengagent-dans-un-nouveau-partenariat\/#breadcrumb\"},\"inLanguage\":\"fr-FR\",\"potentialAction\":[{\"@type\":\"ReadAction\",\"target\":[\"https:\/\/www.entrepriseetdecouverte.fr\/espace-pro\/2021\/04\/29\/essonne-tourisme-et-entreprise-et-decouverte-sengagent-dans-un-nouveau-partenariat\/\"]}]},{\"@type\":\"BreadcrumbList\",\"@id\":\"https:\/\/www.entrepriseetdecouverte.fr\/espace-pro\/2021\/04\/29\/essonne-tourisme-et-entreprise-et-decouverte-sengagent-dans-un-nouveau-partenariat\/#breadcrumb\",\"itemListElement\":[{\"@type\":\"ListItem\",\"position\":1,\"name\":\"Accueil\",\"item\":\"https:\/\/www.entrepriseetdecouverte.fr\/espace-pro\/\"},{\"@type\":\"ListItem\",\"position\":2,\"name\":\"Essonne Tourisme et Entreprise et D\\u00e9couverte s\\u2019engagent dans un nouveau partenariat\"}]},{\"@type\":\"Person\",\"@id\":\"https:\/\/www.entrepriseetdecouverte.fr\/espace-pro\/#\/schema\/person\/f33ac81d66ff3675b54b5ad7f6dae19a\",\"name\":\"Ludivine\",\"image\":{\"@type\":\"ImageObject\",\"@id\":\"https:\/\/www.entrepriseetdecouverte.fr\/espace-pro\/#personlogo\",\"inLanguage\":\"fr-FR\",\"url\":\"https:\/\/secure.gravatar.com\/avatar\/6856733cf258601ade7835b68a9f043c?s=96&d=mm&r=g\",\"contentUrl\":\"https:\/\/secure.gravatar.com\/avatar\/6856733cf258601ade7835b68a9f043c?s=96&d=mm&r=g\",\"caption\":\"Ludivine\"},\"url\":\"https:\/\/www.entrepriseetdecouverte.fr\/espace-pro\/author\/ludivine\/\"}]}<\/script>\n<!-- \/ Yoast SEO plugin. -->","yoast_head_json":{"description":"Essonne Tourisme vous ouvre les portes des entreprises partenaires de son territoire Les missions d\u2019Essonne Tourisme Essonne Tourisme, comit\u00e9","robots":{"index":"index","follow":"follow","max-snippet":"max-snippet:-1","max-image-preview":"max-image-preview:large","max-video-preview":"max-video-preview:-1"},"canonical":"https:\/\/www.entrepriseetdecouverte.fr\/espace-pro\/2021\/04\/29\/essonne-tourisme-et-entreprise-et-decouverte-sengagent-dans-un-nouveau-partenariat\/","og_locale":"fr_FR","og_type":"article","og_title":"Essonne Tourisme et Entreprise et D\u00e9couverte s\u2019engagent dans un nouveau partenariat - Espace Pro","og_description":"Essonne Tourisme vous ouvre les portes des entreprises partenaires de son territoire Les missions d\u2019Essonne Tourisme Essonne Tourisme, comit\u00e9","og_url":"https:\/\/www.entrepriseetdecouverte.fr\/espace-pro\/2021\/04\/29\/essonne-tourisme-et-entreprise-et-decouverte-sengagent-dans-un-nouveau-partenariat\/","og_site_name":"Espace Pro","article_published_time":"2021-04-29T07:14:00+00:00","article_modified_time":"2021-05-12T08:44:10+00:00","og_image":[{"width":799,"height":533,"url":"https:\/\/www.entrepriseetdecouverte.fr\/espace-pro\/wp-content\/uploads\/sites\/2\/2021\/04\/51141879228_1075869f7e_c.jpg","type":"image\/jpeg"}],"twitter_card":"summary_large_image","twitter_misc":{"\u00c9crit par":"Ludivine","Dur\u00e9e de lecture estim\u00e9e":"2 minutes"},"schema":{"@context":"https:\/\/schema.org","@graph":[{"@type":"WebSite","@id":"https:\/\/www.entrepriseetdecouverte.fr\/espace-pro\/#website","url":"https:\/\/www.entrepriseetdecouverte.fr\/espace-pro\/","name":"Espace Pro","description":"Un site utilisant Entreprise et D\u00e9couverte Sites","potentialAction":[{"@type":"SearchAction","target":{"@type":"EntryPoint","urlTemplate":"https:\/\/www.entrepriseetdecouverte.fr\/espace-pro\/?s={search_term_string}"},"query-input":"required name=search_term_string"}],"inLanguage":"fr-FR"},{"@type":"ImageObject","@id":"https:\/\/www.entrepriseetdecouverte.fr\/espace-pro\/2021\/04\/29\/essonne-tourisme-et-entreprise-et-decouverte-sengagent-dans-un-nouveau-partenariat\/#primaryimage","inLanguage":"fr-FR","url":"https:\/\/www.entrepriseetdecouverte.fr\/espace-pro\/wp-content\/uploads\/sites\/2\/2021\/04\/51141879228_1075869f7e_c.jpg","contentUrl":"https:\/\/www.entrepriseetdecouverte.fr\/espace-pro\/wp-content\/uploads\/sites\/2\/2021\/04\/51141879228_1075869f7e_c.jpg","width":799,"height":533},{"@type":"WebPage","@id":"https:\/\/www.entrepriseetdecouverte.fr\/espace-pro\/2021\/04\/29\/essonne-tourisme-et-entreprise-et-decouverte-sengagent-dans-un-nouveau-partenariat\/#webpage","url":"https:\/\/www.entrepriseetdecouverte.fr\/espace-pro\/2021\/04\/29\/essonne-tourisme-et-entreprise-et-decouverte-sengagent-dans-un-nouveau-partenariat\/","name":"Essonne Tourisme et Entreprise et D\u00e9couverte s\u2019engagent dans un nouveau partenariat - Espace Pro","isPartOf":{"@id":"https:\/\/www.entrepriseetdecouverte.fr\/espace-pro\/#website"},"primaryImageOfPage":{"@id":"https:\/\/www.entrepriseetdecouverte.fr\/espace-pro\/2021\/04\/29\/essonne-tourisme-et-entreprise-et-decouverte-sengagent-dans-un-nouveau-partenariat\/#primaryimage"},"datePublished":"2021-04-29T07:14:00+00:00","dateModified":"2021-05-12T08:44:10+00:00","author":{"@id":"https:\/\/www.entrepriseetdecouverte.fr\/espace-pro\/#\/schema\/person\/f33ac81d66ff3675b54b5ad7f6dae19a"},"description":"Essonne Tourisme vous ouvre les portes des entreprises partenaires de son territoire Les missions d\u2019Essonne Tourisme Essonne Tourisme, comit\u00e9","breadcrumb":{"@id":"https:\/\/www.entrepriseetdecouverte.fr\/espace-pro\/2021\/04\/29\/essonne-tourisme-et-entreprise-et-decouverte-sengagent-dans-un-nouveau-partenariat\/#breadcrumb"},"inLanguage":"fr-FR","potentialAction":[{"@type":"ReadAction","target":["https:\/\/www.entrepriseetdecouverte.fr\/espace-pro\/2021\/04\/29\/essonne-tourisme-et-entreprise-et-decouverte-sengagent-dans-un-nouveau-partenariat\/"]}]},{"@type":"BreadcrumbList","@id":"https:\/\/www.entrepriseetdecouverte.fr\/espace-pro\/2021\/04\/29\/essonne-tourisme-et-entreprise-et-decouverte-sengagent-dans-un-nouveau-partenariat\/#breadcrumb","itemListElement":[{"@type":"ListItem","position":1,"name":"Accueil","item":"https:\/\/www.entrepriseetdecouverte.fr\/espace-pro\/"},{"@type":"ListItem","position":2,"name":"Essonne Tourisme et Entreprise et D\u00e9couverte s\u2019engagent dans un nouveau partenariat"}]},{"@type":"Person","@id":"https:\/\/www.entrepriseetdecouverte.fr\/espace-pro\/#\/schema\/person\/f33ac81d66ff3675b54b5ad7f6dae19a","name":"Ludivine","image":{"@type":"ImageObject","@id":"https:\/\/www.entrepriseetdecouverte.fr\/espace-pro\/#personlogo","inLanguage":"fr-FR","url":"https:\/\/secure.gravatar.com\/avatar\/6856733cf258601ade7835b68a9f043c?s=96&d=mm&r=g","contentUrl":"https:\/\/secure.gravatar.com\/avatar\/6856733cf258601ade7835b68a9f043c?s=96&d=mm&r=g","caption":"Ludivine"},"url":"https:\/\/www.entrepriseetdecouverte.fr\/espace-pro\/author\/ludivine\/"}]}},"_links":{"self":[{"href":"https:\/\/www.entrepriseetdecouverte.fr\/espace-pro\/wp-json\/wp\/v2\/posts\/62227"}],"collection":[{"href":"https:\/\/www.entrepriseetdecouverte.fr\/espace-pro\/wp-json\/wp\/v2\/posts"}],"about":[{"href":"https:\/\/www.entrepriseetdecouverte.fr\/espace-pro\/wp-json\/wp\/v2\/types\/post"}],"author":[{"embeddable":true,"href":"https:\/\/www.entrepriseetdecouverte.fr\/espace-pro\/wp-json\/wp\/v2\/users\/122"}],"replies":[{"embeddable":true,"href":"https:\/\/www.entrepriseetdecouverte.fr\/espace-pro\/wp-json\/wp\/v2\/comments?post=62227"}],"version-history":[{"count":10,"href":"https:\/\/www.entrepriseetdecouverte.fr\/espace-pro\/wp-json\/wp\/v2\/posts\/62227\/revisions"}],"predecessor-version":[{"id":62242,"href":"https:\/\/www.entrepriseetdecouverte.fr\/espace-pro\/wp-json\/wp\/v2\/posts\/62227\/revisions\/62242"}],"wp:featuredmedia":[{"embeddable":true,"href":"https:\/\/www.entrepriseetdecouverte.fr\/espace-pro\/wp-json\/wp\/v2\/media\/62236"}],"wp:attachment":[{"href":"https:\/\/www.entrepriseetdecouverte.fr\/espace-pro\/wp-json\/wp\/v2\/media?parent=62227"}],"wp:term":[{"taxonomy":"category","embeddable":true,"href":"https:\/\/www.entrepriseetdecouverte.fr\/espace-pro\/wp-json\/wp\/v2\/categories?post=62227"},{"taxonomy":"post_tag","embeddable":true,"href":"https:\/\/www.entrepriseetdecouverte.fr\/espace-pro\/wp-json\/wp\/v2\/tags?post=62227"}],"curies":[{"name":"wp","href":"https:\/\/api.w.org\/{rel}","templated":true}]}}